{"id":6252,"date":"2026-04-29T00:36:08","date_gmt":"2026-04-28T22:36:08","guid":{"rendered":"https:\/\/embangola.pl\/?p=6252"},"modified":"2026-04-29T00:42:30","modified_gmt":"2026-04-28T22:42:30","slug":"angola-e-lituania-realizam-consultas-politicas-focadas-na-cooperacao-bilateral","status":"publish","type":"post","link":"https:\/\/embangola.pl\/?p=6252","title":{"rendered":"Angola e Litu\u00e2nia realizam consultas pol\u00edticas focadas na coopera\u00e7\u00e3o bilateral"},"content":{"rendered":"\n<p><strong>Angola e a Litu\u00e2nia realizaram, hoje, consultas pol\u00edticas focadas na coopera\u00e7\u00e3o entre ambos.<\/strong><\/p>\n\n\n\n<figure class=\"wp-block-image aligncenter size-large is-resized\"><img loading=\"lazy\" decoding=\"async\" width=\"1024\" height=\"682\" src=\"https:\/\/embangola.pl\/wp-content\/uploads\/2026\/04\/WhatsApp-Image-2026-04-28-at-21.27.37-1-1024x682.jpeg\" alt=\"\" class=\"wp-image-6248\" style=\"aspect-ratio:1.5015121660633277;width:1193px;height:auto\" srcset=\"https:\/\/embangola.pl\/wp-content\/uploads\/2026\/04\/WhatsApp-Image-2026-04-28-at-21.27.37-1-1024x682.jpeg 1024w, https:\/\/embangola.pl\/wp-content\/uploads\/2026\/04\/WhatsApp-Image-2026-04-28-at-21.27.37-1-300x200.jpeg 300w, https:\/\/embangola.pl\/wp-content\/uploads\/2026\/04\/WhatsApp-Image-2026-04-28-at-21.27.37-1-768x512.jpeg 768w, https:\/\/embangola.pl\/wp-content\/uploads\/2026\/04\/WhatsApp-Image-2026-04-28-at-21.27.37-1-1536x1023.jpeg 1536w, https:\/\/embangola.pl\/wp-content\/uploads\/2026\/04\/WhatsApp-Image-2026-04-28-at-21.27.37-1-600x400.jpeg 600w, https:\/\/embangola.pl\/wp-content\/uploads\/2026\/04\/WhatsApp-Image-2026-04-28-at-21.27.37-1-1200x800.jpeg 1200w, https:\/\/embangola.pl\/wp-content\/uploads\/2026\/04\/WhatsApp-Image-2026-04-28-at-21.27.37-1-1500x999.jpeg 1500w, https:\/\/embangola.pl\/wp-content\/uploads\/2026\/04\/WhatsApp-Image-2026-04-28-at-21.27.37-1.jpeg 1600w\" sizes=\"auto, (max-width: 1024px) 100vw, 1024px\" \/><\/figure>\n\n\n\n<div class=\"wp-block-columns is-layout-flex wp-container-core-columns-is-layout-28f84493 wp-block-columns-is-layout-flex\">\n<div class=\"wp-block-column is-layout-flow wp-block-column-is-layout-flow\">\n<p>A delega\u00e7\u00e3o angolana foi chefiada pela secretaria de Estado, Esmeralda Mendon\u00e7a, enquanto a parte lituana foi representada pelo vice-ministro dos Neg\u00f3cios Estrangeiros daquele pa\u00eds, Vidmantas Verbickas.<\/p>\n\n\n\n<p>Al\u00e9m disso, ambas as delega\u00e7\u00f5es passaram em revista o actual estado das rela\u00e7\u00f5es de amizade e de coopera\u00e7\u00e3o entre os pa\u00edses e manifestaram o interesse de incrementar os la\u00e7os nos dom\u00ednios da Forma\u00e7\u00e3o de Quadros, Governa\u00e7\u00e3o Digital, Inova\u00e7\u00e3o, Ensino Superior, Turismo, Energia, Agricultura, entre outros.<\/p>\n\n\n\n<figure class=\"wp-block-image aligncenter size-large is-resized\"><img loading=\"lazy\" decoding=\"async\" width=\"1024\" height=\"682\" src=\"https:\/\/embangola.pl\/wp-content\/uploads\/2026\/04\/WhatsApp-Image-2026-04-28-at-21.27.38-1024x682.jpeg\" alt=\"\" class=\"wp-image-6246\" style=\"aspect-ratio:1.5015121660633277;width:1189px;height:auto\" srcset=\"https:\/\/embangola.pl\/wp-content\/uploads\/2026\/04\/WhatsApp-Image-2026-04-28-at-21.27.38-1024x682.jpeg 1024w, https:\/\/embangola.pl\/wp-content\/uploads\/2026\/04\/WhatsApp-Image-2026-04-28-at-21.27.38-300x200.jpeg 300w, https:\/\/embangola.pl\/wp-content\/uploads\/2026\/04\/WhatsApp-Image-2026-04-28-at-21.27.38-768x512.jpeg 768w, https:\/\/embangola.pl\/wp-content\/uploads\/2026\/04\/WhatsApp-Image-2026-04-28-at-21.27.38-1536x1023.jpeg 1536w, https:\/\/embangola.pl\/wp-content\/uploads\/2026\/04\/WhatsApp-Image-2026-04-28-at-21.27.38-600x400.jpeg 600w, https:\/\/embangola.pl\/wp-content\/uploads\/2026\/04\/WhatsApp-Image-2026-04-28-at-21.27.38-1200x800.jpeg 1200w, https:\/\/embangola.pl\/wp-content\/uploads\/2026\/04\/WhatsApp-Image-2026-04-28-at-21.27.38-1500x999.jpeg 1500w, https:\/\/embangola.pl\/wp-content\/uploads\/2026\/04\/WhatsApp-Image-2026-04-28-at-21.27.38.jpeg 1600w\" sizes=\"auto, (max-width: 1024px) 100vw, 1024px\" \/><\/figure>\n<\/div>\n<\/div>\n\n\n\n<p><\/p>\n\n\n\n<p>Analisaram tamb\u00e9m a din\u00e2mica regional e internacional, marcada por in\u00fameras situa\u00e7\u00f5es de conflito, tendo sido real\u00e7ado o papel do Presidente Jo\u00e3o Louren\u00e7o, em prol do alcance da paz e estabilidade em \u00c1frica, a din\u00e2mica implementada pela Presid\u00eancia Angolana da Uni\u00e3o Africana em 2025, bem como quest\u00f5es relacionadas com a situa\u00e7\u00e3o securit\u00e1ria na Europa e no M\u00e9dio Oriente.<\/p>\n\n\n\n<div class=\"wp-block-columns is-layout-flex wp-container-core-columns-is-layout-28f84493 wp-block-columns-is-layout-flex\">\n<div class=\"wp-block-column is-layout-flow wp-block-column-is-layout-flow\">\n<figure class=\"wp-block-image size-large is-resized\"><img loading=\"lazy\" decoding=\"async\" width=\"1024\" height=\"682\" src=\"https:\/\/embangola.pl\/wp-content\/uploads\/2026\/04\/WhatsApp-Image-2026-04-28-at-21.27.37-1024x682.jpeg\" alt=\"\" class=\"wp-image-6249\" style=\"aspect-ratio:1.5015121660633277;width:1197px;height:auto\" srcset=\"https:\/\/embangola.pl\/wp-content\/uploads\/2026\/04\/WhatsApp-Image-2026-04-28-at-21.27.37-1024x682.jpeg 1024w, https:\/\/embangola.pl\/wp-content\/uploads\/2026\/04\/WhatsApp-Image-2026-04-28-at-21.27.37-300x200.jpeg 300w, https:\/\/embangola.pl\/wp-content\/uploads\/2026\/04\/WhatsApp-Image-2026-04-28-at-21.27.37-768x512.jpeg 768w, https:\/\/embangola.pl\/wp-content\/uploads\/2026\/04\/WhatsApp-Image-2026-04-28-at-21.27.37-1536x1023.jpeg 1536w, https:\/\/embangola.pl\/wp-content\/uploads\/2026\/04\/WhatsApp-Image-2026-04-28-at-21.27.37-600x400.jpeg 600w, https:\/\/embangola.pl\/wp-content\/uploads\/2026\/04\/WhatsApp-Image-2026-04-28-at-21.27.37-1200x800.jpeg 1200w, https:\/\/embangola.pl\/wp-content\/uploads\/2026\/04\/WhatsApp-Image-2026-04-28-at-21.27.37-1500x999.jpeg 1500w, https:\/\/embangola.pl\/wp-content\/uploads\/2026\/04\/WhatsApp-Image-2026-04-28-at-21.27.37.jpeg 1600w\" sizes=\"auto, (max-width: 1024px) 100vw, 1024px\" \/><\/figure>\n<\/div>\n<\/div>\n\n\n\n<div class=\"wp-block-columns is-layout-flex wp-container-core-columns-is-layout-28f84493 wp-block-columns-is-layout-flex\">\n<div class=\"wp-block-column is-layout-flow wp-block-column-is-layout-flow\">\n<p><\/p>\n<\/div>\n<\/div>\n\n\n\n<p>Na ocasi\u00e3o, a delega\u00e7\u00e3o nacional manteve, igualmente, um encontro com o vice-reitor da Universidade de Vilnius, o Arturas Vasiliauskas, que manifestou o interesse de ver quadros angolanos a serem formados naquela Institui\u00e7\u00e3o nos mais variados dom\u00ednios da ci\u00eancia, tendo destacado as \u00e1reas da Sa\u00fade, Qu\u00edmica, Engenharia, Tecnologia como de grande valia para o fomento da coopera\u00e7\u00e3o que se quer mais alargada.<\/p>\n\n\n\n<p>A comitiva angolana foi integrada, ainda, pela embaixadora Maria Cuandina Tchilepa de Carvalho, directora da Dire\u00e7\u00e3o Europa, bem como pelo embaixador Manuel Pedro Chaves, embaixador Extraordin\u00e1rio e Plenipotenci\u00e1rio da Rep\u00fablica de Angola na Rep\u00fablica de Pol\u00f3nia, Estados B\u00e1lticos e Ucr\u00e2nia.<\/p>\n\n\n\n<p>Os dois pa\u00edses estabeleceram as rela\u00e7\u00f5es pol\u00edtico-diplom\u00e1ticas aos 4 de Junho de 2002, e desde ent\u00e3o, al\u00e9m da troca de apoio \u00e0s candidaturas no sistema multilateral, pretendem continuar a incrementar as rela\u00e7\u00f5es econ\u00f3micas e comerciais entre si, cujo volume de trocas consideram ainda irris\u00f3rio.<\/p>\n\n\n\n<p><\/p>\n","protected":false},"excerpt":{"rendered":"<p>Angola e a Litu\u00e2nia realizaram, hoje, consultas pol\u00edticas focadas na coopera\u00e7\u00e3o entre ambos. A delega\u00e7\u00e3o angolana foi chefiada pela secretaria de Estado, Esmeralda Mendon\u00e7a, enquanto a parte lituana foi representada pelo vice-ministro dos Neg\u00f3cios Estrangeiros daquele pa\u00eds, Vidmantas Verbickas. Al\u00e9m disso, ambas as delega\u00e7\u00f5es passaram em revista o actual estado das rela\u00e7\u00f5es de amizade e [&hellip;]<\/p>\n","protected":false},"author":1,"featured_media":6246,"comment_status":"open","ping_status":"open","sticky":false,"template":"","format":"standard","meta":{"inline_featured_image":false,"footnotes":""},"categories":[40],"tags":[],"class_list":["post-6252","post","type-post","status-publish","format-standard","has-post-thumbnail","hentry","category-actualidade"],"acf":[],"yoast_head":"<!-- This site is optimized with the Yoast SEO plugin v19.6.1 - https:\/\/yoast.com\/wordpress\/plugins\/seo\/ -->\n<title>Angola e Litu\u00e2nia realizam consultas pol\u00edticas focadas na coopera\u00e7\u00e3o bilateral - Embaixada da Rep\u00fablica de Angola na Pol\u00f3nia, Let\u00f3nia, Est\u00f3nia e Litu\u00e2nia<\/title>\n<meta name=\"robots\" content=\"index, follow, max-snippet:-1, max-image-preview:large, max-video-preview:-1\" \/>\n<link rel=\"canonical\" href=\"https:\/\/embangola.pl\/?p=6252\" \/>\n<meta property=\"og:locale\" content=\"pl_PL\" \/>\n<meta property=\"og:type\" content=\"article\" \/>\n<meta property=\"og:title\" content=\"Angola e Litu\u00e2nia realizam consultas pol\u00edticas focadas na coopera\u00e7\u00e3o bilateral - Embaixada da Rep\u00fablica de Angola na Pol\u00f3nia, Let\u00f3nia, Est\u00f3nia e Litu\u00e2nia\" \/>\n<meta property=\"og:description\" content=\"Angola e a Litu\u00e2nia realizaram, hoje, consultas pol\u00edticas focadas na coopera\u00e7\u00e3o entre ambos. A delega\u00e7\u00e3o angolana foi chefiada pela secretaria de Estado, Esmeralda Mendon\u00e7a, enquanto a parte lituana foi representada pelo vice-ministro dos Neg\u00f3cios Estrangeiros daquele pa\u00eds, Vidmantas Verbickas. Al\u00e9m disso, ambas as delega\u00e7\u00f5es passaram em revista o actual estado das rela\u00e7\u00f5es de amizade e [&hellip;]\" \/>\n<meta property=\"og:url\" content=\"https:\/\/embangola.pl\/?p=6252\" \/>\n<meta property=\"og:site_name\" content=\"Embaixada da Rep\u00fablica de Angola na Pol\u00f3nia, Let\u00f3nia, Est\u00f3nia e Litu\u00e2nia\" \/>\n<meta property=\"article:published_time\" content=\"2026-04-28T22:36:08+00:00\" \/>\n<meta property=\"article:modified_time\" content=\"2026-04-28T22:42:30+00:00\" \/>\n<meta property=\"og:image\" content=\"https:\/\/embangola.pl\/wp-content\/uploads\/2026\/04\/WhatsApp-Image-2026-04-28-at-21.27.38.jpeg\" \/>\n\t<meta property=\"og:image:width\" content=\"1600\" \/>\n\t<meta property=\"og:image:height\" content=\"1066\" \/>\n\t<meta property=\"og:image:type\" content=\"image\/jpeg\" \/>\n<meta name=\"author\" content=\"manuka\" \/>\n<meta name=\"twitter:card\" content=\"summary_large_image\" \/>\n<meta name=\"twitter:label1\" content=\"Napisane przez\" \/>\n\t<meta name=\"twitter:data1\" content=\"manuka\" \/>\n\t<meta name=\"twitter:label2\" content=\"Szacowany czas czytania\" \/>\n\t<meta name=\"twitter:data2\" content=\"3 minuty\" \/>\n<script type=\"application\/ld+json\" class=\"yoast-schema-graph\">{\"@context\":\"https:\/\/schema.org\",\"@graph\":[{\"@type\":\"WebPage\",\"@id\":\"https:\/\/embangola.pl\/?p=6252\",\"url\":\"https:\/\/embangola.pl\/?p=6252\",\"name\":\"Angola e Litu\u00e2nia realizam consultas pol\u00edticas focadas na coopera\u00e7\u00e3o bilateral - Embaixada da Rep\u00fablica de Angola na Pol\u00f3nia, Let\u00f3nia, Est\u00f3nia e Litu\u00e2nia\",\"isPartOf\":{\"@id\":\"https:\/\/embangola.pl\/#website\"},\"datePublished\":\"2026-04-28T22:36:08+00:00\",\"dateModified\":\"2026-04-28T22:42:30+00:00\",\"author\":{\"@id\":\"https:\/\/embangola.pl\/#\/schema\/person\/4ba173826306d1b1b16922873bc40a54\"},\"breadcrumb\":{\"@id\":\"https:\/\/embangola.pl\/?p=6252#breadcrumb\"},\"inLanguage\":\"pl-PL\",\"potentialAction\":[{\"@type\":\"ReadAction\",\"target\":[\"https:\/\/embangola.pl\/?p=6252\"]}]},{\"@type\":\"BreadcrumbList\",\"@id\":\"https:\/\/embangola.pl\/?p=6252#breadcrumb\",\"itemListElement\":[{\"@type\":\"ListItem\",\"position\":1,\"name\":\"Strona g\u0142\u00f3wna\",\"item\":\"https:\/\/embangola.pl\/\"},{\"@type\":\"ListItem\",\"position\":2,\"name\":\"Angola e Litu\u00e2nia realizam consultas pol\u00edticas focadas na coopera\u00e7\u00e3o bilateral\"}]},{\"@type\":\"WebSite\",\"@id\":\"https:\/\/embangola.pl\/#website\",\"url\":\"https:\/\/embangola.pl\/\",\"name\":\"Embaixada da Rep\u00fablica de Angola na Pol\u00f3nia, Let\u00f3nia, Est\u00f3nia e Litu\u00e2nia\",\"description\":\"\",\"potentialAction\":[{\"@type\":\"SearchAction\",\"target\":{\"@type\":\"EntryPoint\",\"urlTemplate\":\"https:\/\/embangola.pl\/?s={search_term_string}\"},\"query-input\":\"required name=search_term_string\"}],\"inLanguage\":\"pl-PL\"},{\"@type\":\"Person\",\"@id\":\"https:\/\/embangola.pl\/#\/schema\/person\/4ba173826306d1b1b16922873bc40a54\",\"name\":\"manuka\",\"image\":{\"@type\":\"ImageObject\",\"inLanguage\":\"pl-PL\",\"@id\":\"https:\/\/embangola.pl\/#\/schema\/person\/image\/\",\"url\":\"https:\/\/secure.gravatar.com\/avatar\/39cd7ca736d2ea9852310febbc62e5b9a16ba7de5a8743bd6c83df4054fad5a7?s=96&d=mm&r=g\",\"contentUrl\":\"https:\/\/secure.gravatar.com\/avatar\/39cd7ca736d2ea9852310febbc62e5b9a16ba7de5a8743bd6c83df4054fad5a7?s=96&d=mm&r=g\",\"caption\":\"manuka\"},\"sameAs\":[\"https:\/\/embangola.pl\"],\"url\":\"https:\/\/embangola.pl\/?author=1\"}]}<\/script>\n<!-- \/ Yoast SEO plugin. -->","yoast_head_json":{"title":"Angola e Litu\u00e2nia realizam consultas pol\u00edticas focadas na coopera\u00e7\u00e3o bilateral - Embaixada da Rep\u00fablica de Angola na Pol\u00f3nia, Let\u00f3nia, Est\u00f3nia e Litu\u00e2nia","robots":{"index":"index","follow":"follow","max-snippet":"max-snippet:-1","max-image-preview":"max-image-preview:large","max-video-preview":"max-video-preview:-1"},"canonical":"https:\/\/embangola.pl\/?p=6252","og_locale":"pl_PL","og_type":"article","og_title":"Angola e Litu\u00e2nia realizam consultas pol\u00edticas focadas na coopera\u00e7\u00e3o bilateral - Embaixada da Rep\u00fablica de Angola na Pol\u00f3nia, Let\u00f3nia, Est\u00f3nia e Litu\u00e2nia","og_description":"Angola e a Litu\u00e2nia realizaram, hoje, consultas pol\u00edticas focadas na coopera\u00e7\u00e3o entre ambos. A delega\u00e7\u00e3o angolana foi chefiada pela secretaria de Estado, Esmeralda Mendon\u00e7a, enquanto a parte lituana foi representada pelo vice-ministro dos Neg\u00f3cios Estrangeiros daquele pa\u00eds, Vidmantas Verbickas. Al\u00e9m disso, ambas as delega\u00e7\u00f5es passaram em revista o actual estado das rela\u00e7\u00f5es de amizade e [&hellip;]","og_url":"https:\/\/embangola.pl\/?p=6252","og_site_name":"Embaixada da Rep\u00fablica de Angola na Pol\u00f3nia, Let\u00f3nia, Est\u00f3nia e Litu\u00e2nia","article_published_time":"2026-04-28T22:36:08+00:00","article_modified_time":"2026-04-28T22:42:30+00:00","og_image":[{"width":1600,"height":1066,"url":"https:\/\/embangola.pl\/wp-content\/uploads\/2026\/04\/WhatsApp-Image-2026-04-28-at-21.27.38.jpeg","type":"image\/jpeg"}],"author":"manuka","twitter_card":"summary_large_image","twitter_misc":{"Napisane przez":"manuka","Szacowany czas czytania":"3 minuty"},"schema":{"@context":"https:\/\/schema.org","@graph":[{"@type":"WebPage","@id":"https:\/\/embangola.pl\/?p=6252","url":"https:\/\/embangola.pl\/?p=6252","name":"Angola e Litu\u00e2nia realizam consultas pol\u00edticas focadas na coopera\u00e7\u00e3o bilateral - Embaixada da Rep\u00fablica de Angola na Pol\u00f3nia, Let\u00f3nia, Est\u00f3nia e Litu\u00e2nia","isPartOf":{"@id":"https:\/\/embangola.pl\/#website"},"datePublished":"2026-04-28T22:36:08+00:00","dateModified":"2026-04-28T22:42:30+00:00","author":{"@id":"https:\/\/embangola.pl\/#\/schema\/person\/4ba173826306d1b1b16922873bc40a54"},"breadcrumb":{"@id":"https:\/\/embangola.pl\/?p=6252#breadcrumb"},"inLanguage":"pl-PL","potentialAction":[{"@type":"ReadAction","target":["https:\/\/embangola.pl\/?p=6252"]}]},{"@type":"BreadcrumbList","@id":"https:\/\/embangola.pl\/?p=6252#breadcrumb","itemListElement":[{"@type":"ListItem","position":1,"name":"Strona g\u0142\u00f3wna","item":"https:\/\/embangola.pl\/"},{"@type":"ListItem","position":2,"name":"Angola e Litu\u00e2nia realizam consultas pol\u00edticas focadas na coopera\u00e7\u00e3o bilateral"}]},{"@type":"WebSite","@id":"https:\/\/embangola.pl\/#website","url":"https:\/\/embangola.pl\/","name":"Embaixada da Rep\u00fablica de Angola na Pol\u00f3nia, Let\u00f3nia, Est\u00f3nia e Litu\u00e2nia","description":"","potentialAction":[{"@type":"SearchAction","target":{"@type":"EntryPoint","urlTemplate":"https:\/\/embangola.pl\/?s={search_term_string}"},"query-input":"required name=search_term_string"}],"inLanguage":"pl-PL"},{"@type":"Person","@id":"https:\/\/embangola.pl\/#\/schema\/person\/4ba173826306d1b1b16922873bc40a54","name":"manuka","image":{"@type":"ImageObject","inLanguage":"pl-PL","@id":"https:\/\/embangola.pl\/#\/schema\/person\/image\/","url":"https:\/\/secure.gravatar.com\/avatar\/39cd7ca736d2ea9852310febbc62e5b9a16ba7de5a8743bd6c83df4054fad5a7?s=96&d=mm&r=g","contentUrl":"https:\/\/secure.gravatar.com\/avatar\/39cd7ca736d2ea9852310febbc62e5b9a16ba7de5a8743bd6c83df4054fad5a7?s=96&d=mm&r=g","caption":"manuka"},"sameAs":["https:\/\/embangola.pl"],"url":"https:\/\/embangola.pl\/?author=1"}]}},"_links":{"self":[{"href":"https:\/\/embangola.pl\/index.php?rest_route=\/wp\/v2\/posts\/6252","targetHints":{"allow":["GET"]}}],"collection":[{"href":"https:\/\/embangola.pl\/index.php?rest_route=\/wp\/v2\/posts"}],"about":[{"href":"https:\/\/embangola.pl\/index.php?rest_route=\/wp\/v2\/types\/post"}],"author":[{"embeddable":true,"href":"https:\/\/embangola.pl\/index.php?rest_route=\/wp\/v2\/users\/1"}],"replies":[{"embeddable":true,"href":"https:\/\/embangola.pl\/index.php?rest_route=%2Fwp%2Fv2%2Fcomments&post=6252"}],"version-history":[{"count":1,"href":"https:\/\/embangola.pl\/index.php?rest_route=\/wp\/v2\/posts\/6252\/revisions"}],"predecessor-version":[{"id":6253,"href":"https:\/\/embangola.pl\/index.php?rest_route=\/wp\/v2\/posts\/6252\/revisions\/6253"}],"wp:featuredmedia":[{"embeddable":true,"href":"https:\/\/embangola.pl\/index.php?rest_route=\/wp\/v2\/media\/6246"}],"wp:attachment":[{"href":"https:\/\/embangola.pl\/index.php?rest_route=%2Fwp%2Fv2%2Fmedia&parent=6252"}],"wp:term":[{"taxonomy":"category","embeddable":true,"href":"https:\/\/embangola.pl\/index.php?rest_route=%2Fwp%2Fv2%2Fcategories&post=6252"},{"taxonomy":"post_tag","embeddable":true,"href":"https:\/\/embangola.pl\/index.php?rest_route=%2Fwp%2Fv2%2Ftags&post=6252"}],"curies":[{"name":"wp","href":"https:\/\/api.w.org\/{rel}","templated":true}]}}