{"id":5911,"date":"2025-12-20T14:41:08","date_gmt":"2025-12-20T13:41:08","guid":{"rendered":"https:\/\/embangola.pl\/?p=5911"},"modified":"2026-01-09T14:43:26","modified_gmt":"2026-01-09T13:43:26","slug":"mensagem-de-condolencias-da-embaixada-da-republica-de-angola-na-republica-da-polonia","status":"publish","type":"post","link":"https:\/\/embangola.pl\/?p=5911","title":{"rendered":"Mensagem de Condol\u00eancias da Embaixada da Rep\u00fablica de Angola na Rep\u00fablica da Pol\u00f3nia"},"content":{"rendered":"\n<div class=\"wp-block-columns is-layout-flex wp-container-core-columns-is-layout-28f84493 wp-block-columns-is-layout-flex\">\n<div class=\"wp-block-column is-layout-flow wp-block-column-is-layout-flow\">\n<figure class=\"wp-block-image size-full\"><img loading=\"lazy\" decoding=\"async\" width=\"799\" height=\"532\" src=\"https:\/\/embangola.pl\/wp-content\/uploads\/2025\/12\/6265265_imagem.jpeg\" alt=\"\" class=\"wp-image-5875\" srcset=\"https:\/\/embangola.pl\/wp-content\/uploads\/2025\/12\/6265265_imagem.jpeg 799w, https:\/\/embangola.pl\/wp-content\/uploads\/2025\/12\/6265265_imagem-300x200.jpeg 300w, https:\/\/embangola.pl\/wp-content\/uploads\/2025\/12\/6265265_imagem-768x511.jpeg 768w, https:\/\/embangola.pl\/wp-content\/uploads\/2025\/12\/6265265_imagem-600x399.jpeg 600w\" sizes=\"auto, (max-width: 799px) 100vw, 799px\" \/><\/figure>\n<\/div>\n\n\n\n<div class=\"wp-block-column is-layout-flow wp-block-column-is-layout-flow\">\n<p>Foi com profunda tristeza que a Embaixada de Angola na Rep\u00fablica da Pol\u00f3nia tomou conhecimento do passamento f\u00edsico de Fernando da Piedade Dias dos Santos, ocorrido na manh\u00e3 do dia 18 de Dezembro de 2025, em Luanda.<\/p>\n\n\n\n<p>Fernando da Piedade Dias dos Santos ou carinhosamente Nand\u00f3, como era chamado, desempenhou com brio as distintas fun\u00e7\u00f5es que teve no Governo da Rep\u00fablica de Angola, tendo contribu\u00eddo para o processo de pacifica\u00e7\u00e3o e desenvolvimento do pa\u00eds.<\/p>\n\n\n\n<p>Neste momento de dor gostaria, em meu nome pessoal e de todos os funcion\u00e1rios desta Miss\u00e3o Diplom\u00e1tica, de endere\u00e7ar \u00e0 fam\u00edlia enlutada os nossos profundos sentimentos de pesar por este infausto acontecimento, augurando um eterno descanso.<\/p>\n\n\n\n<p>O Embaixador<\/p>\n\n\n\n<p>Manuel Pedro Chaves<\/p>\n\n\n\n<p>Vars\u00f3via, aos 20 de Dezembro de 2025.<\/p>\n<\/div>\n<\/div>\n\n\n\n<p><\/p>\n\n\n\n<p><\/p>\n","protected":false},"excerpt":{"rendered":"<p>Foi com profunda tristeza que a Embaixada de Angola na Rep\u00fablica da Pol\u00f3nia tomou conhecimento do passamento f\u00edsico de Fernando da Piedade Dias dos Santos, ocorrido na manh\u00e3 do dia 18 de Dezembro de 2025, em Luanda. Fernando da Piedade Dias dos Santos ou carinhosamente Nand\u00f3, como era chamado, desempenhou com brio as distintas fun\u00e7\u00f5es [&hellip;]<\/p>\n","protected":false},"author":1,"featured_media":5875,"comment_status":"open","ping_status":"open","sticky":false,"template":"","format":"standard","meta":{"inline_featured_image":false,"footnotes":""},"categories":[40],"tags":[],"class_list":["post-5911","post","type-post","status-publish","format-standard","has-post-thumbnail","hentry","category-actualidade"],"acf":[],"yoast_head":"<!-- This site is optimized with the Yoast SEO plugin v19.6.1 - https:\/\/yoast.com\/wordpress\/plugins\/seo\/ -->\n<title>Mensagem de Condol\u00eancias da Embaixada da Rep\u00fablica de Angola na Rep\u00fablica da Pol\u00f3nia - Embaixada da Rep\u00fablica de Angola na Pol\u00f3nia, Let\u00f3nia, Est\u00f3nia e Litu\u00e2nia<\/title>\n<meta name=\"robots\" content=\"index, follow, max-snippet:-1, max-image-preview:large, max-video-preview:-1\" \/>\n<link rel=\"canonical\" href=\"https:\/\/embangola.pl\/?p=5911\" \/>\n<meta property=\"og:locale\" content=\"pl_PL\" \/>\n<meta property=\"og:type\" content=\"article\" \/>\n<meta property=\"og:title\" content=\"Mensagem de Condol\u00eancias da Embaixada da Rep\u00fablica de Angola na Rep\u00fablica da Pol\u00f3nia - Embaixada da Rep\u00fablica de Angola na Pol\u00f3nia, Let\u00f3nia, Est\u00f3nia e Litu\u00e2nia\" \/>\n<meta property=\"og:description\" content=\"Foi com profunda tristeza que a Embaixada de Angola na Rep\u00fablica da Pol\u00f3nia tomou conhecimento do passamento f\u00edsico de Fernando da Piedade Dias dos Santos, ocorrido na manh\u00e3 do dia 18 de Dezembro de 2025, em Luanda. Fernando da Piedade Dias dos Santos ou carinhosamente Nand\u00f3, como era chamado, desempenhou com brio as distintas fun\u00e7\u00f5es [&hellip;]\" \/>\n<meta property=\"og:url\" content=\"https:\/\/embangola.pl\/?p=5911\" \/>\n<meta property=\"og:site_name\" content=\"Embaixada da Rep\u00fablica de Angola na Pol\u00f3nia, Let\u00f3nia, Est\u00f3nia e Litu\u00e2nia\" \/>\n<meta property=\"article:published_time\" content=\"2025-12-20T13:41:08+00:00\" \/>\n<meta property=\"article:modified_time\" content=\"2026-01-09T13:43:26+00:00\" \/>\n<meta property=\"og:image\" content=\"https:\/\/embangola.pl\/wp-content\/uploads\/2025\/12\/6265265_imagem.jpeg\" \/>\n\t<meta property=\"og:image:width\" content=\"799\" \/>\n\t<meta property=\"og:image:height\" content=\"532\" \/>\n\t<meta property=\"og:image:type\" content=\"image\/jpeg\" \/>\n<meta name=\"author\" content=\"manuka\" \/>\n<meta name=\"twitter:card\" content=\"summary_large_image\" \/>\n<meta name=\"twitter:label1\" content=\"Napisane przez\" \/>\n\t<meta name=\"twitter:data1\" content=\"manuka\" \/>\n\t<meta name=\"twitter:label2\" content=\"Szacowany czas czytania\" \/>\n\t<meta name=\"twitter:data2\" content=\"1 minuta\" \/>\n<script type=\"application\/ld+json\" class=\"yoast-schema-graph\">{\"@context\":\"https:\/\/schema.org\",\"@graph\":[{\"@type\":\"WebPage\",\"@id\":\"https:\/\/embangola.pl\/?p=5911\",\"url\":\"https:\/\/embangola.pl\/?p=5911\",\"name\":\"Mensagem de Condol\u00eancias da Embaixada da Rep\u00fablica de Angola na Rep\u00fablica da Pol\u00f3nia - Embaixada da Rep\u00fablica de Angola na Pol\u00f3nia, Let\u00f3nia, Est\u00f3nia e Litu\u00e2nia\",\"isPartOf\":{\"@id\":\"https:\/\/embangola.pl\/#website\"},\"datePublished\":\"2025-12-20T13:41:08+00:00\",\"dateModified\":\"2026-01-09T13:43:26+00:00\",\"author\":{\"@id\":\"https:\/\/embangola.pl\/#\/schema\/person\/4ba173826306d1b1b16922873bc40a54\"},\"breadcrumb\":{\"@id\":\"https:\/\/embangola.pl\/?p=5911#breadcrumb\"},\"inLanguage\":\"pl-PL\",\"potentialAction\":[{\"@type\":\"ReadAction\",\"target\":[\"https:\/\/embangola.pl\/?p=5911\"]}]},{\"@type\":\"BreadcrumbList\",\"@id\":\"https:\/\/embangola.pl\/?p=5911#breadcrumb\",\"itemListElement\":[{\"@type\":\"ListItem\",\"position\":1,\"name\":\"Strona g\u0142\u00f3wna\",\"item\":\"https:\/\/embangola.pl\/\"},{\"@type\":\"ListItem\",\"position\":2,\"name\":\"Mensagem de Condol\u00eancias da Embaixada da Rep\u00fablica de Angola na Rep\u00fablica da Pol\u00f3nia\"}]},{\"@type\":\"WebSite\",\"@id\":\"https:\/\/embangola.pl\/#website\",\"url\":\"https:\/\/embangola.pl\/\",\"name\":\"Embaixada da Rep\u00fablica de Angola na Pol\u00f3nia, Let\u00f3nia, Est\u00f3nia e Litu\u00e2nia\",\"description\":\"\",\"potentialAction\":[{\"@type\":\"SearchAction\",\"target\":{\"@type\":\"EntryPoint\",\"urlTemplate\":\"https:\/\/embangola.pl\/?s={search_term_string}\"},\"query-input\":\"required name=search_term_string\"}],\"inLanguage\":\"pl-PL\"},{\"@type\":\"Person\",\"@id\":\"https:\/\/embangola.pl\/#\/schema\/person\/4ba173826306d1b1b16922873bc40a54\",\"name\":\"manuka\",\"image\":{\"@type\":\"ImageObject\",\"inLanguage\":\"pl-PL\",\"@id\":\"https:\/\/embangola.pl\/#\/schema\/person\/image\/\",\"url\":\"https:\/\/secure.gravatar.com\/avatar\/39cd7ca736d2ea9852310febbc62e5b9a16ba7de5a8743bd6c83df4054fad5a7?s=96&d=mm&r=g\",\"contentUrl\":\"https:\/\/secure.gravatar.com\/avatar\/39cd7ca736d2ea9852310febbc62e5b9a16ba7de5a8743bd6c83df4054fad5a7?s=96&d=mm&r=g\",\"caption\":\"manuka\"},\"sameAs\":[\"https:\/\/embangola.pl\"],\"url\":\"https:\/\/embangola.pl\/?author=1\"}]}<\/script>\n<!-- \/ Yoast SEO plugin. -->","yoast_head_json":{"title":"Mensagem de Condol\u00eancias da Embaixada da Rep\u00fablica de Angola na Rep\u00fablica da Pol\u00f3nia - Embaixada da Rep\u00fablica de Angola na Pol\u00f3nia, Let\u00f3nia, Est\u00f3nia e Litu\u00e2nia","robots":{"index":"index","follow":"follow","max-snippet":"max-snippet:-1","max-image-preview":"max-image-preview:large","max-video-preview":"max-video-preview:-1"},"canonical":"https:\/\/embangola.pl\/?p=5911","og_locale":"pl_PL","og_type":"article","og_title":"Mensagem de Condol\u00eancias da Embaixada da Rep\u00fablica de Angola na Rep\u00fablica da Pol\u00f3nia - Embaixada da Rep\u00fablica de Angola na Pol\u00f3nia, Let\u00f3nia, Est\u00f3nia e Litu\u00e2nia","og_description":"Foi com profunda tristeza que a Embaixada de Angola na Rep\u00fablica da Pol\u00f3nia tomou conhecimento do passamento f\u00edsico de Fernando da Piedade Dias dos Santos, ocorrido na manh\u00e3 do dia 18 de Dezembro de 2025, em Luanda. Fernando da Piedade Dias dos Santos ou carinhosamente Nand\u00f3, como era chamado, desempenhou com brio as distintas fun\u00e7\u00f5es [&hellip;]","og_url":"https:\/\/embangola.pl\/?p=5911","og_site_name":"Embaixada da Rep\u00fablica de Angola na Pol\u00f3nia, Let\u00f3nia, Est\u00f3nia e Litu\u00e2nia","article_published_time":"2025-12-20T13:41:08+00:00","article_modified_time":"2026-01-09T13:43:26+00:00","og_image":[{"width":799,"height":532,"url":"https:\/\/embangola.pl\/wp-content\/uploads\/2025\/12\/6265265_imagem.jpeg","type":"image\/jpeg"}],"author":"manuka","twitter_card":"summary_large_image","twitter_misc":{"Napisane przez":"manuka","Szacowany czas czytania":"1 minuta"},"schema":{"@context":"https:\/\/schema.org","@graph":[{"@type":"WebPage","@id":"https:\/\/embangola.pl\/?p=5911","url":"https:\/\/embangola.pl\/?p=5911","name":"Mensagem de Condol\u00eancias da Embaixada da Rep\u00fablica de Angola na Rep\u00fablica da Pol\u00f3nia - Embaixada da Rep\u00fablica de Angola na Pol\u00f3nia, Let\u00f3nia, Est\u00f3nia e Litu\u00e2nia","isPartOf":{"@id":"https:\/\/embangola.pl\/#website"},"datePublished":"2025-12-20T13:41:08+00:00","dateModified":"2026-01-09T13:43:26+00:00","author":{"@id":"https:\/\/embangola.pl\/#\/schema\/person\/4ba173826306d1b1b16922873bc40a54"},"breadcrumb":{"@id":"https:\/\/embangola.pl\/?p=5911#breadcrumb"},"inLanguage":"pl-PL","potentialAction":[{"@type":"ReadAction","target":["https:\/\/embangola.pl\/?p=5911"]}]},{"@type":"BreadcrumbList","@id":"https:\/\/embangola.pl\/?p=5911#breadcrumb","itemListElement":[{"@type":"ListItem","position":1,"name":"Strona g\u0142\u00f3wna","item":"https:\/\/embangola.pl\/"},{"@type":"ListItem","position":2,"name":"Mensagem de Condol\u00eancias da Embaixada da Rep\u00fablica de Angola na Rep\u00fablica da Pol\u00f3nia"}]},{"@type":"WebSite","@id":"https:\/\/embangola.pl\/#website","url":"https:\/\/embangola.pl\/","name":"Embaixada da Rep\u00fablica de Angola na Pol\u00f3nia, Let\u00f3nia, Est\u00f3nia e Litu\u00e2nia","description":"","potentialAction":[{"@type":"SearchAction","target":{"@type":"EntryPoint","urlTemplate":"https:\/\/embangola.pl\/?s={search_term_string}"},"query-input":"required name=search_term_string"}],"inLanguage":"pl-PL"},{"@type":"Person","@id":"https:\/\/embangola.pl\/#\/schema\/person\/4ba173826306d1b1b16922873bc40a54","name":"manuka","image":{"@type":"ImageObject","inLanguage":"pl-PL","@id":"https:\/\/embangola.pl\/#\/schema\/person\/image\/","url":"https:\/\/secure.gravatar.com\/avatar\/39cd7ca736d2ea9852310febbc62e5b9a16ba7de5a8743bd6c83df4054fad5a7?s=96&d=mm&r=g","contentUrl":"https:\/\/secure.gravatar.com\/avatar\/39cd7ca736d2ea9852310febbc62e5b9a16ba7de5a8743bd6c83df4054fad5a7?s=96&d=mm&r=g","caption":"manuka"},"sameAs":["https:\/\/embangola.pl"],"url":"https:\/\/embangola.pl\/?author=1"}]}},"_links":{"self":[{"href":"https:\/\/embangola.pl\/index.php?rest_route=\/wp\/v2\/posts\/5911","targetHints":{"allow":["GET"]}}],"collection":[{"href":"https:\/\/embangola.pl\/index.php?rest_route=\/wp\/v2\/posts"}],"about":[{"href":"https:\/\/embangola.pl\/index.php?rest_route=\/wp\/v2\/types\/post"}],"author":[{"embeddable":true,"href":"https:\/\/embangola.pl\/index.php?rest_route=\/wp\/v2\/users\/1"}],"replies":[{"embeddable":true,"href":"https:\/\/embangola.pl\/index.php?rest_route=%2Fwp%2Fv2%2Fcomments&post=5911"}],"version-history":[{"count":1,"href":"https:\/\/embangola.pl\/index.php?rest_route=\/wp\/v2\/posts\/5911\/revisions"}],"predecessor-version":[{"id":5912,"href":"https:\/\/embangola.pl\/index.php?rest_route=\/wp\/v2\/posts\/5911\/revisions\/5912"}],"wp:featuredmedia":[{"embeddable":true,"href":"https:\/\/embangola.pl\/index.php?rest_route=\/wp\/v2\/media\/5875"}],"wp:attachment":[{"href":"https:\/\/embangola.pl\/index.php?rest_route=%2Fwp%2Fv2%2Fmedia&parent=5911"}],"wp:term":[{"taxonomy":"category","embeddable":true,"href":"https:\/\/embangola.pl\/index.php?rest_route=%2Fwp%2Fv2%2Fcategories&post=5911"},{"taxonomy":"post_tag","embeddable":true,"href":"https:\/\/embangola.pl\/index.php?rest_route=%2Fwp%2Fv2%2Ftags&post=5911"}],"curies":[{"name":"wp","href":"https:\/\/api.w.org\/{rel}","templated":true}]}}