{"id":5815,"date":"2025-11-18T12:20:11","date_gmt":"2025-11-18T11:20:11","guid":{"rendered":"https:\/\/embangola.pl\/?p=5815"},"modified":"2025-12-08T12:59:31","modified_gmt":"2025-12-08T11:59:31","slug":"embaixador-de-angola-realiza-visita-a-universidade-maritima-de-gdynia","status":"publish","type":"post","link":"https:\/\/embangola.pl\/?p=5815","title":{"rendered":"Embaixador de Angola realiza visita \u00e0 Universidade Mar\u00edtima de Gdynia"},"content":{"rendered":"\n<div class=\"wp-block-columns is-layout-flex wp-container-core-columns-is-layout-28f84493 wp-block-columns-is-layout-flex\">\n<div class=\"wp-block-column is-layout-flow wp-block-column-is-layout-flow\">\n<figure class=\"wp-block-image aligncenter size-large is-resized\"><img decoding=\"async\" src=\"https:\/\/embangola.pl\/wp-content\/uploads\/2025\/12\/Primeiro-encontro-na-UMG-17.11.2025-1024x645.jpg\" alt=\"\" class=\"wp-image-5816\" style=\"width:1184px;height:auto\"\/><\/figure>\n<\/div>\n<\/div>\n\n\n\n<p><\/p>\n\n\n\n<p><\/p>\n\n\n\n<div class=\"wp-block-columns is-layout-flex wp-container-core-columns-is-layout-28f84493 wp-block-columns-is-layout-flex\">\n<div class=\"wp-block-column is-layout-flow wp-block-column-is-layout-flow\">\n<figure class=\"wp-block-gallery has-nested-images columns-default is-cropped wp-block-gallery-1 is-layout-flex wp-block-gallery-is-layout-flex\">\n<figure class=\"wp-block-image size-large\"><a href=\"https:\/\/embangola.pl\/wp-content\/uploads\/2025\/12\/Faculdade-de-Navegacao-da-UMG-scaled.jpeg\"><img loading=\"lazy\" decoding=\"async\" width=\"1024\" height=\"683\" data-id=\"5825\" src=\"https:\/\/embangola.pl\/wp-content\/uploads\/2025\/12\/Faculdade-de-Navegacao-da-UMG-1024x683.jpeg\" alt=\"\" class=\"wp-image-5825\" srcset=\"https:\/\/embangola.pl\/wp-content\/uploads\/2025\/12\/Faculdade-de-Navegacao-da-UMG-1024x683.jpeg 1024w, https:\/\/embangola.pl\/wp-content\/uploads\/2025\/12\/Faculdade-de-Navegacao-da-UMG-300x200.jpeg 300w, https:\/\/embangola.pl\/wp-content\/uploads\/2025\/12\/Faculdade-de-Navegacao-da-UMG-768x512.jpeg 768w, https:\/\/embangola.pl\/wp-content\/uploads\/2025\/12\/Faculdade-de-Navegacao-da-UMG-1536x1024.jpeg 1536w, https:\/\/embangola.pl\/wp-content\/uploads\/2025\/12\/Faculdade-de-Navegacao-da-UMG-2048x1365.jpeg 2048w, https:\/\/embangola.pl\/wp-content\/uploads\/2025\/12\/Faculdade-de-Navegacao-da-UMG-600x400.jpeg 600w, https:\/\/embangola.pl\/wp-content\/uploads\/2025\/12\/Faculdade-de-Navegacao-da-UMG-1200x800.jpeg 1200w, https:\/\/embangola.pl\/wp-content\/uploads\/2025\/12\/Faculdade-de-Navegacao-da-UMG-1500x1000.jpeg 1500w, https:\/\/embangola.pl\/wp-content\/uploads\/2025\/12\/Faculdade-de-Navegacao-da-UMG-2000x1333.jpeg 2000w\" sizes=\"auto, (max-width: 1024px) 100vw, 1024px\" \/><\/a><\/figure>\n\n\n\n<figure class=\"wp-block-image size-large\"><a href=\"https:\/\/embangola.pl\/wp-content\/uploads\/2025\/12\/Horyzont-II-scaled.jpeg\"><img loading=\"lazy\" decoding=\"async\" width=\"1024\" height=\"683\" data-id=\"5822\" src=\"https:\/\/embangola.pl\/wp-content\/uploads\/2025\/12\/Horyzont-II-1024x683.jpeg\" alt=\"\" class=\"wp-image-5822\" srcset=\"https:\/\/embangola.pl\/wp-content\/uploads\/2025\/12\/Horyzont-II-1024x683.jpeg 1024w, https:\/\/embangola.pl\/wp-content\/uploads\/2025\/12\/Horyzont-II-300x200.jpeg 300w, https:\/\/embangola.pl\/wp-content\/uploads\/2025\/12\/Horyzont-II-768x512.jpeg 768w, https:\/\/embangola.pl\/wp-content\/uploads\/2025\/12\/Horyzont-II-1536x1024.jpeg 1536w, https:\/\/embangola.pl\/wp-content\/uploads\/2025\/12\/Horyzont-II-2048x1365.jpeg 2048w, https:\/\/embangola.pl\/wp-content\/uploads\/2025\/12\/Horyzont-II-600x400.jpeg 600w, https:\/\/embangola.pl\/wp-content\/uploads\/2025\/12\/Horyzont-II-1200x800.jpeg 1200w, https:\/\/embangola.pl\/wp-content\/uploads\/2025\/12\/Horyzont-II-1500x1000.jpeg 1500w, https:\/\/embangola.pl\/wp-content\/uploads\/2025\/12\/Horyzont-II-2000x1333.jpeg 2000w\" sizes=\"auto, (max-width: 1024px) 100vw, 1024px\" \/><\/a><\/figure>\n\n\n\n<figure class=\"wp-block-image size-large\"><a href=\"https:\/\/embangola.pl\/wp-content\/uploads\/2025\/12\/Faculdade-de-Gestao-e-Ciencias-da-Qualidade-UMG-scaled.jpg\"><img loading=\"lazy\" decoding=\"async\" width=\"1024\" height=\"768\" data-id=\"5818\" src=\"https:\/\/embangola.pl\/wp-content\/uploads\/2025\/12\/Faculdade-de-Gestao-e-Ciencias-da-Qualidade-UMG-1024x768.jpg\" alt=\"\" class=\"wp-image-5818\" srcset=\"https:\/\/embangola.pl\/wp-content\/uploads\/2025\/12\/Faculdade-de-Gestao-e-Ciencias-da-Qualidade-UMG-1024x768.jpg 1024w, https:\/\/embangola.pl\/wp-content\/uploads\/2025\/12\/Faculdade-de-Gestao-e-Ciencias-da-Qualidade-UMG-300x225.jpg 300w, https:\/\/embangola.pl\/wp-content\/uploads\/2025\/12\/Faculdade-de-Gestao-e-Ciencias-da-Qualidade-UMG-768x576.jpg 768w, https:\/\/embangola.pl\/wp-content\/uploads\/2025\/12\/Faculdade-de-Gestao-e-Ciencias-da-Qualidade-UMG-1536x1152.jpg 1536w, https:\/\/embangola.pl\/wp-content\/uploads\/2025\/12\/Faculdade-de-Gestao-e-Ciencias-da-Qualidade-UMG-2048x1536.jpg 2048w, https:\/\/embangola.pl\/wp-content\/uploads\/2025\/12\/Faculdade-de-Gestao-e-Ciencias-da-Qualidade-UMG-600x450.jpg 600w, https:\/\/embangola.pl\/wp-content\/uploads\/2025\/12\/Faculdade-de-Gestao-e-Ciencias-da-Qualidade-UMG-1200x900.jpg 1200w, https:\/\/embangola.pl\/wp-content\/uploads\/2025\/12\/Faculdade-de-Gestao-e-Ciencias-da-Qualidade-UMG-1500x1125.jpg 1500w, https:\/\/embangola.pl\/wp-content\/uploads\/2025\/12\/Faculdade-de-Gestao-e-Ciencias-da-Qualidade-UMG-2000x1500.jpg 2000w\" sizes=\"auto, (max-width: 1024px) 100vw, 1024px\" \/><\/a><\/figure>\n\n\n\n<figure class=\"wp-block-image size-large\"><a href=\"https:\/\/embangola.pl\/wp-content\/uploads\/2025\/12\/Faculdade-de-Gestao-e-Ciencias-da-Qualidade-da-UMG-scaled.jpg\"><img loading=\"lazy\" decoding=\"async\" width=\"1024\" height=\"768\" data-id=\"5819\" src=\"https:\/\/embangola.pl\/wp-content\/uploads\/2025\/12\/Faculdade-de-Gestao-e-Ciencias-da-Qualidade-da-UMG-1024x768.jpg\" alt=\"\" class=\"wp-image-5819\" srcset=\"https:\/\/embangola.pl\/wp-content\/uploads\/2025\/12\/Faculdade-de-Gestao-e-Ciencias-da-Qualidade-da-UMG-1024x768.jpg 1024w, https:\/\/embangola.pl\/wp-content\/uploads\/2025\/12\/Faculdade-de-Gestao-e-Ciencias-da-Qualidade-da-UMG-300x225.jpg 300w, https:\/\/embangola.pl\/wp-content\/uploads\/2025\/12\/Faculdade-de-Gestao-e-Ciencias-da-Qualidade-da-UMG-768x576.jpg 768w, https:\/\/embangola.pl\/wp-content\/uploads\/2025\/12\/Faculdade-de-Gestao-e-Ciencias-da-Qualidade-da-UMG-1536x1152.jpg 1536w, https:\/\/embangola.pl\/wp-content\/uploads\/2025\/12\/Faculdade-de-Gestao-e-Ciencias-da-Qualidade-da-UMG-2048x1536.jpg 2048w, https:\/\/embangola.pl\/wp-content\/uploads\/2025\/12\/Faculdade-de-Gestao-e-Ciencias-da-Qualidade-da-UMG-600x450.jpg 600w, https:\/\/embangola.pl\/wp-content\/uploads\/2025\/12\/Faculdade-de-Gestao-e-Ciencias-da-Qualidade-da-UMG-1200x900.jpg 1200w, https:\/\/embangola.pl\/wp-content\/uploads\/2025\/12\/Faculdade-de-Gestao-e-Ciencias-da-Qualidade-da-UMG-1500x1125.jpg 1500w, https:\/\/embangola.pl\/wp-content\/uploads\/2025\/12\/Faculdade-de-Gestao-e-Ciencias-da-Qualidade-da-UMG-2000x1500.jpg 2000w\" sizes=\"auto, (max-width: 1024px) 100vw, 1024px\" \/><\/a><\/figure>\n\n\n\n<figure class=\"wp-block-image size-large\"><a href=\"https:\/\/embangola.pl\/wp-content\/uploads\/2025\/12\/Faculdade-de-Engenharia-Mecanica-da-UMG-scaled.jpg\"><img loading=\"lazy\" decoding=\"async\" width=\"1024\" height=\"768\" data-id=\"5817\" src=\"https:\/\/embangola.pl\/wp-content\/uploads\/2025\/12\/Faculdade-de-Engenharia-Mecanica-da-UMG-1024x768.jpg\" alt=\"\" class=\"wp-image-5817\" srcset=\"https:\/\/embangola.pl\/wp-content\/uploads\/2025\/12\/Faculdade-de-Engenharia-Mecanica-da-UMG-1024x768.jpg 1024w, https:\/\/embangola.pl\/wp-content\/uploads\/2025\/12\/Faculdade-de-Engenharia-Mecanica-da-UMG-300x225.jpg 300w, https:\/\/embangola.pl\/wp-content\/uploads\/2025\/12\/Faculdade-de-Engenharia-Mecanica-da-UMG-768x576.jpg 768w, https:\/\/embangola.pl\/wp-content\/uploads\/2025\/12\/Faculdade-de-Engenharia-Mecanica-da-UMG-1536x1152.jpg 1536w, https:\/\/embangola.pl\/wp-content\/uploads\/2025\/12\/Faculdade-de-Engenharia-Mecanica-da-UMG-2048x1536.jpg 2048w, https:\/\/embangola.pl\/wp-content\/uploads\/2025\/12\/Faculdade-de-Engenharia-Mecanica-da-UMG-600x450.jpg 600w, https:\/\/embangola.pl\/wp-content\/uploads\/2025\/12\/Faculdade-de-Engenharia-Mecanica-da-UMG-1200x900.jpg 1200w, https:\/\/embangola.pl\/wp-content\/uploads\/2025\/12\/Faculdade-de-Engenharia-Mecanica-da-UMG-1500x1125.jpg 1500w, https:\/\/embangola.pl\/wp-content\/uploads\/2025\/12\/Faculdade-de-Engenharia-Mecanica-da-UMG-2000x1500.jpg 2000w\" sizes=\"auto, (max-width: 1024px) 100vw, 1024px\" \/><\/a><\/figure>\n\n\n\n<figure class=\"wp-block-image size-large\"><a href=\"https:\/\/embangola.pl\/wp-content\/uploads\/2025\/12\/Faculdade-de-Engenharia-Mecanica--scaled.jpg\"><img loading=\"lazy\" decoding=\"async\" width=\"1024\" height=\"768\" data-id=\"5824\" src=\"https:\/\/embangola.pl\/wp-content\/uploads\/2025\/12\/Faculdade-de-Engenharia-Mecanica--1024x768.jpg\" alt=\"\" class=\"wp-image-5824\" srcset=\"https:\/\/embangola.pl\/wp-content\/uploads\/2025\/12\/Faculdade-de-Engenharia-Mecanica--1024x768.jpg 1024w, https:\/\/embangola.pl\/wp-content\/uploads\/2025\/12\/Faculdade-de-Engenharia-Mecanica--300x225.jpg 300w, https:\/\/embangola.pl\/wp-content\/uploads\/2025\/12\/Faculdade-de-Engenharia-Mecanica--768x576.jpg 768w, https:\/\/embangola.pl\/wp-content\/uploads\/2025\/12\/Faculdade-de-Engenharia-Mecanica--1536x1152.jpg 1536w, https:\/\/embangola.pl\/wp-content\/uploads\/2025\/12\/Faculdade-de-Engenharia-Mecanica--2048x1536.jpg 2048w, https:\/\/embangola.pl\/wp-content\/uploads\/2025\/12\/Faculdade-de-Engenharia-Mecanica--600x450.jpg 600w, https:\/\/embangola.pl\/wp-content\/uploads\/2025\/12\/Faculdade-de-Engenharia-Mecanica--1200x900.jpg 1200w, https:\/\/embangola.pl\/wp-content\/uploads\/2025\/12\/Faculdade-de-Engenharia-Mecanica--1500x1125.jpg 1500w, https:\/\/embangola.pl\/wp-content\/uploads\/2025\/12\/Faculdade-de-Engenharia-Mecanica--2000x1500.jpg 2000w\" sizes=\"auto, (max-width: 1024px) 100vw, 1024px\" \/><\/a><\/figure>\n\n\n\n<figure class=\"wp-block-image size-large\"><a href=\"https:\/\/embangola.pl\/wp-content\/uploads\/2025\/12\/Embaixador-Reitor-17.11.25-scaled.jpg\"><img loading=\"lazy\" decoding=\"async\" width=\"1024\" height=\"683\" data-id=\"5823\" src=\"https:\/\/embangola.pl\/wp-content\/uploads\/2025\/12\/Embaixador-Reitor-17.11.25-1024x683.jpg\" alt=\"\" class=\"wp-image-5823\" srcset=\"https:\/\/embangola.pl\/wp-content\/uploads\/2025\/12\/Embaixador-Reitor-17.11.25-1024x683.jpg 1024w, https:\/\/embangola.pl\/wp-content\/uploads\/2025\/12\/Embaixador-Reitor-17.11.25-300x200.jpg 300w, https:\/\/embangola.pl\/wp-content\/uploads\/2025\/12\/Embaixador-Reitor-17.11.25-768x512.jpg 768w, https:\/\/embangola.pl\/wp-content\/uploads\/2025\/12\/Embaixador-Reitor-17.11.25-1536x1024.jpg 1536w, https:\/\/embangola.pl\/wp-content\/uploads\/2025\/12\/Embaixador-Reitor-17.11.25-2048x1365.jpg 2048w, https:\/\/embangola.pl\/wp-content\/uploads\/2025\/12\/Embaixador-Reitor-17.11.25-600x400.jpg 600w, https:\/\/embangola.pl\/wp-content\/uploads\/2025\/12\/Embaixador-Reitor-17.11.25-1200x800.jpg 1200w, https:\/\/embangola.pl\/wp-content\/uploads\/2025\/12\/Embaixador-Reitor-17.11.25-1500x1000.jpg 1500w, https:\/\/embangola.pl\/wp-content\/uploads\/2025\/12\/Embaixador-Reitor-17.11.25-2000x1333.jpg 2000w\" sizes=\"auto, (max-width: 1024px) 100vw, 1024px\" \/><\/a><\/figure>\n\n\n\n<figure class=\"wp-block-image size-large\"><a href=\"https:\/\/embangola.pl\/wp-content\/uploads\/2025\/12\/Primeiro-encontro-na-UMG-17.11.25-scaled.jpg\"><img loading=\"lazy\" decoding=\"async\" width=\"1024\" height=\"683\" data-id=\"5820\" src=\"https:\/\/embangola.pl\/wp-content\/uploads\/2025\/12\/Primeiro-encontro-na-UMG-17.11.25-1024x683.jpg\" alt=\"\" class=\"wp-image-5820\" srcset=\"https:\/\/embangola.pl\/wp-content\/uploads\/2025\/12\/Primeiro-encontro-na-UMG-17.11.25-1024x683.jpg 1024w, https:\/\/embangola.pl\/wp-content\/uploads\/2025\/12\/Primeiro-encontro-na-UMG-17.11.25-300x200.jpg 300w, https:\/\/embangola.pl\/wp-content\/uploads\/2025\/12\/Primeiro-encontro-na-UMG-17.11.25-768x512.jpg 768w, https:\/\/embangola.pl\/wp-content\/uploads\/2025\/12\/Primeiro-encontro-na-UMG-17.11.25-1536x1024.jpg 1536w, https:\/\/embangola.pl\/wp-content\/uploads\/2025\/12\/Primeiro-encontro-na-UMG-17.11.25-2048x1365.jpg 2048w, https:\/\/embangola.pl\/wp-content\/uploads\/2025\/12\/Primeiro-encontro-na-UMG-17.11.25-600x400.jpg 600w, https:\/\/embangola.pl\/wp-content\/uploads\/2025\/12\/Primeiro-encontro-na-UMG-17.11.25-1200x800.jpg 1200w, https:\/\/embangola.pl\/wp-content\/uploads\/2025\/12\/Primeiro-encontro-na-UMG-17.11.25-1500x1000.jpg 1500w, https:\/\/embangola.pl\/wp-content\/uploads\/2025\/12\/Primeiro-encontro-na-UMG-17.11.25-2000x1333.jpg 2000w\" sizes=\"auto, (max-width: 1024px) 100vw, 1024px\" \/><\/a><\/figure>\n<\/figure>\n<\/div>\n\n\n\n<div class=\"wp-block-column is-layout-flow wp-block-column-is-layout-flow\">\n<p>No dia 17 de Novembro de 2025, o Embaixador Extraordin\u00e1rio e Plenipotenci\u00e1rio da Rep\u00fablica de Angola na Pol\u00f3nia, &nbsp;Manuel Pedro Chaves, <a>realizou uma visita \u00e0 Universidade Mar\u00edtima de Gdynia (UMG), <\/a>a convite do Reitor, Senhor Prof. Dr. Hab. Eng\u00ba Adam Weintrit.<\/p>\n\n\n\n<p>A agenda iniciou-se com uma reuni\u00e3o de trabalho com o Reitor, Vice-Reitores e Decanos, onde foram abordadas as oportunidades de coopera\u00e7\u00e3o acad\u00e9mica e institucional. Em seguida o Embaixador visitou diversos laborat\u00f3rios da Faculdade de Engenharia Mec\u00e2nica, de Gest\u00e3o e Ci\u00eancias da Qualidade, aprofundando o conhecimento sobre as capacidades t\u00e9cnicas da institui\u00e7\u00e3o.<\/p>\n\n\n\n<p>O programa inclui ainda um almo\u00e7o oficial com os representantes da UMG, refor\u00e7ando o dialogo e a aproxima\u00e7\u00e3o entre as partes. Posteriormente , o diplomata visitou o navio de pesquisas <strong>Horyzont II<\/strong>, onde manteve contactos com alguns estudantes finalistas e visitou tamb\u00e9m &nbsp;a Faculdade de Navega\u00e7\u00e3o, incluindo o planet\u00e1rio e &nbsp;simuladores de navega\u00e7\u00e3o.<\/p>\n\n\n\n<p>A visita foi conclu\u00edda com um jantar de balan\u00e7o entre o Embaixador, o Reitor e Vice-Reitores consolidando o compromisso m\u00fatuo de expandir a coopera\u00e7\u00e3o entre as institui\u00e7\u00f5es de ensino de Angola e a universidade polaca.<\/p>\n<\/div>\n<\/div>\n\n\n\n<p><\/p>\n","protected":false},"excerpt":{"rendered":"<p>No dia 17 de Novembro de 2025, o Embaixador Extraordin\u00e1rio e Plenipotenci\u00e1rio da Rep\u00fablica de Angola na Pol\u00f3nia, &nbsp;Manuel Pedro Chaves, realizou uma visita \u00e0 Universidade Mar\u00edtima de Gdynia (UMG), a convite do Reitor, Senhor Prof. Dr. Hab. Eng\u00ba Adam Weintrit. A agenda iniciou-se com uma reuni\u00e3o de trabalho com o Reitor, Vice-Reitores e Decanos, [&hellip;]<\/p>\n","protected":false},"author":1,"featured_media":5822,"comment_status":"open","ping_status":"open","sticky":false,"template":"","format":"standard","meta":{"inline_featured_image":false,"footnotes":""},"categories":[40],"tags":[],"class_list":["post-5815","post","type-post","status-publish","format-standard","has-post-thumbnail","hentry","category-actualidade"],"acf":[],"yoast_head":"<!-- This site is optimized with the Yoast SEO plugin v19.6.1 - https:\/\/yoast.com\/wordpress\/plugins\/seo\/ -->\n<title>Embaixador de Angola realiza visita \u00e0 Universidade Mar\u00edtima de Gdynia - Embaixada da Rep\u00fablica de Angola na Pol\u00f3nia, Let\u00f3nia, Est\u00f3nia e Litu\u00e2nia<\/title>\n<meta name=\"robots\" content=\"index, follow, max-snippet:-1, max-image-preview:large, max-video-preview:-1\" \/>\n<link rel=\"canonical\" href=\"https:\/\/embangola.pl\/?p=5815\" \/>\n<meta property=\"og:locale\" content=\"pl_PL\" \/>\n<meta property=\"og:type\" content=\"article\" \/>\n<meta property=\"og:title\" content=\"Embaixador de Angola realiza visita \u00e0 Universidade Mar\u00edtima de Gdynia - Embaixada da Rep\u00fablica de Angola na Pol\u00f3nia, Let\u00f3nia, Est\u00f3nia e Litu\u00e2nia\" \/>\n<meta property=\"og:description\" content=\"No dia 17 de Novembro de 2025, o Embaixador Extraordin\u00e1rio e Plenipotenci\u00e1rio da Rep\u00fablica de Angola na Pol\u00f3nia, &nbsp;Manuel Pedro Chaves, realizou uma visita \u00e0 Universidade Mar\u00edtima de Gdynia (UMG), a convite do Reitor, Senhor Prof. Dr. Hab. Eng\u00ba Adam Weintrit. A agenda iniciou-se com uma reuni\u00e3o de trabalho com o Reitor, Vice-Reitores e Decanos, [&hellip;]\" \/>\n<meta property=\"og:url\" content=\"https:\/\/embangola.pl\/?p=5815\" \/>\n<meta property=\"og:site_name\" content=\"Embaixada da Rep\u00fablica de Angola na Pol\u00f3nia, Let\u00f3nia, Est\u00f3nia e Litu\u00e2nia\" \/>\n<meta property=\"article:published_time\" content=\"2025-11-18T11:20:11+00:00\" \/>\n<meta property=\"article:modified_time\" content=\"2025-12-08T11:59:31+00:00\" \/>\n<meta property=\"og:image\" content=\"https:\/\/embangola.pl\/wp-content\/uploads\/2025\/12\/Horyzont-II-scaled.jpeg\" \/>\n\t<meta property=\"og:image:width\" content=\"2560\" \/>\n\t<meta property=\"og:image:height\" content=\"1706\" \/>\n\t<meta property=\"og:image:type\" content=\"image\/jpeg\" \/>\n<meta name=\"author\" content=\"manuka\" \/>\n<meta name=\"twitter:card\" content=\"summary_large_image\" \/>\n<meta name=\"twitter:label1\" content=\"Napisane przez\" \/>\n\t<meta name=\"twitter:data1\" content=\"manuka\" \/>\n\t<meta name=\"twitter:label2\" content=\"Szacowany czas czytania\" \/>\n\t<meta name=\"twitter:data2\" content=\"3 minuty\" \/>\n<script type=\"application\/ld+json\" class=\"yoast-schema-graph\">{\"@context\":\"https:\/\/schema.org\",\"@graph\":[{\"@type\":\"WebPage\",\"@id\":\"https:\/\/embangola.pl\/?p=5815\",\"url\":\"https:\/\/embangola.pl\/?p=5815\",\"name\":\"Embaixador de Angola realiza visita \u00e0 Universidade Mar\u00edtima de Gdynia - Embaixada da Rep\u00fablica de Angola na Pol\u00f3nia, Let\u00f3nia, Est\u00f3nia e Litu\u00e2nia\",\"isPartOf\":{\"@id\":\"https:\/\/embangola.pl\/#website\"},\"datePublished\":\"2025-11-18T11:20:11+00:00\",\"dateModified\":\"2025-12-08T11:59:31+00:00\",\"author\":{\"@id\":\"https:\/\/embangola.pl\/#\/schema\/person\/4ba173826306d1b1b16922873bc40a54\"},\"breadcrumb\":{\"@id\":\"https:\/\/embangola.pl\/?p=5815#breadcrumb\"},\"inLanguage\":\"pl-PL\",\"potentialAction\":[{\"@type\":\"ReadAction\",\"target\":[\"https:\/\/embangola.pl\/?p=5815\"]}]},{\"@type\":\"BreadcrumbList\",\"@id\":\"https:\/\/embangola.pl\/?p=5815#breadcrumb\",\"itemListElement\":[{\"@type\":\"ListItem\",\"position\":1,\"name\":\"Strona g\u0142\u00f3wna\",\"item\":\"https:\/\/embangola.pl\/\"},{\"@type\":\"ListItem\",\"position\":2,\"name\":\"Embaixador de Angola realiza visita \u00e0 Universidade Mar\u00edtima de Gdynia\"}]},{\"@type\":\"WebSite\",\"@id\":\"https:\/\/embangola.pl\/#website\",\"url\":\"https:\/\/embangola.pl\/\",\"name\":\"Embaixada da Rep\u00fablica de Angola na Pol\u00f3nia, Let\u00f3nia, Est\u00f3nia e Litu\u00e2nia\",\"description\":\"\",\"potentialAction\":[{\"@type\":\"SearchAction\",\"target\":{\"@type\":\"EntryPoint\",\"urlTemplate\":\"https:\/\/embangola.pl\/?s={search_term_string}\"},\"query-input\":\"required name=search_term_string\"}],\"inLanguage\":\"pl-PL\"},{\"@type\":\"Person\",\"@id\":\"https:\/\/embangola.pl\/#\/schema\/person\/4ba173826306d1b1b16922873bc40a54\",\"name\":\"manuka\",\"image\":{\"@type\":\"ImageObject\",\"inLanguage\":\"pl-PL\",\"@id\":\"https:\/\/embangola.pl\/#\/schema\/person\/image\/\",\"url\":\"https:\/\/secure.gravatar.com\/avatar\/39cd7ca736d2ea9852310febbc62e5b9a16ba7de5a8743bd6c83df4054fad5a7?s=96&d=mm&r=g\",\"contentUrl\":\"https:\/\/secure.gravatar.com\/avatar\/39cd7ca736d2ea9852310febbc62e5b9a16ba7de5a8743bd6c83df4054fad5a7?s=96&d=mm&r=g\",\"caption\":\"manuka\"},\"sameAs\":[\"https:\/\/embangola.pl\"],\"url\":\"https:\/\/embangola.pl\/?author=1\"}]}<\/script>\n<!-- \/ Yoast SEO plugin. -->","yoast_head_json":{"title":"Embaixador de Angola realiza visita \u00e0 Universidade Mar\u00edtima de Gdynia - Embaixada da Rep\u00fablica de Angola na Pol\u00f3nia, Let\u00f3nia, Est\u00f3nia e Litu\u00e2nia","robots":{"index":"index","follow":"follow","max-snippet":"max-snippet:-1","max-image-preview":"max-image-preview:large","max-video-preview":"max-video-preview:-1"},"canonical":"https:\/\/embangola.pl\/?p=5815","og_locale":"pl_PL","og_type":"article","og_title":"Embaixador de Angola realiza visita \u00e0 Universidade Mar\u00edtima de Gdynia - Embaixada da Rep\u00fablica de Angola na Pol\u00f3nia, Let\u00f3nia, Est\u00f3nia e Litu\u00e2nia","og_description":"No dia 17 de Novembro de 2025, o Embaixador Extraordin\u00e1rio e Plenipotenci\u00e1rio da Rep\u00fablica de Angola na Pol\u00f3nia, &nbsp;Manuel Pedro Chaves, realizou uma visita \u00e0 Universidade Mar\u00edtima de Gdynia (UMG), a convite do Reitor, Senhor Prof. Dr. Hab. Eng\u00ba Adam Weintrit. A agenda iniciou-se com uma reuni\u00e3o de trabalho com o Reitor, Vice-Reitores e Decanos, [&hellip;]","og_url":"https:\/\/embangola.pl\/?p=5815","og_site_name":"Embaixada da Rep\u00fablica de Angola na Pol\u00f3nia, Let\u00f3nia, Est\u00f3nia e Litu\u00e2nia","article_published_time":"2025-11-18T11:20:11+00:00","article_modified_time":"2025-12-08T11:59:31+00:00","og_image":[{"width":2560,"height":1706,"url":"https:\/\/embangola.pl\/wp-content\/uploads\/2025\/12\/Horyzont-II-scaled.jpeg","type":"image\/jpeg"}],"author":"manuka","twitter_card":"summary_large_image","twitter_misc":{"Napisane przez":"manuka","Szacowany czas czytania":"3 minuty"},"schema":{"@context":"https:\/\/schema.org","@graph":[{"@type":"WebPage","@id":"https:\/\/embangola.pl\/?p=5815","url":"https:\/\/embangola.pl\/?p=5815","name":"Embaixador de Angola realiza visita \u00e0 Universidade Mar\u00edtima de Gdynia - Embaixada da Rep\u00fablica de Angola na Pol\u00f3nia, Let\u00f3nia, Est\u00f3nia e Litu\u00e2nia","isPartOf":{"@id":"https:\/\/embangola.pl\/#website"},"datePublished":"2025-11-18T11:20:11+00:00","dateModified":"2025-12-08T11:59:31+00:00","author":{"@id":"https:\/\/embangola.pl\/#\/schema\/person\/4ba173826306d1b1b16922873bc40a54"},"breadcrumb":{"@id":"https:\/\/embangola.pl\/?p=5815#breadcrumb"},"inLanguage":"pl-PL","potentialAction":[{"@type":"ReadAction","target":["https:\/\/embangola.pl\/?p=5815"]}]},{"@type":"BreadcrumbList","@id":"https:\/\/embangola.pl\/?p=5815#breadcrumb","itemListElement":[{"@type":"ListItem","position":1,"name":"Strona g\u0142\u00f3wna","item":"https:\/\/embangola.pl\/"},{"@type":"ListItem","position":2,"name":"Embaixador de Angola realiza visita \u00e0 Universidade Mar\u00edtima de Gdynia"}]},{"@type":"WebSite","@id":"https:\/\/embangola.pl\/#website","url":"https:\/\/embangola.pl\/","name":"Embaixada da Rep\u00fablica de Angola na Pol\u00f3nia, Let\u00f3nia, Est\u00f3nia e Litu\u00e2nia","description":"","potentialAction":[{"@type":"SearchAction","target":{"@type":"EntryPoint","urlTemplate":"https:\/\/embangola.pl\/?s={search_term_string}"},"query-input":"required name=search_term_string"}],"inLanguage":"pl-PL"},{"@type":"Person","@id":"https:\/\/embangola.pl\/#\/schema\/person\/4ba173826306d1b1b16922873bc40a54","name":"manuka","image":{"@type":"ImageObject","inLanguage":"pl-PL","@id":"https:\/\/embangola.pl\/#\/schema\/person\/image\/","url":"https:\/\/secure.gravatar.com\/avatar\/39cd7ca736d2ea9852310febbc62e5b9a16ba7de5a8743bd6c83df4054fad5a7?s=96&d=mm&r=g","contentUrl":"https:\/\/secure.gravatar.com\/avatar\/39cd7ca736d2ea9852310febbc62e5b9a16ba7de5a8743bd6c83df4054fad5a7?s=96&d=mm&r=g","caption":"manuka"},"sameAs":["https:\/\/embangola.pl"],"url":"https:\/\/embangola.pl\/?author=1"}]}},"_links":{"self":[{"href":"https:\/\/embangola.pl\/index.php?rest_route=\/wp\/v2\/posts\/5815","targetHints":{"allow":["GET"]}}],"collection":[{"href":"https:\/\/embangola.pl\/index.php?rest_route=\/wp\/v2\/posts"}],"about":[{"href":"https:\/\/embangola.pl\/index.php?rest_route=\/wp\/v2\/types\/post"}],"author":[{"embeddable":true,"href":"https:\/\/embangola.pl\/index.php?rest_route=\/wp\/v2\/users\/1"}],"replies":[{"embeddable":true,"href":"https:\/\/embangola.pl\/index.php?rest_route=%2Fwp%2Fv2%2Fcomments&post=5815"}],"version-history":[{"count":2,"href":"https:\/\/embangola.pl\/index.php?rest_route=\/wp\/v2\/posts\/5815\/revisions"}],"predecessor-version":[{"id":5832,"href":"https:\/\/embangola.pl\/index.php?rest_route=\/wp\/v2\/posts\/5815\/revisions\/5832"}],"wp:featuredmedia":[{"embeddable":true,"href":"https:\/\/embangola.pl\/index.php?rest_route=\/wp\/v2\/media\/5822"}],"wp:attachment":[{"href":"https:\/\/embangola.pl\/index.php?rest_route=%2Fwp%2Fv2%2Fmedia&parent=5815"}],"wp:term":[{"taxonomy":"category","embeddable":true,"href":"https:\/\/embangola.pl\/index.php?rest_route=%2Fwp%2Fv2%2Fcategories&post=5815"},{"taxonomy":"post_tag","embeddable":true,"href":"https:\/\/embangola.pl\/index.php?rest_route=%2Fwp%2Fv2%2Ftags&post=5815"}],"curies":[{"name":"wp","href":"https:\/\/api.w.org\/{rel}","templated":true}]}}