{"id":5183,"date":"2025-11-13T10:16:38","date_gmt":"2025-11-13T09:16:38","guid":{"rendered":"https:\/\/embangola.pl\/?p=5183"},"modified":"2025-11-21T15:15:24","modified_gmt":"2025-11-21T14:15:24","slug":"angolanos-na-polonia-celebram-os-50-anos-da-independencia-nacional","status":"publish","type":"post","link":"https:\/\/embangola.pl\/?p=5183","title":{"rendered":"Angolanos na Pol\u00f3nia celebram os 50 anos da Independ\u00eancia Nacional"},"content":{"rendered":"\n<p><\/p>\n\n\n\n<div class=\"wp-block-columns is-layout-flex wp-container-core-columns-is-layout-28f84493 wp-block-columns-is-layout-flex\">\n<div class=\"wp-block-column is-layout-flow wp-block-column-is-layout-flow\">\n<figure class=\"wp-block-image size-large\"><img loading=\"lazy\" decoding=\"async\" width=\"1024\" height=\"679\" src=\"https:\/\/embangola.pl\/wp-content\/uploads\/2025\/11\/Actividade-de-11-de-Nov-1-1024x679.jpg\" alt=\"\" class=\"wp-image-5191\" srcset=\"https:\/\/embangola.pl\/wp-content\/uploads\/2025\/11\/Actividade-de-11-de-Nov-1-1024x679.jpg 1024w, https:\/\/embangola.pl\/wp-content\/uploads\/2025\/11\/Actividade-de-11-de-Nov-1-300x199.jpg 300w, https:\/\/embangola.pl\/wp-content\/uploads\/2025\/11\/Actividade-de-11-de-Nov-1-768x509.jpg 768w, https:\/\/embangola.pl\/wp-content\/uploads\/2025\/11\/Actividade-de-11-de-Nov-1-600x398.jpg 600w, https:\/\/embangola.pl\/wp-content\/uploads\/2025\/11\/Actividade-de-11-de-Nov-1-1200x796.jpg 1200w, https:\/\/embangola.pl\/wp-content\/uploads\/2025\/11\/Actividade-de-11-de-Nov-1.jpg 1280w\" sizes=\"auto, (max-width: 1024px) 100vw, 1024px\" \/><\/figure>\n\n\n\n<figure class=\"wp-block-gallery has-nested-images columns-default is-cropped wp-block-gallery-1 is-layout-flex wp-block-gallery-is-layout-flex\">\n<figure class=\"wp-block-image size-large\"><a href=\"https:\/\/embangola.pl\/wp-content\/uploads\/2025\/11\/Actividade-de-11-de-Nov-1.jpg\"><img loading=\"lazy\" decoding=\"async\" width=\"1024\" height=\"679\" data-id=\"5191\" src=\"https:\/\/embangola.pl\/wp-content\/uploads\/2025\/11\/Actividade-de-11-de-Nov-1-1024x679.jpg\" alt=\"\" class=\"wp-image-5191\" srcset=\"https:\/\/embangola.pl\/wp-content\/uploads\/2025\/11\/Actividade-de-11-de-Nov-1-1024x679.jpg 1024w, https:\/\/embangola.pl\/wp-content\/uploads\/2025\/11\/Actividade-de-11-de-Nov-1-300x199.jpg 300w, https:\/\/embangola.pl\/wp-content\/uploads\/2025\/11\/Actividade-de-11-de-Nov-1-768x509.jpg 768w, https:\/\/embangola.pl\/wp-content\/uploads\/2025\/11\/Actividade-de-11-de-Nov-1-600x398.jpg 600w, https:\/\/embangola.pl\/wp-content\/uploads\/2025\/11\/Actividade-de-11-de-Nov-1-1200x796.jpg 1200w, https:\/\/embangola.pl\/wp-content\/uploads\/2025\/11\/Actividade-de-11-de-Nov-1.jpg 1280w\" sizes=\"auto, (max-width: 1024px) 100vw, 1024px\" \/><\/a><figcaption class=\"wp-element-caption\">Embaixador Manuel Pedro Chaves <\/figcaption><\/figure>\n\n\n\n<figure class=\"wp-block-image size-large\"><a href=\"https:\/\/embangola.pl\/wp-content\/uploads\/2025\/11\/Secretaria-de-Estado-edited.jpg\"><img loading=\"lazy\" decoding=\"async\" width=\"491\" height=\"740\" data-id=\"5199\" src=\"https:\/\/embangola.pl\/wp-content\/uploads\/2025\/11\/Secretaria-de-Estado-edited.jpg\" alt=\"\" class=\"wp-image-5199\" srcset=\"https:\/\/embangola.pl\/wp-content\/uploads\/2025\/11\/Secretaria-de-Estado-edited.jpg 491w, https:\/\/embangola.pl\/wp-content\/uploads\/2025\/11\/Secretaria-de-Estado-edited-199x300.jpg 199w\" sizes=\"auto, (max-width: 491px) 100vw, 491px\" \/><\/a><figcaption class=\"wp-element-caption\">Subsecret\u00e1rio de Estado Henryka Mo\u015bcicka-Dendys<\/figcaption><\/figure>\n\n\n\n<figure class=\"wp-block-image size-large\"><a href=\"https:\/\/embangola.pl\/wp-content\/uploads\/2025\/11\/Actividade-de-11-de-Novem-1.jpg\"><img loading=\"lazy\" decoding=\"async\" width=\"1024\" height=\"679\" data-id=\"5187\" src=\"https:\/\/embangola.pl\/wp-content\/uploads\/2025\/11\/Actividade-de-11-de-Novem-1-1024x679.jpg\" alt=\"\" class=\"wp-image-5187\" srcset=\"https:\/\/embangola.pl\/wp-content\/uploads\/2025\/11\/Actividade-de-11-de-Novem-1-1024x679.jpg 1024w, https:\/\/embangola.pl\/wp-content\/uploads\/2025\/11\/Actividade-de-11-de-Novem-1-300x199.jpg 300w, https:\/\/embangola.pl\/wp-content\/uploads\/2025\/11\/Actividade-de-11-de-Novem-1-768x509.jpg 768w, https:\/\/embangola.pl\/wp-content\/uploads\/2025\/11\/Actividade-de-11-de-Novem-1-600x398.jpg 600w, https:\/\/embangola.pl\/wp-content\/uploads\/2025\/11\/Actividade-de-11-de-Novem-1-1200x796.jpg 1200w, https:\/\/embangola.pl\/wp-content\/uploads\/2025\/11\/Actividade-de-11-de-Novem-1.jpg 1280w\" sizes=\"auto, (max-width: 1024px) 100vw, 1024px\" \/><\/a><\/figure>\n\n\n\n<figure class=\"wp-block-image size-large\"><a href=\"https:\/\/embangola.pl\/wp-content\/uploads\/2025\/11\/Actividade-de-11-de-Novembro.jpg\"><img loading=\"lazy\" decoding=\"async\" width=\"1024\" height=\"679\" data-id=\"5192\" src=\"https:\/\/embangola.pl\/wp-content\/uploads\/2025\/11\/Actividade-de-11-de-Novembro-1024x679.jpg\" alt=\"\" class=\"wp-image-5192\" srcset=\"https:\/\/embangola.pl\/wp-content\/uploads\/2025\/11\/Actividade-de-11-de-Novembro-1024x679.jpg 1024w, https:\/\/embangola.pl\/wp-content\/uploads\/2025\/11\/Actividade-de-11-de-Novembro-300x199.jpg 300w, https:\/\/embangola.pl\/wp-content\/uploads\/2025\/11\/Actividade-de-11-de-Novembro-768x509.jpg 768w, https:\/\/embangola.pl\/wp-content\/uploads\/2025\/11\/Actividade-de-11-de-Novembro-600x398.jpg 600w, https:\/\/embangola.pl\/wp-content\/uploads\/2025\/11\/Actividade-de-11-de-Novembro-1200x796.jpg 1200w, https:\/\/embangola.pl\/wp-content\/uploads\/2025\/11\/Actividade-de-11-de-Novembro.jpg 1280w\" sizes=\"auto, (max-width: 1024px) 100vw, 1024px\" \/><\/a><\/figure>\n\n\n\n<figure class=\"wp-block-image size-large\"><a href=\"https:\/\/embangola.pl\/wp-content\/uploads\/2025\/11\/Actividade-de-11-de-Novem-2025.jpg\"><img loading=\"lazy\" decoding=\"async\" width=\"1024\" height=\"680\" data-id=\"5194\" src=\"https:\/\/embangola.pl\/wp-content\/uploads\/2025\/11\/Actividade-de-11-de-Novem-2025-1024x680.jpg\" alt=\"\" class=\"wp-image-5194\" srcset=\"https:\/\/embangola.pl\/wp-content\/uploads\/2025\/11\/Actividade-de-11-de-Novem-2025-1024x680.jpg 1024w, https:\/\/embangola.pl\/wp-content\/uploads\/2025\/11\/Actividade-de-11-de-Novem-2025-300x199.jpg 300w, https:\/\/embangola.pl\/wp-content\/uploads\/2025\/11\/Actividade-de-11-de-Novem-2025-768x510.jpg 768w, https:\/\/embangola.pl\/wp-content\/uploads\/2025\/11\/Actividade-de-11-de-Novem-2025-1536x1020.jpg 1536w, https:\/\/embangola.pl\/wp-content\/uploads\/2025\/11\/Actividade-de-11-de-Novem-2025-600x398.jpg 600w, https:\/\/embangola.pl\/wp-content\/uploads\/2025\/11\/Actividade-de-11-de-Novem-2025-1200x797.jpg 1200w, https:\/\/embangola.pl\/wp-content\/uploads\/2025\/11\/Actividade-de-11-de-Novem-2025-1500x996.jpg 1500w, https:\/\/embangola.pl\/wp-content\/uploads\/2025\/11\/Actividade-de-11-de-Novem-2025.jpg 1600w\" sizes=\"auto, (max-width: 1024px) 100vw, 1024px\" \/><\/a><\/figure>\n<\/figure>\n<\/div>\n\n\n\n<div class=\"wp-block-column is-layout-flow wp-block-column-is-layout-flow\">\n<p><strong>A Embaixada de Angola na Pol\u00f4nia celebrou, quarta-feira, em Vars\u00f3via, os 50 Anos da independ\u00eancia nacional, assinalado no dia 11 de Novembro.<\/strong><\/p>\n\n\n\n<p><\/p>\n\n\n\n<p>Segundo um comunicado de imprensa, o evento reuniu pol\u00edticos dos mais diferentes \u00f3rg\u00e3os e sectores, representantes das miss\u00f5es diplom\u00e1ticas acreditadas naquele pa\u00eds e comunidade angolana residente.<\/p>\n\n\n\n<p>Ao discursar no evento, o embaixador de Angola na Pol\u00f3nia, Manuel Chaves, descreveu o percurso hist\u00f3rico do pa\u00eds at\u00e9 ao alcance da independ\u00eancia nacional, bem como o papel da Pol\u00f3nia nos momentos mais dif\u00edceis deste processo.<\/p>\n\n\n\n<p>O diplomata falou, tamb\u00e9m, dos desafios enfrentados pelo povo angolano no quadro do conflito armado, o trabalho do Executivo no alcance da estabilidade pol\u00edtica e econ\u00f3mica e as ac\u00e7oes que est\u00e3o a ser realizadas visando o desenvolvimento sustent\u00e1vel do pa\u00eds.<\/p>\n\n\n\n<p>Por sua vez, secret\u00e1ria de Estado Henryka Denys debru\u00e7ou-se sobre as rela\u00e7\u00f5es hist\u00f3ricas entre a Pol\u00f3nia e Angola e o interesse do seu pa\u00eds em participar no processo de desenvolvimento do nosso pa\u00eds.<\/p>\n\n\n\n<p>Destacou que Angola \u00e9 um pa\u00eds forte na regi\u00e3o com quem t\u00eam muito interesse no aprofundamento das rela\u00e7\u00f5es e no desenvolvimento de neg\u00f3cios com vantagens rec\u00edprocas.<\/p>\n\n\n\n<p>Abordou sobre a cimeira de Chefes de Governo que ter\u00e1 lugar entre 24 a 25 do corrente ano, em Luanda, onde participar\u00e3o l\u00edderes europeus do mais alto n\u00edvel, desejando sucessos e que a mesma gere impacto para o crescimento dos dois continentes.<\/p>\n\n\n\n<p>O evento ficou marcado tamb\u00e9m pelo momento cultural abrilhantado pela cantora Carina Santos, cujo portef\u00f3lio musical animou os convidados com a dan\u00e7a kizomba reafirmando o impacto que este estilo musical angolano tem al\u00e9m fronteira.<\/p>\n<\/div>\n<\/div>\n\n\n\n<div class=\"wp-block-columns is-layout-flex wp-container-core-columns-is-layout-28f84493 wp-block-columns-is-layout-flex\">\n<div class=\"wp-block-column is-layout-flow wp-block-column-is-layout-flow\"><\/div>\n<\/div>\n","protected":false},"excerpt":{"rendered":"<p>A Embaixada de Angola na Pol\u00f4nia celebrou, quarta-feira, em Vars\u00f3via, os 50 Anos da independ\u00eancia nacional, assinalado no dia 11 de Novembro. Segundo um comunicado de imprensa, o evento reuniu pol\u00edticos dos mais diferentes \u00f3rg\u00e3os e sectores, representantes das miss\u00f5es diplom\u00e1ticas acreditadas naquele pa\u00eds e comunidade angolana residente. Ao discursar no evento, o embaixador de [&hellip;]<\/p>\n","protected":false},"author":1,"featured_media":5184,"comment_status":"open","ping_status":"open","sticky":false,"template":"","format":"standard","meta":{"inline_featured_image":false,"footnotes":""},"categories":[40],"tags":[],"class_list":["post-5183","post","type-post","status-publish","format-standard","has-post-thumbnail","hentry","category-actualidade"],"acf":[],"yoast_head":"<!-- This site is optimized with the Yoast SEO plugin v19.6.1 - https:\/\/yoast.com\/wordpress\/plugins\/seo\/ -->\n<title>Angolanos na Pol\u00f3nia celebram os 50 anos da Independ\u00eancia Nacional - Embaixada da Rep\u00fablica de Angola na Pol\u00f3nia, Let\u00f3nia, Est\u00f3nia e Litu\u00e2nia<\/title>\n<meta name=\"robots\" content=\"index, follow, max-snippet:-1, max-image-preview:large, max-video-preview:-1\" \/>\n<link rel=\"canonical\" href=\"https:\/\/embangola.pl\/?p=5183\" \/>\n<meta property=\"og:locale\" content=\"pl_PL\" \/>\n<meta property=\"og:type\" content=\"article\" \/>\n<meta property=\"og:title\" content=\"Angolanos na Pol\u00f3nia celebram os 50 anos da Independ\u00eancia Nacional - Embaixada da Rep\u00fablica de Angola na Pol\u00f3nia, Let\u00f3nia, Est\u00f3nia e Litu\u00e2nia\" \/>\n<meta property=\"og:description\" content=\"A Embaixada de Angola na Pol\u00f4nia celebrou, quarta-feira, em Vars\u00f3via, os 50 Anos da independ\u00eancia nacional, assinalado no dia 11 de Novembro. Segundo um comunicado de imprensa, o evento reuniu pol\u00edticos dos mais diferentes \u00f3rg\u00e3os e sectores, representantes das miss\u00f5es diplom\u00e1ticas acreditadas naquele pa\u00eds e comunidade angolana residente. Ao discursar no evento, o embaixador de [&hellip;]\" \/>\n<meta property=\"og:url\" content=\"https:\/\/embangola.pl\/?p=5183\" \/>\n<meta property=\"og:site_name\" content=\"Embaixada da Rep\u00fablica de Angola na Pol\u00f3nia, Let\u00f3nia, Est\u00f3nia e Litu\u00e2nia\" \/>\n<meta property=\"article:published_time\" content=\"2025-11-13T09:16:38+00:00\" \/>\n<meta property=\"article:modified_time\" content=\"2025-11-21T14:15:24+00:00\" \/>\n<meta property=\"og:image\" content=\"https:\/\/embangola.pl\/wp-content\/uploads\/2025\/11\/Actividade-de-11-de-Nov.jpg\" \/>\n\t<meta property=\"og:image:width\" content=\"1280\" \/>\n\t<meta property=\"og:image:height\" content=\"849\" \/>\n\t<meta property=\"og:image:type\" content=\"image\/jpeg\" \/>\n<meta name=\"author\" content=\"manuka\" \/>\n<meta name=\"twitter:card\" content=\"summary_large_image\" \/>\n<meta name=\"twitter:label1\" content=\"Napisane przez\" \/>\n\t<meta name=\"twitter:data1\" content=\"manuka\" \/>\n\t<meta name=\"twitter:label2\" content=\"Szacowany czas czytania\" \/>\n\t<meta name=\"twitter:data2\" content=\"3 minuty\" \/>\n<script type=\"application\/ld+json\" class=\"yoast-schema-graph\">{\"@context\":\"https:\/\/schema.org\",\"@graph\":[{\"@type\":\"WebPage\",\"@id\":\"https:\/\/embangola.pl\/?p=5183\",\"url\":\"https:\/\/embangola.pl\/?p=5183\",\"name\":\"Angolanos na Pol\u00f3nia celebram os 50 anos da Independ\u00eancia Nacional - Embaixada da Rep\u00fablica de Angola na Pol\u00f3nia, Let\u00f3nia, Est\u00f3nia e Litu\u00e2nia\",\"isPartOf\":{\"@id\":\"https:\/\/embangola.pl\/#website\"},\"datePublished\":\"2025-11-13T09:16:38+00:00\",\"dateModified\":\"2025-11-21T14:15:24+00:00\",\"author\":{\"@id\":\"https:\/\/embangola.pl\/#\/schema\/person\/4ba173826306d1b1b16922873bc40a54\"},\"breadcrumb\":{\"@id\":\"https:\/\/embangola.pl\/?p=5183#breadcrumb\"},\"inLanguage\":\"pl-PL\",\"potentialAction\":[{\"@type\":\"ReadAction\",\"target\":[\"https:\/\/embangola.pl\/?p=5183\"]}]},{\"@type\":\"BreadcrumbList\",\"@id\":\"https:\/\/embangola.pl\/?p=5183#breadcrumb\",\"itemListElement\":[{\"@type\":\"ListItem\",\"position\":1,\"name\":\"Strona g\u0142\u00f3wna\",\"item\":\"https:\/\/embangola.pl\/\"},{\"@type\":\"ListItem\",\"position\":2,\"name\":\"Angolanos na Pol\u00f3nia celebram os 50 anos da Independ\u00eancia Nacional\"}]},{\"@type\":\"WebSite\",\"@id\":\"https:\/\/embangola.pl\/#website\",\"url\":\"https:\/\/embangola.pl\/\",\"name\":\"Embaixada da Rep\u00fablica de Angola na Pol\u00f3nia, Let\u00f3nia, Est\u00f3nia e Litu\u00e2nia\",\"description\":\"\",\"potentialAction\":[{\"@type\":\"SearchAction\",\"target\":{\"@type\":\"EntryPoint\",\"urlTemplate\":\"https:\/\/embangola.pl\/?s={search_term_string}\"},\"query-input\":\"required name=search_term_string\"}],\"inLanguage\":\"pl-PL\"},{\"@type\":\"Person\",\"@id\":\"https:\/\/embangola.pl\/#\/schema\/person\/4ba173826306d1b1b16922873bc40a54\",\"name\":\"manuka\",\"image\":{\"@type\":\"ImageObject\",\"inLanguage\":\"pl-PL\",\"@id\":\"https:\/\/embangola.pl\/#\/schema\/person\/image\/\",\"url\":\"https:\/\/secure.gravatar.com\/avatar\/39cd7ca736d2ea9852310febbc62e5b9a16ba7de5a8743bd6c83df4054fad5a7?s=96&d=mm&r=g\",\"contentUrl\":\"https:\/\/secure.gravatar.com\/avatar\/39cd7ca736d2ea9852310febbc62e5b9a16ba7de5a8743bd6c83df4054fad5a7?s=96&d=mm&r=g\",\"caption\":\"manuka\"},\"sameAs\":[\"https:\/\/embangola.pl\"],\"url\":\"https:\/\/embangola.pl\/?author=1\"}]}<\/script>\n<!-- \/ Yoast SEO plugin. -->","yoast_head_json":{"title":"Angolanos na Pol\u00f3nia celebram os 50 anos da Independ\u00eancia Nacional - Embaixada da Rep\u00fablica de Angola na Pol\u00f3nia, Let\u00f3nia, Est\u00f3nia e Litu\u00e2nia","robots":{"index":"index","follow":"follow","max-snippet":"max-snippet:-1","max-image-preview":"max-image-preview:large","max-video-preview":"max-video-preview:-1"},"canonical":"https:\/\/embangola.pl\/?p=5183","og_locale":"pl_PL","og_type":"article","og_title":"Angolanos na Pol\u00f3nia celebram os 50 anos da Independ\u00eancia Nacional - Embaixada da Rep\u00fablica de Angola na Pol\u00f3nia, Let\u00f3nia, Est\u00f3nia e Litu\u00e2nia","og_description":"A Embaixada de Angola na Pol\u00f4nia celebrou, quarta-feira, em Vars\u00f3via, os 50 Anos da independ\u00eancia nacional, assinalado no dia 11 de Novembro. Segundo um comunicado de imprensa, o evento reuniu pol\u00edticos dos mais diferentes \u00f3rg\u00e3os e sectores, representantes das miss\u00f5es diplom\u00e1ticas acreditadas naquele pa\u00eds e comunidade angolana residente. Ao discursar no evento, o embaixador de [&hellip;]","og_url":"https:\/\/embangola.pl\/?p=5183","og_site_name":"Embaixada da Rep\u00fablica de Angola na Pol\u00f3nia, Let\u00f3nia, Est\u00f3nia e Litu\u00e2nia","article_published_time":"2025-11-13T09:16:38+00:00","article_modified_time":"2025-11-21T14:15:24+00:00","og_image":[{"width":1280,"height":849,"url":"https:\/\/embangola.pl\/wp-content\/uploads\/2025\/11\/Actividade-de-11-de-Nov.jpg","type":"image\/jpeg"}],"author":"manuka","twitter_card":"summary_large_image","twitter_misc":{"Napisane przez":"manuka","Szacowany czas czytania":"3 minuty"},"schema":{"@context":"https:\/\/schema.org","@graph":[{"@type":"WebPage","@id":"https:\/\/embangola.pl\/?p=5183","url":"https:\/\/embangola.pl\/?p=5183","name":"Angolanos na Pol\u00f3nia celebram os 50 anos da Independ\u00eancia Nacional - Embaixada da Rep\u00fablica de Angola na Pol\u00f3nia, Let\u00f3nia, Est\u00f3nia e Litu\u00e2nia","isPartOf":{"@id":"https:\/\/embangola.pl\/#website"},"datePublished":"2025-11-13T09:16:38+00:00","dateModified":"2025-11-21T14:15:24+00:00","author":{"@id":"https:\/\/embangola.pl\/#\/schema\/person\/4ba173826306d1b1b16922873bc40a54"},"breadcrumb":{"@id":"https:\/\/embangola.pl\/?p=5183#breadcrumb"},"inLanguage":"pl-PL","potentialAction":[{"@type":"ReadAction","target":["https:\/\/embangola.pl\/?p=5183"]}]},{"@type":"BreadcrumbList","@id":"https:\/\/embangola.pl\/?p=5183#breadcrumb","itemListElement":[{"@type":"ListItem","position":1,"name":"Strona g\u0142\u00f3wna","item":"https:\/\/embangola.pl\/"},{"@type":"ListItem","position":2,"name":"Angolanos na Pol\u00f3nia celebram os 50 anos da Independ\u00eancia Nacional"}]},{"@type":"WebSite","@id":"https:\/\/embangola.pl\/#website","url":"https:\/\/embangola.pl\/","name":"Embaixada da Rep\u00fablica de Angola na Pol\u00f3nia, Let\u00f3nia, Est\u00f3nia e Litu\u00e2nia","description":"","potentialAction":[{"@type":"SearchAction","target":{"@type":"EntryPoint","urlTemplate":"https:\/\/embangola.pl\/?s={search_term_string}"},"query-input":"required name=search_term_string"}],"inLanguage":"pl-PL"},{"@type":"Person","@id":"https:\/\/embangola.pl\/#\/schema\/person\/4ba173826306d1b1b16922873bc40a54","name":"manuka","image":{"@type":"ImageObject","inLanguage":"pl-PL","@id":"https:\/\/embangola.pl\/#\/schema\/person\/image\/","url":"https:\/\/secure.gravatar.com\/avatar\/39cd7ca736d2ea9852310febbc62e5b9a16ba7de5a8743bd6c83df4054fad5a7?s=96&d=mm&r=g","contentUrl":"https:\/\/secure.gravatar.com\/avatar\/39cd7ca736d2ea9852310febbc62e5b9a16ba7de5a8743bd6c83df4054fad5a7?s=96&d=mm&r=g","caption":"manuka"},"sameAs":["https:\/\/embangola.pl"],"url":"https:\/\/embangola.pl\/?author=1"}]}},"_links":{"self":[{"href":"https:\/\/embangola.pl\/index.php?rest_route=\/wp\/v2\/posts\/5183","targetHints":{"allow":["GET"]}}],"collection":[{"href":"https:\/\/embangola.pl\/index.php?rest_route=\/wp\/v2\/posts"}],"about":[{"href":"https:\/\/embangola.pl\/index.php?rest_route=\/wp\/v2\/types\/post"}],"author":[{"embeddable":true,"href":"https:\/\/embangola.pl\/index.php?rest_route=\/wp\/v2\/users\/1"}],"replies":[{"embeddable":true,"href":"https:\/\/embangola.pl\/index.php?rest_route=%2Fwp%2Fv2%2Fcomments&post=5183"}],"version-history":[{"count":11,"href":"https:\/\/embangola.pl\/index.php?rest_route=\/wp\/v2\/posts\/5183\/revisions"}],"predecessor-version":[{"id":5211,"href":"https:\/\/embangola.pl\/index.php?rest_route=\/wp\/v2\/posts\/5183\/revisions\/5211"}],"wp:featuredmedia":[{"embeddable":true,"href":"https:\/\/embangola.pl\/index.php?rest_route=\/wp\/v2\/media\/5184"}],"wp:attachment":[{"href":"https:\/\/embangola.pl\/index.php?rest_route=%2Fwp%2Fv2%2Fmedia&parent=5183"}],"wp:term":[{"taxonomy":"category","embeddable":true,"href":"https:\/\/embangola.pl\/index.php?rest_route=%2Fwp%2Fv2%2Fcategories&post=5183"},{"taxonomy":"post_tag","embeddable":true,"href":"https:\/\/embangola.pl\/index.php?rest_route=%2Fwp%2Fv2%2Ftags&post=5183"}],"curies":[{"name":"wp","href":"https:\/\/api.w.org\/{rel}","templated":true}]}}