{"id":5022,"date":"2025-09-18T13:01:07","date_gmt":"2025-09-18T11:01:07","guid":{"rendered":"https:\/\/embangola.pl\/?p=5022"},"modified":"2025-10-03T14:01:38","modified_gmt":"2025-10-03T12:01:38","slug":"angola-e-polonia-realizam-consultas-politicas-com-foco-no-reforco-das-relacoes-bilaterais","status":"publish","type":"post","link":"https:\/\/embangola.pl\/?p=5022","title":{"rendered":"ANGOLA E POL\u00d3NIA REALIZAM CONSULTAS POL\u00cdTICAS COM FOCO NO REFOR\u00c7O DAS RELA\u00c7\u00d5ES BILATERAIS."},"content":{"rendered":"\n<div class=\"wp-block-columns is-layout-flex wp-container-core-columns-is-layout-28f84493 wp-block-columns-is-layout-flex\">\n<div class=\"wp-block-column is-layout-flow wp-block-column-is-layout-flow\">\n<div class=\"wp-block-columns is-layout-flex wp-container-core-columns-is-layout-28f84493 wp-block-columns-is-layout-flex\">\n<div class=\"wp-block-column is-layout-flow wp-block-column-is-layout-flow\" style=\"flex-basis:66.66%\">\n<figure class=\"wp-block-image size-large\"><img loading=\"lazy\" decoding=\"async\" width=\"1024\" height=\"507\" src=\"https:\/\/embangola.pl\/wp-content\/uploads\/2025\/10\/2-1024x507.jpeg\" alt=\"\" class=\"wp-image-5025\" srcset=\"https:\/\/embangola.pl\/wp-content\/uploads\/2025\/10\/2-1024x507.jpeg 1024w, https:\/\/embangola.pl\/wp-content\/uploads\/2025\/10\/2-300x148.jpeg 300w, https:\/\/embangola.pl\/wp-content\/uploads\/2025\/10\/2-768x380.jpeg 768w, https:\/\/embangola.pl\/wp-content\/uploads\/2025\/10\/2-600x297.jpeg 600w, https:\/\/embangola.pl\/wp-content\/uploads\/2025\/10\/2.jpeg 1122w\" sizes=\"auto, (max-width: 1024px) 100vw, 1024px\" \/><\/figure>\n<\/div>\n\n\n\n<div class=\"wp-block-column is-layout-flow wp-block-column-is-layout-flow\" style=\"flex-basis:33.33%\">\n<figure class=\"wp-block-gallery has-nested-images columns-default is-cropped wp-block-gallery-1 is-layout-flex wp-block-gallery-is-layout-flex\">\n<figure class=\"wp-block-image size-large\"><a href=\"https:\/\/embangola.pl\/wp-content\/uploads\/2025\/09\/11.jpg\"><img loading=\"lazy\" decoding=\"async\" width=\"1024\" height=\"681\" data-id=\"5028\" src=\"https:\/\/embangola.pl\/wp-content\/uploads\/2025\/09\/11-1024x681.jpg\" alt=\"\" class=\"wp-image-5028\" srcset=\"https:\/\/embangola.pl\/wp-content\/uploads\/2025\/09\/11-1024x681.jpg 1024w, https:\/\/embangola.pl\/wp-content\/uploads\/2025\/09\/11-300x200.jpg 300w, https:\/\/embangola.pl\/wp-content\/uploads\/2025\/09\/11-768x511.jpg 768w, https:\/\/embangola.pl\/wp-content\/uploads\/2025\/09\/11-600x399.jpg 600w, https:\/\/embangola.pl\/wp-content\/uploads\/2025\/09\/11.jpg 1039w\" sizes=\"auto, (max-width: 1024px) 100vw, 1024px\" \/><\/a><\/figure>\n\n\n\n<figure class=\"wp-block-image size-large\"><a href=\"https:\/\/embangola.pl\/wp-content\/uploads\/2025\/09\/CMD.jpg\"><img loading=\"lazy\" decoding=\"async\" width=\"1024\" height=\"513\" data-id=\"5035\" src=\"https:\/\/embangola.pl\/wp-content\/uploads\/2025\/09\/CMD-1024x513.jpg\" alt=\"\" class=\"wp-image-5035\" srcset=\"https:\/\/embangola.pl\/wp-content\/uploads\/2025\/09\/CMD-1024x513.jpg 1024w, https:\/\/embangola.pl\/wp-content\/uploads\/2025\/09\/CMD-300x150.jpg 300w, https:\/\/embangola.pl\/wp-content\/uploads\/2025\/09\/CMD-768x385.jpg 768w, https:\/\/embangola.pl\/wp-content\/uploads\/2025\/09\/CMD-1536x770.jpg 1536w, https:\/\/embangola.pl\/wp-content\/uploads\/2025\/09\/CMD-600x301.jpg 600w, https:\/\/embangola.pl\/wp-content\/uploads\/2025\/09\/CMD-1200x601.jpg 1200w, https:\/\/embangola.pl\/wp-content\/uploads\/2025\/09\/CMD-1500x752.jpg 1500w, https:\/\/embangola.pl\/wp-content\/uploads\/2025\/09\/CMD.jpg 1886w\" sizes=\"auto, (max-width: 1024px) 100vw, 1024px\" \/><\/a><\/figure>\n\n\n\n<figure class=\"wp-block-image size-large\"><a href=\"https:\/\/embangola.pl\/wp-content\/uploads\/2025\/10\/2.jpeg\"><img loading=\"lazy\" decoding=\"async\" width=\"1024\" height=\"507\" data-id=\"5025\" src=\"https:\/\/embangola.pl\/wp-content\/uploads\/2025\/10\/2-1024x507.jpeg\" alt=\"\" class=\"wp-image-5025\" srcset=\"https:\/\/embangola.pl\/wp-content\/uploads\/2025\/10\/2-1024x507.jpeg 1024w, https:\/\/embangola.pl\/wp-content\/uploads\/2025\/10\/2-300x148.jpeg 300w, https:\/\/embangola.pl\/wp-content\/uploads\/2025\/10\/2-768x380.jpeg 768w, https:\/\/embangola.pl\/wp-content\/uploads\/2025\/10\/2-600x297.jpeg 600w, https:\/\/embangola.pl\/wp-content\/uploads\/2025\/10\/2.jpeg 1122w\" sizes=\"auto, (max-width: 1024px) 100vw, 1024px\" \/><\/a><\/figure>\n<\/figure>\n<\/div>\n<\/div>\n<\/div>\n<\/div>\n\n\n\n<div class=\"wp-block-columns is-layout-flex wp-container-core-columns-is-layout-28f84493 wp-block-columns-is-layout-flex\">\n<div class=\"wp-block-column is-layout-flow wp-block-column-is-layout-flow\">\n<p>Uma delega\u00e7\u00e3o chefiada por S\/Excia Secret\u00e1rio de Estado para Coopera\u00e7\u00e3o Internacional e Comunidades Angolanas, Domingos Vieira Lopes, visitou a Rep\u00fablica da Pol\u00f3nia para a realiza\u00e7\u00e3o de consultas pol\u00edticas com este pa\u00eds.<\/p>\n\n\n\n<p>As mesmas tiveram lugar nos dias 16 e 17 do m\u00eas em curso e contou, da parte angolana, para al\u00e9m do Secret\u00e1rio de Estado, com o Embaixador de Angola na Rep\u00fablica da Pol\u00f3nia, Manuel Pedro Chaves, a Directora da Direc\u00e7\u00e3o Europa do MIREX, Maria Cuandina de Carvalho, o Director da Direc\u00e7\u00e3o de Coopera\u00e7\u00e3o Internacional, Jos\u00e9 Paulino da Silva, a Directora Geral do Instituto das Comunidades Angolanas no Exterior e Servi\u00e7os Consulares, Maria Filomena Ant\u00f3nio.<\/p>\n\n\n\n<p>Da parte polaca participaram o Vice Ministro Wojciech Zaj\u0105czkowski, estiveram presentes o Director Adjunto do Departamento \u00c1frica e M\u00e9dio Oriente, o Chefe do Departamento de Estrat\u00e9gia, a Directora do Departamento de Comunica\u00e7\u00f5es e Combate \u00e0 Desinforma\u00e7\u00e3o, a Directora do Departamento dos Assuntos Globais e a Directora Adjunta do Departamento de Coopera\u00e7\u00e3o Econ\u00f3mica.<\/p>\n\n\n\n<p>O Secret\u00e1rio de estado Domingos Vieira Lopes manteve um encontro de cortesia com o Vice-Primeiro Ministro e Ministro das Rela\u00e7\u00f5es Exteriores Radoslaw Sikorski, ao qual foi entregue uma mensagem do seu hom\u00f3logo angolano T\u00eate Ant\u00f3nio, que destacou a import\u00e2ncia do fortalecimento das rela\u00e7\u00f5es bilaterais.<\/p>\n\n\n\n<p>A delega\u00e7\u00e3o angolana foi igualmente recebida no Minist\u00e9rio do Desenvolvimento e Tecnologias e no Minist\u00e9rio dos Assuntos Digitais da Pol\u00f3nia, lideres na gest\u00e3o e efici\u00eancia, ou na moderniza\u00e7\u00e3o de equipamentos.<\/p>\n\n\n\n<p>Outrossim, destacar a visita \u00e0 empresa Pronar, l\u00edder na produ\u00e7\u00e3o do a\u00e7o, produ\u00e7\u00e3o de maquinaria agr\u00edcola e de transporte.<\/p>\n\n\n\n<p>As consultas bilaterais inclu\u00edram a realiza\u00e7\u00e3o de uma mesa redonda entre empres\u00e1rios dos dois pa\u00edses organizadas pelos bancos PKO ( Caixa Polaca de Poupan\u00e7as) BGK ( Banco de Economia Nacional ) bem como a seguradora KUKE ( Comit\u00e9 para os Servi\u00e7os de Comunica\u00e7\u00e3o e Seguros ) e o PAIH ( C\u00e2mara Polaca de Investimentos e Com\u00e9rcio ). Estiveram representadas as seguintes empresas polacas: ORLEN, T4B, APA POLSKA, GRUPA PBI, SOLIDA, EMILKO, CHEMIROL, CENIP, IPLAO, KIG, BUTTERFLY STRATEGIES e BOGDANKA. Do lado angolano participaram as empresas da SANEP, GRUPO BOAVIDA e a DOLINVESTE. Estiveram ainda presentes representantes dos Minist\u00e9rios da Agricultura e Com\u00e9rcio, Minist\u00e9rio da Sa\u00fade, Ag\u00eancia Reguladora de Medicamentos e Tecnologia de Sa\u00fade, representantes da Zona Econ\u00f3mica Especial, Ensa-Seguros e da AIPEX.<\/p>\n\n\n\n<p>As actividades culminaram com um encontro com a Comunidade angolana residente, onde foram abordadas quest\u00f5es sobre a import\u00e2ncia de manter v\u00ednculos com o pa\u00eds e apoiar com ideias e projectos para o desenvolvimento da p\u00e1tria m\u00e3e.<\/p>\n\n\n\n<p>As pr\u00f3ximas consultas pol\u00edticas dever\u00e3o ter lugar em Luanda, consolidando, deste modo, a coopera\u00e7\u00e3o.<\/p>\n\n\n\n<p>EMBAIXADA DE ANGOLA NA REP\u00daBLICA DA POL\u00d3NIA &#8211; VARS\u00d3VIA, AOS 18 DE SETEMBRO DE 2025.<\/p>\n<\/div>\n<\/div>\n\n\n\n<p><\/p>\n","protected":false},"excerpt":{"rendered":"<p>Uma delega\u00e7\u00e3o chefiada por S\/Excia Secret\u00e1rio de Estado para Coopera\u00e7\u00e3o Internacional e Comunidades Angolanas, Domingos Vieira Lopes, visitou a Rep\u00fablica da Pol\u00f3nia para a realiza\u00e7\u00e3o de consultas pol\u00edticas com este pa\u00eds. As mesmas tiveram lugar nos dias 16 e 17 do m\u00eas em curso e contou, da parte angolana, para al\u00e9m do Secret\u00e1rio de Estado, [&hellip;]<\/p>\n","protected":false},"author":1,"featured_media":5028,"comment_status":"open","ping_status":"open","sticky":false,"template":"","format":"standard","meta":{"inline_featured_image":false,"footnotes":""},"categories":[40],"tags":[],"class_list":["post-5022","post","type-post","status-publish","format-standard","has-post-thumbnail","hentry","category-actualidade"],"acf":[],"yoast_head":"<!-- This site is optimized with the Yoast SEO plugin v19.6.1 - https:\/\/yoast.com\/wordpress\/plugins\/seo\/ -->\n<title>ANGOLA E POL\u00d3NIA REALIZAM CONSULTAS POL\u00cdTICAS COM FOCO NO REFOR\u00c7O DAS RELA\u00c7\u00d5ES BILATERAIS. - Embaixada da Rep\u00fablica de Angola na Pol\u00f3nia, Let\u00f3nia, Est\u00f3nia e Litu\u00e2nia<\/title>\n<meta name=\"robots\" content=\"index, follow, max-snippet:-1, max-image-preview:large, max-video-preview:-1\" \/>\n<link rel=\"canonical\" href=\"https:\/\/embangola.pl\/?p=5022\" \/>\n<meta property=\"og:locale\" content=\"pl_PL\" \/>\n<meta property=\"og:type\" content=\"article\" \/>\n<meta property=\"og:title\" content=\"ANGOLA E POL\u00d3NIA REALIZAM CONSULTAS POL\u00cdTICAS COM FOCO NO REFOR\u00c7O DAS RELA\u00c7\u00d5ES BILATERAIS. - Embaixada da Rep\u00fablica de Angola na Pol\u00f3nia, Let\u00f3nia, Est\u00f3nia e Litu\u00e2nia\" \/>\n<meta property=\"og:description\" content=\"Uma delega\u00e7\u00e3o chefiada por S\/Excia Secret\u00e1rio de Estado para Coopera\u00e7\u00e3o Internacional e Comunidades Angolanas, Domingos Vieira Lopes, visitou a Rep\u00fablica da Pol\u00f3nia para a realiza\u00e7\u00e3o de consultas pol\u00edticas com este pa\u00eds. As mesmas tiveram lugar nos dias 16 e 17 do m\u00eas em curso e contou, da parte angolana, para al\u00e9m do Secret\u00e1rio de Estado, [&hellip;]\" \/>\n<meta property=\"og:url\" content=\"https:\/\/embangola.pl\/?p=5022\" \/>\n<meta property=\"og:site_name\" content=\"Embaixada da Rep\u00fablica de Angola na Pol\u00f3nia, Let\u00f3nia, Est\u00f3nia e Litu\u00e2nia\" \/>\n<meta property=\"article:published_time\" content=\"2025-09-18T11:01:07+00:00\" \/>\n<meta property=\"article:modified_time\" content=\"2025-10-03T12:01:38+00:00\" \/>\n<meta property=\"og:image\" content=\"https:\/\/embangola.pl\/wp-content\/uploads\/2025\/09\/11.jpg\" \/>\n\t<meta property=\"og:image:width\" content=\"1039\" \/>\n\t<meta property=\"og:image:height\" content=\"691\" \/>\n\t<meta property=\"og:image:type\" content=\"image\/jpeg\" \/>\n<meta name=\"author\" content=\"manuka\" \/>\n<meta name=\"twitter:card\" content=\"summary_large_image\" \/>\n<meta name=\"twitter:label1\" content=\"Napisane przez\" \/>\n\t<meta name=\"twitter:data1\" content=\"manuka\" \/>\n\t<meta name=\"twitter:label2\" content=\"Szacowany czas czytania\" \/>\n\t<meta name=\"twitter:data2\" content=\"4 minuty\" \/>\n<script type=\"application\/ld+json\" class=\"yoast-schema-graph\">{\"@context\":\"https:\/\/schema.org\",\"@graph\":[{\"@type\":\"WebPage\",\"@id\":\"https:\/\/embangola.pl\/?p=5022\",\"url\":\"https:\/\/embangola.pl\/?p=5022\",\"name\":\"ANGOLA E POL\u00d3NIA REALIZAM CONSULTAS POL\u00cdTICAS COM FOCO NO REFOR\u00c7O DAS RELA\u00c7\u00d5ES BILATERAIS. - Embaixada da Rep\u00fablica de Angola na Pol\u00f3nia, Let\u00f3nia, Est\u00f3nia e Litu\u00e2nia\",\"isPartOf\":{\"@id\":\"https:\/\/embangola.pl\/#website\"},\"datePublished\":\"2025-09-18T11:01:07+00:00\",\"dateModified\":\"2025-10-03T12:01:38+00:00\",\"author\":{\"@id\":\"https:\/\/embangola.pl\/#\/schema\/person\/4ba173826306d1b1b16922873bc40a54\"},\"breadcrumb\":{\"@id\":\"https:\/\/embangola.pl\/?p=5022#breadcrumb\"},\"inLanguage\":\"pl-PL\",\"potentialAction\":[{\"@type\":\"ReadAction\",\"target\":[\"https:\/\/embangola.pl\/?p=5022\"]}]},{\"@type\":\"BreadcrumbList\",\"@id\":\"https:\/\/embangola.pl\/?p=5022#breadcrumb\",\"itemListElement\":[{\"@type\":\"ListItem\",\"position\":1,\"name\":\"Strona g\u0142\u00f3wna\",\"item\":\"https:\/\/embangola.pl\/\"},{\"@type\":\"ListItem\",\"position\":2,\"name\":\"ANGOLA E POL\u00d3NIA REALIZAM CONSULTAS POL\u00cdTICAS COM FOCO NO REFOR\u00c7O DAS RELA\u00c7\u00d5ES BILATERAIS.\"}]},{\"@type\":\"WebSite\",\"@id\":\"https:\/\/embangola.pl\/#website\",\"url\":\"https:\/\/embangola.pl\/\",\"name\":\"Embaixada da Rep\u00fablica de Angola na Pol\u00f3nia, Let\u00f3nia, Est\u00f3nia e Litu\u00e2nia\",\"description\":\"\",\"potentialAction\":[{\"@type\":\"SearchAction\",\"target\":{\"@type\":\"EntryPoint\",\"urlTemplate\":\"https:\/\/embangola.pl\/?s={search_term_string}\"},\"query-input\":\"required name=search_term_string\"}],\"inLanguage\":\"pl-PL\"},{\"@type\":\"Person\",\"@id\":\"https:\/\/embangola.pl\/#\/schema\/person\/4ba173826306d1b1b16922873bc40a54\",\"name\":\"manuka\",\"image\":{\"@type\":\"ImageObject\",\"inLanguage\":\"pl-PL\",\"@id\":\"https:\/\/embangola.pl\/#\/schema\/person\/image\/\",\"url\":\"https:\/\/secure.gravatar.com\/avatar\/39cd7ca736d2ea9852310febbc62e5b9a16ba7de5a8743bd6c83df4054fad5a7?s=96&d=mm&r=g\",\"contentUrl\":\"https:\/\/secure.gravatar.com\/avatar\/39cd7ca736d2ea9852310febbc62e5b9a16ba7de5a8743bd6c83df4054fad5a7?s=96&d=mm&r=g\",\"caption\":\"manuka\"},\"sameAs\":[\"https:\/\/embangola.pl\"],\"url\":\"https:\/\/embangola.pl\/?author=1\"}]}<\/script>\n<!-- \/ Yoast SEO plugin. -->","yoast_head_json":{"title":"ANGOLA E POL\u00d3NIA REALIZAM CONSULTAS POL\u00cdTICAS COM FOCO NO REFOR\u00c7O DAS RELA\u00c7\u00d5ES BILATERAIS. - Embaixada da Rep\u00fablica de Angola na Pol\u00f3nia, Let\u00f3nia, Est\u00f3nia e Litu\u00e2nia","robots":{"index":"index","follow":"follow","max-snippet":"max-snippet:-1","max-image-preview":"max-image-preview:large","max-video-preview":"max-video-preview:-1"},"canonical":"https:\/\/embangola.pl\/?p=5022","og_locale":"pl_PL","og_type":"article","og_title":"ANGOLA E POL\u00d3NIA REALIZAM CONSULTAS POL\u00cdTICAS COM FOCO NO REFOR\u00c7O DAS RELA\u00c7\u00d5ES BILATERAIS. - Embaixada da Rep\u00fablica de Angola na Pol\u00f3nia, Let\u00f3nia, Est\u00f3nia e Litu\u00e2nia","og_description":"Uma delega\u00e7\u00e3o chefiada por S\/Excia Secret\u00e1rio de Estado para Coopera\u00e7\u00e3o Internacional e Comunidades Angolanas, Domingos Vieira Lopes, visitou a Rep\u00fablica da Pol\u00f3nia para a realiza\u00e7\u00e3o de consultas pol\u00edticas com este pa\u00eds. As mesmas tiveram lugar nos dias 16 e 17 do m\u00eas em curso e contou, da parte angolana, para al\u00e9m do Secret\u00e1rio de Estado, [&hellip;]","og_url":"https:\/\/embangola.pl\/?p=5022","og_site_name":"Embaixada da Rep\u00fablica de Angola na Pol\u00f3nia, Let\u00f3nia, Est\u00f3nia e Litu\u00e2nia","article_published_time":"2025-09-18T11:01:07+00:00","article_modified_time":"2025-10-03T12:01:38+00:00","og_image":[{"width":1039,"height":691,"url":"https:\/\/embangola.pl\/wp-content\/uploads\/2025\/09\/11.jpg","type":"image\/jpeg"}],"author":"manuka","twitter_card":"summary_large_image","twitter_misc":{"Napisane przez":"manuka","Szacowany czas czytania":"4 minuty"},"schema":{"@context":"https:\/\/schema.org","@graph":[{"@type":"WebPage","@id":"https:\/\/embangola.pl\/?p=5022","url":"https:\/\/embangola.pl\/?p=5022","name":"ANGOLA E POL\u00d3NIA REALIZAM CONSULTAS POL\u00cdTICAS COM FOCO NO REFOR\u00c7O DAS RELA\u00c7\u00d5ES BILATERAIS. - Embaixada da Rep\u00fablica de Angola na Pol\u00f3nia, Let\u00f3nia, Est\u00f3nia e Litu\u00e2nia","isPartOf":{"@id":"https:\/\/embangola.pl\/#website"},"datePublished":"2025-09-18T11:01:07+00:00","dateModified":"2025-10-03T12:01:38+00:00","author":{"@id":"https:\/\/embangola.pl\/#\/schema\/person\/4ba173826306d1b1b16922873bc40a54"},"breadcrumb":{"@id":"https:\/\/embangola.pl\/?p=5022#breadcrumb"},"inLanguage":"pl-PL","potentialAction":[{"@type":"ReadAction","target":["https:\/\/embangola.pl\/?p=5022"]}]},{"@type":"BreadcrumbList","@id":"https:\/\/embangola.pl\/?p=5022#breadcrumb","itemListElement":[{"@type":"ListItem","position":1,"name":"Strona g\u0142\u00f3wna","item":"https:\/\/embangola.pl\/"},{"@type":"ListItem","position":2,"name":"ANGOLA E POL\u00d3NIA REALIZAM CONSULTAS POL\u00cdTICAS COM FOCO NO REFOR\u00c7O DAS RELA\u00c7\u00d5ES BILATERAIS."}]},{"@type":"WebSite","@id":"https:\/\/embangola.pl\/#website","url":"https:\/\/embangola.pl\/","name":"Embaixada da Rep\u00fablica de Angola na Pol\u00f3nia, Let\u00f3nia, Est\u00f3nia e Litu\u00e2nia","description":"","potentialAction":[{"@type":"SearchAction","target":{"@type":"EntryPoint","urlTemplate":"https:\/\/embangola.pl\/?s={search_term_string}"},"query-input":"required name=search_term_string"}],"inLanguage":"pl-PL"},{"@type":"Person","@id":"https:\/\/embangola.pl\/#\/schema\/person\/4ba173826306d1b1b16922873bc40a54","name":"manuka","image":{"@type":"ImageObject","inLanguage":"pl-PL","@id":"https:\/\/embangola.pl\/#\/schema\/person\/image\/","url":"https:\/\/secure.gravatar.com\/avatar\/39cd7ca736d2ea9852310febbc62e5b9a16ba7de5a8743bd6c83df4054fad5a7?s=96&d=mm&r=g","contentUrl":"https:\/\/secure.gravatar.com\/avatar\/39cd7ca736d2ea9852310febbc62e5b9a16ba7de5a8743bd6c83df4054fad5a7?s=96&d=mm&r=g","caption":"manuka"},"sameAs":["https:\/\/embangola.pl"],"url":"https:\/\/embangola.pl\/?author=1"}]}},"_links":{"self":[{"href":"https:\/\/embangola.pl\/index.php?rest_route=\/wp\/v2\/posts\/5022","targetHints":{"allow":["GET"]}}],"collection":[{"href":"https:\/\/embangola.pl\/index.php?rest_route=\/wp\/v2\/posts"}],"about":[{"href":"https:\/\/embangola.pl\/index.php?rest_route=\/wp\/v2\/types\/post"}],"author":[{"embeddable":true,"href":"https:\/\/embangola.pl\/index.php?rest_route=\/wp\/v2\/users\/1"}],"replies":[{"embeddable":true,"href":"https:\/\/embangola.pl\/index.php?rest_route=%2Fwp%2Fv2%2Fcomments&post=5022"}],"version-history":[{"count":5,"href":"https:\/\/embangola.pl\/index.php?rest_route=\/wp\/v2\/posts\/5022\/revisions"}],"predecessor-version":[{"id":5037,"href":"https:\/\/embangola.pl\/index.php?rest_route=\/wp\/v2\/posts\/5022\/revisions\/5037"}],"wp:featuredmedia":[{"embeddable":true,"href":"https:\/\/embangola.pl\/index.php?rest_route=\/wp\/v2\/media\/5028"}],"wp:attachment":[{"href":"https:\/\/embangola.pl\/index.php?rest_route=%2Fwp%2Fv2%2Fmedia&parent=5022"}],"wp:term":[{"taxonomy":"category","embeddable":true,"href":"https:\/\/embangola.pl\/index.php?rest_route=%2Fwp%2Fv2%2Fcategories&post=5022"},{"taxonomy":"post_tag","embeddable":true,"href":"https:\/\/embangola.pl\/index.php?rest_route=%2Fwp%2Fv2%2Ftags&post=5022"}],"curies":[{"name":"wp","href":"https:\/\/api.w.org\/{rel}","templated":true}]}}