{"id":4950,"date":"2025-08-25T17:41:04","date_gmt":"2025-08-25T15:41:04","guid":{"rendered":"https:\/\/embangola.pl\/?p=4950"},"modified":"2025-08-25T17:47:33","modified_gmt":"2025-08-25T15:47:33","slug":"afrobasket2025-angola-conquista-12-o-titulo-e-regressa-ao-topoafricano","status":"publish","type":"post","link":"https:\/\/embangola.pl\/?p=4950","title":{"rendered":"Afrobasket\u20192025: Angola conquista 12.\u00ba t\u00edtulo e regressa ao topoafricano"},"content":{"rendered":"\n<div class=\"wp-block-columns is-layout-flex wp-container-core-columns-is-layout-28f84493 wp-block-columns-is-layout-flex\">\n<div class=\"wp-block-column is-layout-flow wp-block-column-is-layout-flow\">\n<figure class=\"wp-block-image aligncenter size-full is-resized\"><img loading=\"lazy\" decoding=\"async\" width=\"892\" height=\"509\" src=\"https:\/\/embangola.pl\/wp-content\/uploads\/2025\/08\/Angop-Afrobasket.jpg\" alt=\"\" class=\"wp-image-4953\" style=\"width:892px;height:auto\" srcset=\"https:\/\/embangola.pl\/wp-content\/uploads\/2025\/08\/Angop-Afrobasket.jpg 892w, https:\/\/embangola.pl\/wp-content\/uploads\/2025\/08\/Angop-Afrobasket-300x171.jpg 300w, https:\/\/embangola.pl\/wp-content\/uploads\/2025\/08\/Angop-Afrobasket-768x438.jpg 768w, https:\/\/embangola.pl\/wp-content\/uploads\/2025\/08\/Angop-Afrobasket-600x342.jpg 600w\" sizes=\"auto, (max-width: 892px) 100vw, 892px\" \/><figcaption class=\"wp-element-caption\">Angola conquista 12.\u00b0 t\u00edtulo africano em basquetebol s\u00e9nior masculino \/ Fonte: Nelson Malamba &#8211; Angop<\/figcaption><\/figure>\n<\/div>\n<\/div>\n\n\n\n<div class=\"wp-block-columns is-layout-flex wp-container-core-columns-is-layout-28f84493 wp-block-columns-is-layout-flex\">\n<div class=\"wp-block-column is-layout-flow wp-block-column-is-layout-flow\">\n<p>Luanda &#8211; Angola conquistou este domingo o seu 12\u00ba t\u00edtulo continental, ao vencer o Mali por 70-43, nojogo da final do Afrobasket2025, no pavilh\u00e3o Multi\u00fasos do Kilamba, em Luanda.<\/p>\n\n\n\n<p><br>Esta vit\u00f3ria, numa prova comemorativa ao jubileu da Independ\u00eancia nacional, a assinalar-se no dia 11 de Novembro, n\u00e3o foi apenas umt\u00edtulo, simboliza o renascimento do basquetebol nacional e o regresso ao trono continental.Na final in\u00e9dita, perante a uma advers\u00e1ria de palmar\u00e9s modesto, apenas conta com um terceiro lugar em seu hist\u00f3rico, Angola justificou o seu favoritismo numa partida presenciada pelo Presidente da Rep\u00fablica, Jo\u00e3o Louren\u00e7o e pela Primeira dama da Rep\u00fablica, Ana Dias Louren\u00e7o.<br>Entre as v\u00e1rias entidades que testemunharam o regresso ao t\u00edtulo africano, realce ainda para a Vice-Presidente da Rep\u00fablica, Esperan\u00e7a da Costa, e a Presidente da Assembleia Nacional, Carolina Cerqueira.<br>O combinado nacional iniciou a apartida com dois pontos de Eduardo Francisco, numa jogada canalizada por Childe Dund\u00e3o, sendoque o mesmo jogador obteve sete pts, dos quais um em &#8222;Smash&#8221;, abrindo caminho para um apoio incondicional dos mais de 12 miladeptos presentes no pavilh\u00e3o.<br>Apesar da entrada fulgurante dos anfitri\u00f5es, o Mali n\u00e3o facilitou e evitou o distanciamento no marcador cujo placar no primeiro quartoera de 14-10.<br>O segundo quarto registou um abaixamento do volume de jogo por parte donos da casa, mas as entradas de Selton Miguel e GelsonLukeny trouxeram nova din\u00e2mica. As as hostilidades voltaram mesmo a partir de um triplo de Childe Dund\u00e3o e o intervalo chegou comvit\u00f3ria de 12 pontos de vantagem para a selec\u00e7\u00e3o nacional (32.20).<br><\/p>\n\n\n\n<p>O reatamento demonstrou n\u00edveis elevados de ansiedade de ambas as partes, resultando em jogo pouco assertivo e longos minutossem qualquer uma delas marcar pontos e o terceiro quarto terminou em 51 &#8211; 31.<br><\/p>\n\n\n\n<p>Foi no \u00faltimo quarto que Angola desbobinou todo o seu potencial melhorando a defesa e a efic\u00e1cia no ataque, deixando o Mali sem solu\u00e7\u00f5es \u00e9 o resultado final registou 70-43, com parciais de 14 &#8211; 10; 18 -10; 19 &#8211; 11 e 19 -12.<\/p>\n\n\n\n<p>Ficha:<\/p>\n\n\n\n<p>Angola: Childe Dund\u00e3o (16 ), Selton Miguel (12), Francisco Eduardo ( 9 ), Milton Valente ( 8 ), Aboubakar Gakou ( 7 ), Bruno Fernando (5 ), Kevin Kokila ( 5 ), S\u00edlvio de Sousa ( 5 ), Gerson Lukeny (Cap &#8211; 2) e Macachi Br\u00e1s ( 2).<\/p>\n\n\n\n<p>Treinador: Pep Clar\u00f3s<\/p>\n\n\n\n<p>Mali: Siriman Kanoute (14), Mohamed Wague (00), Allaye Togo (00 ), Hibrahima Haidara (C &#8211; 1), Foussseyhi Drame ( 8 ), Oumar Ballo (4), Mahamane Coulibaly (2 ), Ibou Badji (7), Hassan Drame ( 3 ) Tamenang Konate (5 ), Mbulaye Sissoko ( 2), Aliou Diarra (00 ) e Mamadou Diarra (00).<\/p>\n\n\n\n<p>Treinador: Alhadji Dicko<\/p>\n\n\n\n<p>Fonte: Angop<\/p>\n\n\n\n<p>WR\/MC<br><\/p>\n\n\n\n<p><\/p>\n<\/div>\n<\/div>\n\n\n\n<p><\/p>\n","protected":false},"excerpt":{"rendered":"<p>Luanda &#8211; Angola conquistou este domingo o seu 12\u00ba t\u00edtulo continental, ao vencer o Mali por 70-43, nojogo da final do Afrobasket2025, no pavilh\u00e3o Multi\u00fasos do Kilamba, em Luanda. Esta vit\u00f3ria, numa prova comemorativa ao jubileu da Independ\u00eancia nacional, a assinalar-se no dia 11 de Novembro, n\u00e3o foi apenas umt\u00edtulo, simboliza o renascimento do basquetebol [&hellip;]<\/p>\n","protected":false},"author":1,"featured_media":4951,"comment_status":"open","ping_status":"open","sticky":false,"template":"","format":"standard","meta":{"inline_featured_image":false,"footnotes":""},"categories":[40],"tags":[],"class_list":["post-4950","post","type-post","status-publish","format-standard","has-post-thumbnail","hentry","category-actualidade"],"acf":[],"yoast_head":"<!-- This site is optimized with the Yoast SEO plugin v19.6.1 - https:\/\/yoast.com\/wordpress\/plugins\/seo\/ -->\n<title>Afrobasket\u20192025: Angola conquista 12.\u00ba t\u00edtulo e regressa ao topoafricano - Embaixada da Rep\u00fablica de Angola na Pol\u00f3nia, Let\u00f3nia, Est\u00f3nia e Litu\u00e2nia<\/title>\n<meta name=\"robots\" content=\"index, follow, max-snippet:-1, max-image-preview:large, max-video-preview:-1\" \/>\n<link rel=\"canonical\" href=\"https:\/\/embangola.pl\/?p=4950\" \/>\n<meta property=\"og:locale\" content=\"pl_PL\" \/>\n<meta property=\"og:type\" content=\"article\" \/>\n<meta property=\"og:title\" content=\"Afrobasket\u20192025: Angola conquista 12.\u00ba t\u00edtulo e regressa ao topoafricano - Embaixada da Rep\u00fablica de Angola na Pol\u00f3nia, Let\u00f3nia, Est\u00f3nia e Litu\u00e2nia\" \/>\n<meta property=\"og:description\" content=\"Luanda &#8211; Angola conquistou este domingo o seu 12\u00ba t\u00edtulo continental, ao vencer o Mali por 70-43, nojogo da final do Afrobasket2025, no pavilh\u00e3o Multi\u00fasos do Kilamba, em Luanda. Esta vit\u00f3ria, numa prova comemorativa ao jubileu da Independ\u00eancia nacional, a assinalar-se no dia 11 de Novembro, n\u00e3o foi apenas umt\u00edtulo, simboliza o renascimento do basquetebol [&hellip;]\" \/>\n<meta property=\"og:url\" content=\"https:\/\/embangola.pl\/?p=4950\" \/>\n<meta property=\"og:site_name\" content=\"Embaixada da Rep\u00fablica de Angola na Pol\u00f3nia, Let\u00f3nia, Est\u00f3nia e Litu\u00e2nia\" \/>\n<meta property=\"article:published_time\" content=\"2025-08-25T15:41:04+00:00\" \/>\n<meta property=\"article:modified_time\" content=\"2025-08-25T15:47:33+00:00\" \/>\n<meta property=\"og:image\" content=\"https:\/\/embangola.pl\/wp-content\/uploads\/2025\/08\/afrobasket.jpg\" \/>\n\t<meta property=\"og:image:width\" content=\"989\" \/>\n\t<meta property=\"og:image:height\" content=\"704\" \/>\n\t<meta property=\"og:image:type\" content=\"image\/jpeg\" \/>\n<meta name=\"author\" content=\"manuka\" \/>\n<meta name=\"twitter:card\" content=\"summary_large_image\" \/>\n<meta name=\"twitter:label1\" content=\"Napisane przez\" \/>\n\t<meta name=\"twitter:data1\" content=\"manuka\" \/>\n\t<meta name=\"twitter:label2\" content=\"Szacowany czas czytania\" \/>\n\t<meta name=\"twitter:data2\" content=\"3 minuty\" \/>\n<script type=\"application\/ld+json\" class=\"yoast-schema-graph\">{\"@context\":\"https:\/\/schema.org\",\"@graph\":[{\"@type\":\"WebPage\",\"@id\":\"https:\/\/embangola.pl\/?p=4950\",\"url\":\"https:\/\/embangola.pl\/?p=4950\",\"name\":\"Afrobasket\u20192025: Angola conquista 12.\u00ba t\u00edtulo e regressa ao topoafricano - Embaixada da Rep\u00fablica de Angola na Pol\u00f3nia, Let\u00f3nia, Est\u00f3nia e Litu\u00e2nia\",\"isPartOf\":{\"@id\":\"https:\/\/embangola.pl\/#website\"},\"datePublished\":\"2025-08-25T15:41:04+00:00\",\"dateModified\":\"2025-08-25T15:47:33+00:00\",\"author\":{\"@id\":\"https:\/\/embangola.pl\/#\/schema\/person\/4ba173826306d1b1b16922873bc40a54\"},\"breadcrumb\":{\"@id\":\"https:\/\/embangola.pl\/?p=4950#breadcrumb\"},\"inLanguage\":\"pl-PL\",\"potentialAction\":[{\"@type\":\"ReadAction\",\"target\":[\"https:\/\/embangola.pl\/?p=4950\"]}]},{\"@type\":\"BreadcrumbList\",\"@id\":\"https:\/\/embangola.pl\/?p=4950#breadcrumb\",\"itemListElement\":[{\"@type\":\"ListItem\",\"position\":1,\"name\":\"Strona g\u0142\u00f3wna\",\"item\":\"https:\/\/embangola.pl\/\"},{\"@type\":\"ListItem\",\"position\":2,\"name\":\"Afrobasket\u20192025: Angola conquista 12.\u00ba t\u00edtulo e regressa ao topoafricano\"}]},{\"@type\":\"WebSite\",\"@id\":\"https:\/\/embangola.pl\/#website\",\"url\":\"https:\/\/embangola.pl\/\",\"name\":\"Embaixada da Rep\u00fablica de Angola na Pol\u00f3nia, Let\u00f3nia, Est\u00f3nia e Litu\u00e2nia\",\"description\":\"\",\"potentialAction\":[{\"@type\":\"SearchAction\",\"target\":{\"@type\":\"EntryPoint\",\"urlTemplate\":\"https:\/\/embangola.pl\/?s={search_term_string}\"},\"query-input\":\"required name=search_term_string\"}],\"inLanguage\":\"pl-PL\"},{\"@type\":\"Person\",\"@id\":\"https:\/\/embangola.pl\/#\/schema\/person\/4ba173826306d1b1b16922873bc40a54\",\"name\":\"manuka\",\"image\":{\"@type\":\"ImageObject\",\"inLanguage\":\"pl-PL\",\"@id\":\"https:\/\/embangola.pl\/#\/schema\/person\/image\/\",\"url\":\"https:\/\/secure.gravatar.com\/avatar\/39cd7ca736d2ea9852310febbc62e5b9a16ba7de5a8743bd6c83df4054fad5a7?s=96&d=mm&r=g\",\"contentUrl\":\"https:\/\/secure.gravatar.com\/avatar\/39cd7ca736d2ea9852310febbc62e5b9a16ba7de5a8743bd6c83df4054fad5a7?s=96&d=mm&r=g\",\"caption\":\"manuka\"},\"sameAs\":[\"https:\/\/embangola.pl\"],\"url\":\"https:\/\/embangola.pl\/?author=1\"}]}<\/script>\n<!-- \/ Yoast SEO plugin. -->","yoast_head_json":{"title":"Afrobasket\u20192025: Angola conquista 12.\u00ba t\u00edtulo e regressa ao topoafricano - Embaixada da Rep\u00fablica de Angola na Pol\u00f3nia, Let\u00f3nia, Est\u00f3nia e Litu\u00e2nia","robots":{"index":"index","follow":"follow","max-snippet":"max-snippet:-1","max-image-preview":"max-image-preview:large","max-video-preview":"max-video-preview:-1"},"canonical":"https:\/\/embangola.pl\/?p=4950","og_locale":"pl_PL","og_type":"article","og_title":"Afrobasket\u20192025: Angola conquista 12.\u00ba t\u00edtulo e regressa ao topoafricano - Embaixada da Rep\u00fablica de Angola na Pol\u00f3nia, Let\u00f3nia, Est\u00f3nia e Litu\u00e2nia","og_description":"Luanda &#8211; Angola conquistou este domingo o seu 12\u00ba t\u00edtulo continental, ao vencer o Mali por 70-43, nojogo da final do Afrobasket2025, no pavilh\u00e3o Multi\u00fasos do Kilamba, em Luanda. Esta vit\u00f3ria, numa prova comemorativa ao jubileu da Independ\u00eancia nacional, a assinalar-se no dia 11 de Novembro, n\u00e3o foi apenas umt\u00edtulo, simboliza o renascimento do basquetebol [&hellip;]","og_url":"https:\/\/embangola.pl\/?p=4950","og_site_name":"Embaixada da Rep\u00fablica de Angola na Pol\u00f3nia, Let\u00f3nia, Est\u00f3nia e Litu\u00e2nia","article_published_time":"2025-08-25T15:41:04+00:00","article_modified_time":"2025-08-25T15:47:33+00:00","og_image":[{"width":989,"height":704,"url":"https:\/\/embangola.pl\/wp-content\/uploads\/2025\/08\/afrobasket.jpg","type":"image\/jpeg"}],"author":"manuka","twitter_card":"summary_large_image","twitter_misc":{"Napisane przez":"manuka","Szacowany czas czytania":"3 minuty"},"schema":{"@context":"https:\/\/schema.org","@graph":[{"@type":"WebPage","@id":"https:\/\/embangola.pl\/?p=4950","url":"https:\/\/embangola.pl\/?p=4950","name":"Afrobasket\u20192025: Angola conquista 12.\u00ba t\u00edtulo e regressa ao topoafricano - Embaixada da Rep\u00fablica de Angola na Pol\u00f3nia, Let\u00f3nia, Est\u00f3nia e Litu\u00e2nia","isPartOf":{"@id":"https:\/\/embangola.pl\/#website"},"datePublished":"2025-08-25T15:41:04+00:00","dateModified":"2025-08-25T15:47:33+00:00","author":{"@id":"https:\/\/embangola.pl\/#\/schema\/person\/4ba173826306d1b1b16922873bc40a54"},"breadcrumb":{"@id":"https:\/\/embangola.pl\/?p=4950#breadcrumb"},"inLanguage":"pl-PL","potentialAction":[{"@type":"ReadAction","target":["https:\/\/embangola.pl\/?p=4950"]}]},{"@type":"BreadcrumbList","@id":"https:\/\/embangola.pl\/?p=4950#breadcrumb","itemListElement":[{"@type":"ListItem","position":1,"name":"Strona g\u0142\u00f3wna","item":"https:\/\/embangola.pl\/"},{"@type":"ListItem","position":2,"name":"Afrobasket\u20192025: Angola conquista 12.\u00ba t\u00edtulo e regressa ao topoafricano"}]},{"@type":"WebSite","@id":"https:\/\/embangola.pl\/#website","url":"https:\/\/embangola.pl\/","name":"Embaixada da Rep\u00fablica de Angola na Pol\u00f3nia, Let\u00f3nia, Est\u00f3nia e Litu\u00e2nia","description":"","potentialAction":[{"@type":"SearchAction","target":{"@type":"EntryPoint","urlTemplate":"https:\/\/embangola.pl\/?s={search_term_string}"},"query-input":"required name=search_term_string"}],"inLanguage":"pl-PL"},{"@type":"Person","@id":"https:\/\/embangola.pl\/#\/schema\/person\/4ba173826306d1b1b16922873bc40a54","name":"manuka","image":{"@type":"ImageObject","inLanguage":"pl-PL","@id":"https:\/\/embangola.pl\/#\/schema\/person\/image\/","url":"https:\/\/secure.gravatar.com\/avatar\/39cd7ca736d2ea9852310febbc62e5b9a16ba7de5a8743bd6c83df4054fad5a7?s=96&d=mm&r=g","contentUrl":"https:\/\/secure.gravatar.com\/avatar\/39cd7ca736d2ea9852310febbc62e5b9a16ba7de5a8743bd6c83df4054fad5a7?s=96&d=mm&r=g","caption":"manuka"},"sameAs":["https:\/\/embangola.pl"],"url":"https:\/\/embangola.pl\/?author=1"}]}},"_links":{"self":[{"href":"https:\/\/embangola.pl\/index.php?rest_route=\/wp\/v2\/posts\/4950","targetHints":{"allow":["GET"]}}],"collection":[{"href":"https:\/\/embangola.pl\/index.php?rest_route=\/wp\/v2\/posts"}],"about":[{"href":"https:\/\/embangola.pl\/index.php?rest_route=\/wp\/v2\/types\/post"}],"author":[{"embeddable":true,"href":"https:\/\/embangola.pl\/index.php?rest_route=\/wp\/v2\/users\/1"}],"replies":[{"embeddable":true,"href":"https:\/\/embangola.pl\/index.php?rest_route=%2Fwp%2Fv2%2Fcomments&post=4950"}],"version-history":[{"count":2,"href":"https:\/\/embangola.pl\/index.php?rest_route=\/wp\/v2\/posts\/4950\/revisions"}],"predecessor-version":[{"id":4956,"href":"https:\/\/embangola.pl\/index.php?rest_route=\/wp\/v2\/posts\/4950\/revisions\/4956"}],"wp:featuredmedia":[{"embeddable":true,"href":"https:\/\/embangola.pl\/index.php?rest_route=\/wp\/v2\/media\/4951"}],"wp:attachment":[{"href":"https:\/\/embangola.pl\/index.php?rest_route=%2Fwp%2Fv2%2Fmedia&parent=4950"}],"wp:term":[{"taxonomy":"category","embeddable":true,"href":"https:\/\/embangola.pl\/index.php?rest_route=%2Fwp%2Fv2%2Fcategories&post=4950"},{"taxonomy":"post_tag","embeddable":true,"href":"https:\/\/embangola.pl\/index.php?rest_route=%2Fwp%2Fv2%2Ftags&post=4950"}],"curies":[{"name":"wp","href":"https:\/\/api.w.org\/{rel}","templated":true}]}}