{"id":4920,"date":"2025-07-19T16:43:11","date_gmt":"2025-07-19T14:43:11","guid":{"rendered":"https:\/\/embangola.pl\/?p=4920"},"modified":"2025-07-31T16:46:26","modified_gmt":"2025-07-31T14:46:26","slug":"condecoracao-do-senhor-embaixador-por-ocasiao-dos-50-anos-da-independencia","status":"publish","type":"post","link":"https:\/\/embangola.pl\/?p=4920","title":{"rendered":"Condecora\u00e7\u00e3o do Senhor Embaixador por Ocasi\u00e3o dos 50 Anos da Independ\u00eancia"},"content":{"rendered":"\n<div class=\"wp-block-columns is-layout-flex wp-container-core-columns-is-layout-28f84493 wp-block-columns-is-layout-flex\">\n<div class=\"wp-block-column is-layout-flow wp-block-column-is-layout-flow\">\n<figure class=\"wp-block-image aligncenter size-large\"><img loading=\"lazy\" decoding=\"async\" width=\"1024\" height=\"682\" src=\"https:\/\/embangola.pl\/wp-content\/uploads\/2025\/07\/PR-de-Angola-e-Embaixador-Pedro-Chaves-1024x682.jpg\" alt=\"\" class=\"wp-image-4911\"\/><\/figure>\n<\/div>\n<\/div>\n\n\n\n<p><\/p>\n\n\n\n<div class=\"wp-block-columns is-layout-flex wp-container-core-columns-is-layout-28f84493 wp-block-columns-is-layout-flex\">\n<div class=\"wp-block-column is-layout-flow wp-block-column-is-layout-flow\">\n<p>No \u00e2mbito das celebra\u00e7\u00f5es do 50.\u00ba anivers\u00e1rio da Independ\u00eancia Nacional, o Senhor Embaixador Manuel Pedro Chaves foi outorgado a medalha comemorativa alusiva ao 50. Anivers\u00e1rio da Independ\u00eancia Nacional, da Classe Paz e Desenvolvimento, uma das altas distin\u00e7\u00f5es do Estado Angolano.<\/p>\n\n\n\n<p>O acto teve lugar no dia 19 de Julho de 2025, durante uma cerim\u00f3nia solene realizada em Luanda, presidida por Sua Excel\u00eancia o Presidente da Rep\u00fablica, Jo\u00e3o Gon\u00e7alves Manuel Louren\u00e7o, na presen\u00e7a de distintas personalidades do Governo e da sociedade civil.<\/p>\n\n\n\n<p>A distin\u00e7\u00e3o reconhece o contributo do Senhor Embaixador Chaves em prol da luta pela conquista e manuten\u00e7\u00e3o da paz, para o desenvolvimento de Angola e harmonia entre angolanos no esp\u00edrito de reconcilia\u00e7\u00e3o nacional, de toler\u00e2ncia e de perd\u00e3o&nbsp;rec\u00edproco.<\/p>\n\n\n\n<div class=\"wp-block-columns is-layout-flex wp-container-core-columns-is-layout-28f84493 wp-block-columns-is-layout-flex\">\n<div class=\"wp-block-column is-layout-flow wp-block-column-is-layout-flow\">\n<figure class=\"wp-block-image aligncenter size-large\"><img loading=\"lazy\" decoding=\"async\" width=\"768\" height=\"1024\" src=\"https:\/\/embangola.pl\/wp-content\/uploads\/2025\/07\/PR-de-Angola-e-Embaixador-Pedro-Chaves-II-768x1024.jpg\" alt=\"\" class=\"wp-image-4912\" srcset=\"https:\/\/embangola.pl\/wp-content\/uploads\/2025\/07\/PR-de-Angola-e-Embaixador-Pedro-Chaves-II-768x1024.jpg 768w, https:\/\/embangola.pl\/wp-content\/uploads\/2025\/07\/PR-de-Angola-e-Embaixador-Pedro-Chaves-II-225x300.jpg 225w, https:\/\/embangola.pl\/wp-content\/uploads\/2025\/07\/PR-de-Angola-e-Embaixador-Pedro-Chaves-II-600x800.jpg 600w, https:\/\/embangola.pl\/wp-content\/uploads\/2025\/07\/PR-de-Angola-e-Embaixador-Pedro-Chaves-II.jpg 960w\" sizes=\"auto, (max-width: 768px) 100vw, 768px\" \/><\/figure>\n<\/div>\n<\/div>\n<\/div>\n<\/div>\n\n\n\n<p><\/p>\n","protected":false},"excerpt":{"rendered":"<p>No \u00e2mbito das celebra\u00e7\u00f5es do 50.\u00ba anivers\u00e1rio da Independ\u00eancia Nacional, o Senhor Embaixador Manuel Pedro Chaves foi outorgado a medalha comemorativa alusiva ao 50. Anivers\u00e1rio da Independ\u00eancia Nacional, da Classe Paz e Desenvolvimento, uma das altas distin\u00e7\u00f5es do Estado Angolano. O acto teve lugar no dia 19 de Julho de 2025, durante uma cerim\u00f3nia solene [&hellip;]<\/p>\n","protected":false},"author":1,"featured_media":4911,"comment_status":"open","ping_status":"open","sticky":false,"template":"","format":"standard","meta":{"inline_featured_image":false,"footnotes":""},"categories":[40],"tags":[],"class_list":["post-4920","post","type-post","status-publish","format-standard","has-post-thumbnail","hentry","category-actualidade"],"acf":[],"yoast_head":"<!-- This site is optimized with the Yoast SEO plugin v19.6.1 - https:\/\/yoast.com\/wordpress\/plugins\/seo\/ -->\n<title>Condecora\u00e7\u00e3o do Senhor Embaixador por Ocasi\u00e3o dos 50 Anos da Independ\u00eancia - Embaixada da Rep\u00fablica de Angola na Pol\u00f3nia, Let\u00f3nia, Est\u00f3nia e Litu\u00e2nia<\/title>\n<meta name=\"robots\" content=\"index, follow, max-snippet:-1, max-image-preview:large, max-video-preview:-1\" \/>\n<link rel=\"canonical\" href=\"https:\/\/embangola.pl\/?p=4920\" \/>\n<meta property=\"og:locale\" content=\"pl_PL\" \/>\n<meta property=\"og:type\" content=\"article\" \/>\n<meta property=\"og:title\" content=\"Condecora\u00e7\u00e3o do Senhor Embaixador por Ocasi\u00e3o dos 50 Anos da Independ\u00eancia - Embaixada da Rep\u00fablica de Angola na Pol\u00f3nia, Let\u00f3nia, Est\u00f3nia e Litu\u00e2nia\" \/>\n<meta property=\"og:description\" content=\"No \u00e2mbito das celebra\u00e7\u00f5es do 50.\u00ba anivers\u00e1rio da Independ\u00eancia Nacional, o Senhor Embaixador Manuel Pedro Chaves foi outorgado a medalha comemorativa alusiva ao 50. Anivers\u00e1rio da Independ\u00eancia Nacional, da Classe Paz e Desenvolvimento, uma das altas distin\u00e7\u00f5es do Estado Angolano. O acto teve lugar no dia 19 de Julho de 2025, durante uma cerim\u00f3nia solene [&hellip;]\" \/>\n<meta property=\"og:url\" content=\"https:\/\/embangola.pl\/?p=4920\" \/>\n<meta property=\"og:site_name\" content=\"Embaixada da Rep\u00fablica de Angola na Pol\u00f3nia, Let\u00f3nia, Est\u00f3nia e Litu\u00e2nia\" \/>\n<meta property=\"article:published_time\" content=\"2025-07-19T14:43:11+00:00\" \/>\n<meta property=\"article:modified_time\" content=\"2025-07-31T14:46:26+00:00\" \/>\n<meta property=\"og:image\" content=\"https:\/\/embangola.pl\/wp-content\/uploads\/2025\/07\/PR-de-Angola-e-Embaixador-Pedro-Chaves-e1753961753525.jpg\" \/>\n\t<meta property=\"og:image:width\" content=\"1272\" \/>\n\t<meta property=\"og:image:height\" content=\"848\" \/>\n\t<meta property=\"og:image:type\" content=\"image\/jpeg\" \/>\n<meta name=\"author\" content=\"manuka\" \/>\n<meta name=\"twitter:card\" content=\"summary_large_image\" \/>\n<meta name=\"twitter:label1\" content=\"Napisane przez\" \/>\n\t<meta name=\"twitter:data1\" content=\"manuka\" \/>\n\t<meta name=\"twitter:label2\" content=\"Szacowany czas czytania\" \/>\n\t<meta name=\"twitter:data2\" content=\"2 minuty\" \/>\n<script type=\"application\/ld+json\" class=\"yoast-schema-graph\">{\"@context\":\"https:\/\/schema.org\",\"@graph\":[{\"@type\":\"WebPage\",\"@id\":\"https:\/\/embangola.pl\/?p=4920\",\"url\":\"https:\/\/embangola.pl\/?p=4920\",\"name\":\"Condecora\u00e7\u00e3o do Senhor Embaixador por Ocasi\u00e3o dos 50 Anos da Independ\u00eancia - Embaixada da Rep\u00fablica de Angola na Pol\u00f3nia, Let\u00f3nia, Est\u00f3nia e Litu\u00e2nia\",\"isPartOf\":{\"@id\":\"https:\/\/embangola.pl\/#website\"},\"datePublished\":\"2025-07-19T14:43:11+00:00\",\"dateModified\":\"2025-07-31T14:46:26+00:00\",\"author\":{\"@id\":\"https:\/\/embangola.pl\/#\/schema\/person\/4ba173826306d1b1b16922873bc40a54\"},\"breadcrumb\":{\"@id\":\"https:\/\/embangola.pl\/?p=4920#breadcrumb\"},\"inLanguage\":\"pl-PL\",\"potentialAction\":[{\"@type\":\"ReadAction\",\"target\":[\"https:\/\/embangola.pl\/?p=4920\"]}]},{\"@type\":\"BreadcrumbList\",\"@id\":\"https:\/\/embangola.pl\/?p=4920#breadcrumb\",\"itemListElement\":[{\"@type\":\"ListItem\",\"position\":1,\"name\":\"Strona g\u0142\u00f3wna\",\"item\":\"https:\/\/embangola.pl\/\"},{\"@type\":\"ListItem\",\"position\":2,\"name\":\"Condecora\u00e7\u00e3o do Senhor Embaixador por Ocasi\u00e3o dos 50 Anos da Independ\u00eancia\"}]},{\"@type\":\"WebSite\",\"@id\":\"https:\/\/embangola.pl\/#website\",\"url\":\"https:\/\/embangola.pl\/\",\"name\":\"Embaixada da Rep\u00fablica de Angola na Pol\u00f3nia, Let\u00f3nia, Est\u00f3nia e Litu\u00e2nia\",\"description\":\"\",\"potentialAction\":[{\"@type\":\"SearchAction\",\"target\":{\"@type\":\"EntryPoint\",\"urlTemplate\":\"https:\/\/embangola.pl\/?s={search_term_string}\"},\"query-input\":\"required name=search_term_string\"}],\"inLanguage\":\"pl-PL\"},{\"@type\":\"Person\",\"@id\":\"https:\/\/embangola.pl\/#\/schema\/person\/4ba173826306d1b1b16922873bc40a54\",\"name\":\"manuka\",\"image\":{\"@type\":\"ImageObject\",\"inLanguage\":\"pl-PL\",\"@id\":\"https:\/\/embangola.pl\/#\/schema\/person\/image\/\",\"url\":\"https:\/\/secure.gravatar.com\/avatar\/39cd7ca736d2ea9852310febbc62e5b9a16ba7de5a8743bd6c83df4054fad5a7?s=96&d=mm&r=g\",\"contentUrl\":\"https:\/\/secure.gravatar.com\/avatar\/39cd7ca736d2ea9852310febbc62e5b9a16ba7de5a8743bd6c83df4054fad5a7?s=96&d=mm&r=g\",\"caption\":\"manuka\"},\"sameAs\":[\"https:\/\/embangola.pl\"],\"url\":\"https:\/\/embangola.pl\/?author=1\"}]}<\/script>\n<!-- \/ Yoast SEO plugin. -->","yoast_head_json":{"title":"Condecora\u00e7\u00e3o do Senhor Embaixador por Ocasi\u00e3o dos 50 Anos da Independ\u00eancia - Embaixada da Rep\u00fablica de Angola na Pol\u00f3nia, Let\u00f3nia, Est\u00f3nia e Litu\u00e2nia","robots":{"index":"index","follow":"follow","max-snippet":"max-snippet:-1","max-image-preview":"max-image-preview:large","max-video-preview":"max-video-preview:-1"},"canonical":"https:\/\/embangola.pl\/?p=4920","og_locale":"pl_PL","og_type":"article","og_title":"Condecora\u00e7\u00e3o do Senhor Embaixador por Ocasi\u00e3o dos 50 Anos da Independ\u00eancia - Embaixada da Rep\u00fablica de Angola na Pol\u00f3nia, Let\u00f3nia, Est\u00f3nia e Litu\u00e2nia","og_description":"No \u00e2mbito das celebra\u00e7\u00f5es do 50.\u00ba anivers\u00e1rio da Independ\u00eancia Nacional, o Senhor Embaixador Manuel Pedro Chaves foi outorgado a medalha comemorativa alusiva ao 50. Anivers\u00e1rio da Independ\u00eancia Nacional, da Classe Paz e Desenvolvimento, uma das altas distin\u00e7\u00f5es do Estado Angolano. O acto teve lugar no dia 19 de Julho de 2025, durante uma cerim\u00f3nia solene [&hellip;]","og_url":"https:\/\/embangola.pl\/?p=4920","og_site_name":"Embaixada da Rep\u00fablica de Angola na Pol\u00f3nia, Let\u00f3nia, Est\u00f3nia e Litu\u00e2nia","article_published_time":"2025-07-19T14:43:11+00:00","article_modified_time":"2025-07-31T14:46:26+00:00","og_image":[{"width":1272,"height":848,"url":"https:\/\/embangola.pl\/wp-content\/uploads\/2025\/07\/PR-de-Angola-e-Embaixador-Pedro-Chaves-e1753961753525.jpg","type":"image\/jpeg"}],"author":"manuka","twitter_card":"summary_large_image","twitter_misc":{"Napisane przez":"manuka","Szacowany czas czytania":"2 minuty"},"schema":{"@context":"https:\/\/schema.org","@graph":[{"@type":"WebPage","@id":"https:\/\/embangola.pl\/?p=4920","url":"https:\/\/embangola.pl\/?p=4920","name":"Condecora\u00e7\u00e3o do Senhor Embaixador por Ocasi\u00e3o dos 50 Anos da Independ\u00eancia - Embaixada da Rep\u00fablica de Angola na Pol\u00f3nia, Let\u00f3nia, Est\u00f3nia e Litu\u00e2nia","isPartOf":{"@id":"https:\/\/embangola.pl\/#website"},"datePublished":"2025-07-19T14:43:11+00:00","dateModified":"2025-07-31T14:46:26+00:00","author":{"@id":"https:\/\/embangola.pl\/#\/schema\/person\/4ba173826306d1b1b16922873bc40a54"},"breadcrumb":{"@id":"https:\/\/embangola.pl\/?p=4920#breadcrumb"},"inLanguage":"pl-PL","potentialAction":[{"@type":"ReadAction","target":["https:\/\/embangola.pl\/?p=4920"]}]},{"@type":"BreadcrumbList","@id":"https:\/\/embangola.pl\/?p=4920#breadcrumb","itemListElement":[{"@type":"ListItem","position":1,"name":"Strona g\u0142\u00f3wna","item":"https:\/\/embangola.pl\/"},{"@type":"ListItem","position":2,"name":"Condecora\u00e7\u00e3o do Senhor Embaixador por Ocasi\u00e3o dos 50 Anos da Independ\u00eancia"}]},{"@type":"WebSite","@id":"https:\/\/embangola.pl\/#website","url":"https:\/\/embangola.pl\/","name":"Embaixada da Rep\u00fablica de Angola na Pol\u00f3nia, Let\u00f3nia, Est\u00f3nia e Litu\u00e2nia","description":"","potentialAction":[{"@type":"SearchAction","target":{"@type":"EntryPoint","urlTemplate":"https:\/\/embangola.pl\/?s={search_term_string}"},"query-input":"required name=search_term_string"}],"inLanguage":"pl-PL"},{"@type":"Person","@id":"https:\/\/embangola.pl\/#\/schema\/person\/4ba173826306d1b1b16922873bc40a54","name":"manuka","image":{"@type":"ImageObject","inLanguage":"pl-PL","@id":"https:\/\/embangola.pl\/#\/schema\/person\/image\/","url":"https:\/\/secure.gravatar.com\/avatar\/39cd7ca736d2ea9852310febbc62e5b9a16ba7de5a8743bd6c83df4054fad5a7?s=96&d=mm&r=g","contentUrl":"https:\/\/secure.gravatar.com\/avatar\/39cd7ca736d2ea9852310febbc62e5b9a16ba7de5a8743bd6c83df4054fad5a7?s=96&d=mm&r=g","caption":"manuka"},"sameAs":["https:\/\/embangola.pl"],"url":"https:\/\/embangola.pl\/?author=1"}]}},"_links":{"self":[{"href":"https:\/\/embangola.pl\/index.php?rest_route=\/wp\/v2\/posts\/4920","targetHints":{"allow":["GET"]}}],"collection":[{"href":"https:\/\/embangola.pl\/index.php?rest_route=\/wp\/v2\/posts"}],"about":[{"href":"https:\/\/embangola.pl\/index.php?rest_route=\/wp\/v2\/types\/post"}],"author":[{"embeddable":true,"href":"https:\/\/embangola.pl\/index.php?rest_route=\/wp\/v2\/users\/1"}],"replies":[{"embeddable":true,"href":"https:\/\/embangola.pl\/index.php?rest_route=%2Fwp%2Fv2%2Fcomments&post=4920"}],"version-history":[{"count":1,"href":"https:\/\/embangola.pl\/index.php?rest_route=\/wp\/v2\/posts\/4920\/revisions"}],"predecessor-version":[{"id":4921,"href":"https:\/\/embangola.pl\/index.php?rest_route=\/wp\/v2\/posts\/4920\/revisions\/4921"}],"wp:featuredmedia":[{"embeddable":true,"href":"https:\/\/embangola.pl\/index.php?rest_route=\/wp\/v2\/media\/4911"}],"wp:attachment":[{"href":"https:\/\/embangola.pl\/index.php?rest_route=%2Fwp%2Fv2%2Fmedia&parent=4920"}],"wp:term":[{"taxonomy":"category","embeddable":true,"href":"https:\/\/embangola.pl\/index.php?rest_route=%2Fwp%2Fv2%2Fcategories&post=4920"},{"taxonomy":"post_tag","embeddable":true,"href":"https:\/\/embangola.pl\/index.php?rest_route=%2Fwp%2Fv2%2Ftags&post=4920"}],"curies":[{"name":"wp","href":"https:\/\/api.w.org\/{rel}","templated":true}]}}