{"id":4717,"date":"2025-06-24T14:24:39","date_gmt":"2025-06-24T12:24:39","guid":{"rendered":"https:\/\/embangola.pl\/?p=4717"},"modified":"2025-07-01T14:28:55","modified_gmt":"2025-07-01T12:28:55","slug":"embaixada-de-angola-participa-na-conferencia-lubexport-forum-economico-na-polonia","status":"publish","type":"post","link":"https:\/\/embangola.pl\/?p=4717","title":{"rendered":"Embaixada de Angola Participa na Confer\u00eancia LUBExport \u2013 F\u00f3rum Econ\u00f3mico na Pol\u00f3nia"},"content":{"rendered":"\n<div class=\"wp-block-columns is-layout-flex wp-container-core-columns-is-layout-28f84493 wp-block-columns-is-layout-flex\">\n<div class=\"wp-block-column is-layout-flow wp-block-column-is-layout-flow\">\n<figure class=\"wp-block-image aligncenter size-full is-resized\"><img decoding=\"async\" src=\"https:\/\/embangola.pl\/wp-content\/uploads\/2025\/07\/LUBExport11.png\" alt=\"\" class=\"wp-image-4718\" style=\"width:588px;height:auto\"\/><\/figure>\n<\/div>\n\n\n\n<div class=\"wp-block-column is-layout-flow wp-block-column-is-layout-flow\">\n<figure class=\"wp-block-image aligncenter size-full is-resized\"><img loading=\"lazy\" decoding=\"async\" width=\"400\" height=\"400\" src=\"https:\/\/embangola.pl\/wp-content\/uploads\/2025\/07\/LUBExport19.png\" alt=\"\" class=\"wp-image-4719\" style=\"width:588px;height:auto\" srcset=\"https:\/\/embangola.pl\/wp-content\/uploads\/2025\/07\/LUBExport19.png 400w, https:\/\/embangola.pl\/wp-content\/uploads\/2025\/07\/LUBExport19-300x300.png 300w, https:\/\/embangola.pl\/wp-content\/uploads\/2025\/07\/LUBExport19-150x150.png 150w\" sizes=\"auto, (max-width: 400px) 100vw, 400px\" \/><\/figure>\n<\/div>\n<\/div>\n\n\n\n<div class=\"wp-block-columns is-layout-flex wp-container-core-columns-is-layout-28f84493 wp-block-columns-is-layout-flex\">\n<div class=\"wp-block-column is-layout-flow wp-block-column-is-layout-flow\">\n<p>Lublin, 24 de Junho de 2025 \u2013 A Embaixada da Rep\u00fablica de Angola na Pol\u00f3nia participou na Confer\u00eancia LUBExport \u2013 F\u00f3rum Econ\u00f3mico, realizada na cidade de Lublin, a convite do Senado do Clube de Neg\u00f3cios local e com o apoio da Voivodia de Lublin. A miss\u00e3o diplom\u00e1tica angolana foi representada pelo Respons\u00e1vel do Sector Econ\u00f3mico, 1\u00ba Secret\u00e1rio Sr. Ant\u00f3nio Cl\u00e1ver Pitra, acompanhado pela 3\u00ba Secret\u00e1ria, Sra. Filomena Tchahua.<\/p>\n\n\n\n<p>O evento teve como principal objectivo promover o interc\u00e2mbio econ\u00f3mico e estimular as exporta\u00e7\u00f5es e investimentos estrangeiros, com especial enfoque na coopera\u00e7\u00e3o internacional entre os sectores p\u00fablico e privado.<\/p>\n\n\n\n<p>Durante o certame, foram realizadas apresenta\u00e7\u00f5es t\u00e9cnicas e debates sobre temas estrat\u00e9gicos como o financiamento \u00e0 exporta\u00e7\u00e3o, o com\u00e9rcio electr\u00f3nico transfronteiri\u00e7o e a integra\u00e7\u00e3o de tecnologias industriais. A sess\u00e3o B2B (Business-to-Business) permitiu o estabelecimento de contactos com representantes da C\u00e2mara de Com\u00e9rcio Polaco-Italiana, da Ag\u00eancia Polaca de Investimento e Com\u00e9rcio, al\u00e9m de institui\u00e7\u00f5es acad\u00e9micas e empresariais da regi\u00e3o.<\/p>\n\n\n\n<p>A participa\u00e7\u00e3o angolana visou representar os interesses econ\u00f3micos do pa\u00eds, identificar oportunidades de coopera\u00e7\u00e3o nos dom\u00ednios do com\u00e9rcio e investimento, e refor\u00e7ar a presen\u00e7a de Angola em plataformas econ\u00f3micas da Europa Central.<\/p>\n<\/div>\n<\/div>\n\n\n\n<p><\/p>\n","protected":false},"excerpt":{"rendered":"<p>Lublin, 24 de Junho de 2025 \u2013 A Embaixada da Rep\u00fablica de Angola na Pol\u00f3nia participou na Confer\u00eancia LUBExport \u2013 F\u00f3rum Econ\u00f3mico, realizada na cidade de Lublin, a convite do Senado do Clube de Neg\u00f3cios local e com o apoio da Voivodia de Lublin. A miss\u00e3o diplom\u00e1tica angolana foi representada pelo Respons\u00e1vel do Sector Econ\u00f3mico, [&hellip;]<\/p>\n","protected":false},"author":1,"featured_media":4718,"comment_status":"open","ping_status":"open","sticky":false,"template":"","format":"standard","meta":{"inline_featured_image":false,"footnotes":""},"categories":[40],"tags":[],"class_list":["post-4717","post","type-post","status-publish","format-standard","has-post-thumbnail","hentry","category-actualidade"],"acf":[],"yoast_head":"<!-- This site is optimized with the Yoast SEO plugin v19.6.1 - https:\/\/yoast.com\/wordpress\/plugins\/seo\/ -->\n<title>Embaixada de Angola Participa na Confer\u00eancia LUBExport \u2013 F\u00f3rum Econ\u00f3mico na Pol\u00f3nia - Embaixada da Rep\u00fablica de Angola na Pol\u00f3nia, Let\u00f3nia, Est\u00f3nia e Litu\u00e2nia<\/title>\n<meta name=\"robots\" content=\"index, follow, max-snippet:-1, max-image-preview:large, max-video-preview:-1\" \/>\n<link rel=\"canonical\" href=\"https:\/\/embangola.pl\/?p=4717\" \/>\n<meta property=\"og:locale\" content=\"pl_PL\" \/>\n<meta property=\"og:type\" content=\"article\" \/>\n<meta property=\"og:title\" content=\"Embaixada de Angola Participa na Confer\u00eancia LUBExport \u2013 F\u00f3rum Econ\u00f3mico na Pol\u00f3nia - Embaixada da Rep\u00fablica de Angola na Pol\u00f3nia, Let\u00f3nia, Est\u00f3nia e Litu\u00e2nia\" \/>\n<meta property=\"og:description\" content=\"Lublin, 24 de Junho de 2025 \u2013 A Embaixada da Rep\u00fablica de Angola na Pol\u00f3nia participou na Confer\u00eancia LUBExport \u2013 F\u00f3rum Econ\u00f3mico, realizada na cidade de Lublin, a convite do Senado do Clube de Neg\u00f3cios local e com o apoio da Voivodia de Lublin. A miss\u00e3o diplom\u00e1tica angolana foi representada pelo Respons\u00e1vel do Sector Econ\u00f3mico, [&hellip;]\" \/>\n<meta property=\"og:url\" content=\"https:\/\/embangola.pl\/?p=4717\" \/>\n<meta property=\"og:site_name\" content=\"Embaixada da Rep\u00fablica de Angola na Pol\u00f3nia, Let\u00f3nia, Est\u00f3nia e Litu\u00e2nia\" \/>\n<meta property=\"article:published_time\" content=\"2025-06-24T12:24:39+00:00\" \/>\n<meta property=\"article:modified_time\" content=\"2025-07-01T12:28:55+00:00\" \/>\n<meta property=\"og:image\" content=\"https:\/\/embangola.pl\/wp-content\/uploads\/2025\/07\/LUBExport11.png\" \/>\n\t<meta property=\"og:image:width\" content=\"400\" \/>\n\t<meta property=\"og:image:height\" content=\"400\" \/>\n\t<meta property=\"og:image:type\" content=\"image\/png\" \/>\n<meta name=\"author\" content=\"manuka\" \/>\n<meta name=\"twitter:card\" content=\"summary_large_image\" \/>\n<meta name=\"twitter:label1\" content=\"Napisane przez\" \/>\n\t<meta name=\"twitter:data1\" content=\"manuka\" \/>\n\t<meta name=\"twitter:label2\" content=\"Szacowany czas czytania\" \/>\n\t<meta name=\"twitter:data2\" content=\"2 minuty\" \/>\n<script type=\"application\/ld+json\" class=\"yoast-schema-graph\">{\"@context\":\"https:\/\/schema.org\",\"@graph\":[{\"@type\":\"WebPage\",\"@id\":\"https:\/\/embangola.pl\/?p=4717\",\"url\":\"https:\/\/embangola.pl\/?p=4717\",\"name\":\"Embaixada de Angola Participa na Confer\u00eancia LUBExport \u2013 F\u00f3rum Econ\u00f3mico na Pol\u00f3nia - Embaixada da Rep\u00fablica de Angola na Pol\u00f3nia, Let\u00f3nia, Est\u00f3nia e Litu\u00e2nia\",\"isPartOf\":{\"@id\":\"https:\/\/embangola.pl\/#website\"},\"datePublished\":\"2025-06-24T12:24:39+00:00\",\"dateModified\":\"2025-07-01T12:28:55+00:00\",\"author\":{\"@id\":\"https:\/\/embangola.pl\/#\/schema\/person\/4ba173826306d1b1b16922873bc40a54\"},\"breadcrumb\":{\"@id\":\"https:\/\/embangola.pl\/?p=4717#breadcrumb\"},\"inLanguage\":\"pl-PL\",\"potentialAction\":[{\"@type\":\"ReadAction\",\"target\":[\"https:\/\/embangola.pl\/?p=4717\"]}]},{\"@type\":\"BreadcrumbList\",\"@id\":\"https:\/\/embangola.pl\/?p=4717#breadcrumb\",\"itemListElement\":[{\"@type\":\"ListItem\",\"position\":1,\"name\":\"Strona g\u0142\u00f3wna\",\"item\":\"https:\/\/embangola.pl\/\"},{\"@type\":\"ListItem\",\"position\":2,\"name\":\"Embaixada de Angola Participa na Confer\u00eancia LUBExport \u2013 F\u00f3rum Econ\u00f3mico na Pol\u00f3nia\"}]},{\"@type\":\"WebSite\",\"@id\":\"https:\/\/embangola.pl\/#website\",\"url\":\"https:\/\/embangola.pl\/\",\"name\":\"Embaixada da Rep\u00fablica de Angola na Pol\u00f3nia, Let\u00f3nia, Est\u00f3nia e Litu\u00e2nia\",\"description\":\"\",\"potentialAction\":[{\"@type\":\"SearchAction\",\"target\":{\"@type\":\"EntryPoint\",\"urlTemplate\":\"https:\/\/embangola.pl\/?s={search_term_string}\"},\"query-input\":\"required name=search_term_string\"}],\"inLanguage\":\"pl-PL\"},{\"@type\":\"Person\",\"@id\":\"https:\/\/embangola.pl\/#\/schema\/person\/4ba173826306d1b1b16922873bc40a54\",\"name\":\"manuka\",\"image\":{\"@type\":\"ImageObject\",\"inLanguage\":\"pl-PL\",\"@id\":\"https:\/\/embangola.pl\/#\/schema\/person\/image\/\",\"url\":\"https:\/\/secure.gravatar.com\/avatar\/39cd7ca736d2ea9852310febbc62e5b9a16ba7de5a8743bd6c83df4054fad5a7?s=96&d=mm&r=g\",\"contentUrl\":\"https:\/\/secure.gravatar.com\/avatar\/39cd7ca736d2ea9852310febbc62e5b9a16ba7de5a8743bd6c83df4054fad5a7?s=96&d=mm&r=g\",\"caption\":\"manuka\"},\"sameAs\":[\"https:\/\/embangola.pl\"],\"url\":\"https:\/\/embangola.pl\/?author=1\"}]}<\/script>\n<!-- \/ Yoast SEO plugin. -->","yoast_head_json":{"title":"Embaixada de Angola Participa na Confer\u00eancia LUBExport \u2013 F\u00f3rum Econ\u00f3mico na Pol\u00f3nia - Embaixada da Rep\u00fablica de Angola na Pol\u00f3nia, Let\u00f3nia, Est\u00f3nia e Litu\u00e2nia","robots":{"index":"index","follow":"follow","max-snippet":"max-snippet:-1","max-image-preview":"max-image-preview:large","max-video-preview":"max-video-preview:-1"},"canonical":"https:\/\/embangola.pl\/?p=4717","og_locale":"pl_PL","og_type":"article","og_title":"Embaixada de Angola Participa na Confer\u00eancia LUBExport \u2013 F\u00f3rum Econ\u00f3mico na Pol\u00f3nia - Embaixada da Rep\u00fablica de Angola na Pol\u00f3nia, Let\u00f3nia, Est\u00f3nia e Litu\u00e2nia","og_description":"Lublin, 24 de Junho de 2025 \u2013 A Embaixada da Rep\u00fablica de Angola na Pol\u00f3nia participou na Confer\u00eancia LUBExport \u2013 F\u00f3rum Econ\u00f3mico, realizada na cidade de Lublin, a convite do Senado do Clube de Neg\u00f3cios local e com o apoio da Voivodia de Lublin. A miss\u00e3o diplom\u00e1tica angolana foi representada pelo Respons\u00e1vel do Sector Econ\u00f3mico, [&hellip;]","og_url":"https:\/\/embangola.pl\/?p=4717","og_site_name":"Embaixada da Rep\u00fablica de Angola na Pol\u00f3nia, Let\u00f3nia, Est\u00f3nia e Litu\u00e2nia","article_published_time":"2025-06-24T12:24:39+00:00","article_modified_time":"2025-07-01T12:28:55+00:00","og_image":[{"width":400,"height":400,"url":"https:\/\/embangola.pl\/wp-content\/uploads\/2025\/07\/LUBExport11.png","type":"image\/png"}],"author":"manuka","twitter_card":"summary_large_image","twitter_misc":{"Napisane przez":"manuka","Szacowany czas czytania":"2 minuty"},"schema":{"@context":"https:\/\/schema.org","@graph":[{"@type":"WebPage","@id":"https:\/\/embangola.pl\/?p=4717","url":"https:\/\/embangola.pl\/?p=4717","name":"Embaixada de Angola Participa na Confer\u00eancia LUBExport \u2013 F\u00f3rum Econ\u00f3mico na Pol\u00f3nia - Embaixada da Rep\u00fablica de Angola na Pol\u00f3nia, Let\u00f3nia, Est\u00f3nia e Litu\u00e2nia","isPartOf":{"@id":"https:\/\/embangola.pl\/#website"},"datePublished":"2025-06-24T12:24:39+00:00","dateModified":"2025-07-01T12:28:55+00:00","author":{"@id":"https:\/\/embangola.pl\/#\/schema\/person\/4ba173826306d1b1b16922873bc40a54"},"breadcrumb":{"@id":"https:\/\/embangola.pl\/?p=4717#breadcrumb"},"inLanguage":"pl-PL","potentialAction":[{"@type":"ReadAction","target":["https:\/\/embangola.pl\/?p=4717"]}]},{"@type":"BreadcrumbList","@id":"https:\/\/embangola.pl\/?p=4717#breadcrumb","itemListElement":[{"@type":"ListItem","position":1,"name":"Strona g\u0142\u00f3wna","item":"https:\/\/embangola.pl\/"},{"@type":"ListItem","position":2,"name":"Embaixada de Angola Participa na Confer\u00eancia LUBExport \u2013 F\u00f3rum Econ\u00f3mico na Pol\u00f3nia"}]},{"@type":"WebSite","@id":"https:\/\/embangola.pl\/#website","url":"https:\/\/embangola.pl\/","name":"Embaixada da Rep\u00fablica de Angola na Pol\u00f3nia, Let\u00f3nia, Est\u00f3nia e Litu\u00e2nia","description":"","potentialAction":[{"@type":"SearchAction","target":{"@type":"EntryPoint","urlTemplate":"https:\/\/embangola.pl\/?s={search_term_string}"},"query-input":"required name=search_term_string"}],"inLanguage":"pl-PL"},{"@type":"Person","@id":"https:\/\/embangola.pl\/#\/schema\/person\/4ba173826306d1b1b16922873bc40a54","name":"manuka","image":{"@type":"ImageObject","inLanguage":"pl-PL","@id":"https:\/\/embangola.pl\/#\/schema\/person\/image\/","url":"https:\/\/secure.gravatar.com\/avatar\/39cd7ca736d2ea9852310febbc62e5b9a16ba7de5a8743bd6c83df4054fad5a7?s=96&d=mm&r=g","contentUrl":"https:\/\/secure.gravatar.com\/avatar\/39cd7ca736d2ea9852310febbc62e5b9a16ba7de5a8743bd6c83df4054fad5a7?s=96&d=mm&r=g","caption":"manuka"},"sameAs":["https:\/\/embangola.pl"],"url":"https:\/\/embangola.pl\/?author=1"}]}},"_links":{"self":[{"href":"https:\/\/embangola.pl\/index.php?rest_route=\/wp\/v2\/posts\/4717","targetHints":{"allow":["GET"]}}],"collection":[{"href":"https:\/\/embangola.pl\/index.php?rest_route=\/wp\/v2\/posts"}],"about":[{"href":"https:\/\/embangola.pl\/index.php?rest_route=\/wp\/v2\/types\/post"}],"author":[{"embeddable":true,"href":"https:\/\/embangola.pl\/index.php?rest_route=\/wp\/v2\/users\/1"}],"replies":[{"embeddable":true,"href":"https:\/\/embangola.pl\/index.php?rest_route=%2Fwp%2Fv2%2Fcomments&post=4717"}],"version-history":[{"count":1,"href":"https:\/\/embangola.pl\/index.php?rest_route=\/wp\/v2\/posts\/4717\/revisions"}],"predecessor-version":[{"id":4720,"href":"https:\/\/embangola.pl\/index.php?rest_route=\/wp\/v2\/posts\/4717\/revisions\/4720"}],"wp:featuredmedia":[{"embeddable":true,"href":"https:\/\/embangola.pl\/index.php?rest_route=\/wp\/v2\/media\/4718"}],"wp:attachment":[{"href":"https:\/\/embangola.pl\/index.php?rest_route=%2Fwp%2Fv2%2Fmedia&parent=4717"}],"wp:term":[{"taxonomy":"category","embeddable":true,"href":"https:\/\/embangola.pl\/index.php?rest_route=%2Fwp%2Fv2%2Fcategories&post=4717"},{"taxonomy":"post_tag","embeddable":true,"href":"https:\/\/embangola.pl\/index.php?rest_route=%2Fwp%2Fv2%2Ftags&post=4717"}],"curies":[{"name":"wp","href":"https:\/\/api.w.org\/{rel}","templated":true}]}}