{"id":4650,"date":"2025-06-27T13:20:29","date_gmt":"2025-06-27T11:20:29","guid":{"rendered":"https:\/\/embangola.pl\/?p=4650"},"modified":"2025-07-01T11:57:10","modified_gmt":"2025-07-01T09:57:10","slug":"angola-marca-presenca-na-gala-do-concurso-miss-supranacional-realizado-na-polonia","status":"publish","type":"post","link":"https:\/\/embangola.pl\/?p=4650","title":{"rendered":"Angola marca presen\u00e7a na gala do concurso miss supranacional realizado na Pol\u00f3nia."},"content":{"rendered":"\n<p><\/p>\n\n\n\n<div class=\"wp-block-columns is-layout-flex wp-container-core-columns-is-layout-28f84493 wp-block-columns-is-layout-flex\">\n<div class=\"wp-block-column is-layout-flow wp-block-column-is-layout-flow\">\n<p class=\"has-medium-font-size\">Angola participou mais uma vez no concurso miss supranacional realizado ontem em Nowy S\u0105cz na Rep\u00fablica da Pol\u00f4nia.<\/p>\n\n\n\n<p class=\"has-medium-font-size\">Evento que acontece todos os anos neste pa\u00eds, foi mais uma vez o palco de exibi\u00e7\u00e3o da beleza de mais de 100 candidatas de todo o mundo, acompanhadas do apoio dos respectivos cidad\u00e3os.<\/p>\n\n\n\n<p class=\"has-medium-font-size\">A participa\u00e7\u00e3o de Angola foi marcada pelo rosto e eleg\u00e2ncia da jovem Kendra Cordeiro, miss Benguela 2024, que representou condignamente o pa\u00eds, seus tra\u00e7os e sua cultura.<\/p>\n\n\n\n<p class=\"has-medium-font-size\"><\/p>\n\n\n\n<figure class=\"wp-block-image aligncenter size-full\"><img decoding=\"async\" src=\"https:\/\/embangola.pl\/wp-content\/uploads\/2025\/06\/1.jpg\" alt=\"\" class=\"wp-image-4654\"\/><\/figure>\n<\/div>\n\n\n\n<div class=\"wp-block-column is-layout-flow wp-block-column-is-layout-flow\">\n<p class=\"has-medium-font-size\"><\/p>\n\n\n\n<figure class=\"wp-block-image size-full\"><img loading=\"lazy\" decoding=\"async\" width=\"783\" height=\"848\" src=\"https:\/\/embangola.pl\/wp-content\/uploads\/2025\/06\/Imagem-Miss-Mundo-1.jpg\" alt=\"\" class=\"wp-image-4657\" srcset=\"https:\/\/embangola.pl\/wp-content\/uploads\/2025\/06\/Imagem-Miss-Mundo-1.jpg 783w, https:\/\/embangola.pl\/wp-content\/uploads\/2025\/06\/Imagem-Miss-Mundo-1-277x300.jpg 277w, https:\/\/embangola.pl\/wp-content\/uploads\/2025\/06\/Imagem-Miss-Mundo-1-768x832.jpg 768w, https:\/\/embangola.pl\/wp-content\/uploads\/2025\/06\/Imagem-Miss-Mundo-1-600x650.jpg 600w\" sizes=\"auto, (max-width: 783px) 100vw, 783px\" \/><\/figure>\n\n\n\n<p class=\"has-medium-font-size\">Liderou a delega\u00e7\u00e3o angolana&nbsp; a presidente do Comit\u00e9 Miss Angola, a eterna miss universo Leila Lopes, ladeada do Embaixador Extraordin\u00e1rio e Plenipotenci\u00e1rio de Angola na Rep\u00fablica da Pol\u00f3nia Manuel Pedro Chaves, acompanhados dos respectivos staffs.<\/p>\n\n\n\n<p class=\"has-medium-font-size\">Foi um evento majestoso em que o pa\u00eds deixou bons indicadores, projetando-se no futuro o alcance de lugares cimeiros. O concurso teve como vencedora a candidata do Brasil Eduarda&nbsp;da&nbsp;Silva&nbsp;Braum.<\/p>\n<\/div>\n<\/div>\n\n\n\n<div class=\"wp-block-columns is-layout-flex wp-container-core-columns-is-layout-28f84493 wp-block-columns-is-layout-flex\">\n<div class=\"wp-block-column is-layout-flow wp-block-column-is-layout-flow\">\n<p class=\"has-medium-font-size\"><\/p>\n<\/div>\n<\/div>\n\n\n\n<p><\/p>\n","protected":false},"excerpt":{"rendered":"<p>Angola participou mais uma vez no concurso miss supranacional realizado ontem em Nowy S\u0105cz na Rep\u00fablica da Pol\u00f4nia. Evento que acontece todos os anos neste pa\u00eds, foi mais uma vez o palco de exibi\u00e7\u00e3o da beleza de mais de 100 candidatas de todo o mundo, acompanhadas do apoio dos respectivos cidad\u00e3os. A participa\u00e7\u00e3o de Angola [&hellip;]<\/p>\n","protected":false},"author":1,"featured_media":4654,"comment_status":"open","ping_status":"open","sticky":false,"template":"","format":"standard","meta":{"inline_featured_image":false,"footnotes":""},"categories":[40,68,66],"tags":[],"class_list":["post-4650","post","type-post","status-publish","format-standard","has-post-thumbnail","hentry","category-actualidade","category-cultura","category-desporto"],"acf":[],"yoast_head":"<!-- This site is optimized with the Yoast SEO plugin v19.6.1 - https:\/\/yoast.com\/wordpress\/plugins\/seo\/ -->\n<title>Angola marca presen\u00e7a na gala do concurso miss supranacional realizado na Pol\u00f3nia. - Embaixada da Rep\u00fablica de Angola na Pol\u00f3nia, Let\u00f3nia, Est\u00f3nia e Litu\u00e2nia<\/title>\n<meta name=\"robots\" content=\"index, follow, max-snippet:-1, max-image-preview:large, max-video-preview:-1\" \/>\n<link rel=\"canonical\" href=\"https:\/\/embangola.pl\/?p=4650\" \/>\n<meta property=\"og:locale\" content=\"pl_PL\" \/>\n<meta property=\"og:type\" content=\"article\" \/>\n<meta property=\"og:title\" content=\"Angola marca presen\u00e7a na gala do concurso miss supranacional realizado na Pol\u00f3nia. - Embaixada da Rep\u00fablica de Angola na Pol\u00f3nia, Let\u00f3nia, Est\u00f3nia e Litu\u00e2nia\" \/>\n<meta property=\"og:description\" content=\"Angola participou mais uma vez no concurso miss supranacional realizado ontem em Nowy S\u0105cz na Rep\u00fablica da Pol\u00f4nia. Evento que acontece todos os anos neste pa\u00eds, foi mais uma vez o palco de exibi\u00e7\u00e3o da beleza de mais de 100 candidatas de todo o mundo, acompanhadas do apoio dos respectivos cidad\u00e3os. A participa\u00e7\u00e3o de Angola [&hellip;]\" \/>\n<meta property=\"og:url\" content=\"https:\/\/embangola.pl\/?p=4650\" \/>\n<meta property=\"og:site_name\" content=\"Embaixada da Rep\u00fablica de Angola na Pol\u00f3nia, Let\u00f3nia, Est\u00f3nia e Litu\u00e2nia\" \/>\n<meta property=\"article:published_time\" content=\"2025-06-27T11:20:29+00:00\" \/>\n<meta property=\"article:modified_time\" content=\"2025-07-01T09:57:10+00:00\" \/>\n<meta property=\"og:image\" content=\"https:\/\/embangola.pl\/wp-content\/uploads\/2025\/06\/1-e1751282890313.jpg\" \/>\n\t<meta property=\"og:image:width\" content=\"750\" \/>\n\t<meta property=\"og:image:height\" content=\"373\" \/>\n\t<meta property=\"og:image:type\" content=\"image\/jpeg\" \/>\n<meta name=\"author\" content=\"manuka\" \/>\n<meta name=\"twitter:card\" content=\"summary_large_image\" \/>\n<meta name=\"twitter:label1\" content=\"Napisane przez\" \/>\n\t<meta name=\"twitter:data1\" content=\"manuka\" \/>\n\t<meta name=\"twitter:label2\" content=\"Szacowany czas czytania\" \/>\n\t<meta name=\"twitter:data2\" content=\"2 minuty\" \/>\n<script type=\"application\/ld+json\" class=\"yoast-schema-graph\">{\"@context\":\"https:\/\/schema.org\",\"@graph\":[{\"@type\":\"WebPage\",\"@id\":\"https:\/\/embangola.pl\/?p=4650\",\"url\":\"https:\/\/embangola.pl\/?p=4650\",\"name\":\"Angola marca presen\u00e7a na gala do concurso miss supranacional realizado na Pol\u00f3nia. - Embaixada da Rep\u00fablica de Angola na Pol\u00f3nia, Let\u00f3nia, Est\u00f3nia e Litu\u00e2nia\",\"isPartOf\":{\"@id\":\"https:\/\/embangola.pl\/#website\"},\"datePublished\":\"2025-06-27T11:20:29+00:00\",\"dateModified\":\"2025-07-01T09:57:10+00:00\",\"author\":{\"@id\":\"https:\/\/embangola.pl\/#\/schema\/person\/4ba173826306d1b1b16922873bc40a54\"},\"breadcrumb\":{\"@id\":\"https:\/\/embangola.pl\/?p=4650#breadcrumb\"},\"inLanguage\":\"pl-PL\",\"potentialAction\":[{\"@type\":\"ReadAction\",\"target\":[\"https:\/\/embangola.pl\/?p=4650\"]}]},{\"@type\":\"BreadcrumbList\",\"@id\":\"https:\/\/embangola.pl\/?p=4650#breadcrumb\",\"itemListElement\":[{\"@type\":\"ListItem\",\"position\":1,\"name\":\"Strona g\u0142\u00f3wna\",\"item\":\"https:\/\/embangola.pl\/\"},{\"@type\":\"ListItem\",\"position\":2,\"name\":\"Angola marca presen\u00e7a na gala do concurso miss supranacional realizado na Pol\u00f3nia.\"}]},{\"@type\":\"WebSite\",\"@id\":\"https:\/\/embangola.pl\/#website\",\"url\":\"https:\/\/embangola.pl\/\",\"name\":\"Embaixada da Rep\u00fablica de Angola na Pol\u00f3nia, Let\u00f3nia, Est\u00f3nia e Litu\u00e2nia\",\"description\":\"\",\"potentialAction\":[{\"@type\":\"SearchAction\",\"target\":{\"@type\":\"EntryPoint\",\"urlTemplate\":\"https:\/\/embangola.pl\/?s={search_term_string}\"},\"query-input\":\"required name=search_term_string\"}],\"inLanguage\":\"pl-PL\"},{\"@type\":\"Person\",\"@id\":\"https:\/\/embangola.pl\/#\/schema\/person\/4ba173826306d1b1b16922873bc40a54\",\"name\":\"manuka\",\"image\":{\"@type\":\"ImageObject\",\"inLanguage\":\"pl-PL\",\"@id\":\"https:\/\/embangola.pl\/#\/schema\/person\/image\/\",\"url\":\"https:\/\/secure.gravatar.com\/avatar\/39cd7ca736d2ea9852310febbc62e5b9a16ba7de5a8743bd6c83df4054fad5a7?s=96&d=mm&r=g\",\"contentUrl\":\"https:\/\/secure.gravatar.com\/avatar\/39cd7ca736d2ea9852310febbc62e5b9a16ba7de5a8743bd6c83df4054fad5a7?s=96&d=mm&r=g\",\"caption\":\"manuka\"},\"sameAs\":[\"https:\/\/embangola.pl\"],\"url\":\"https:\/\/embangola.pl\/?author=1\"}]}<\/script>\n<!-- \/ Yoast SEO plugin. -->","yoast_head_json":{"title":"Angola marca presen\u00e7a na gala do concurso miss supranacional realizado na Pol\u00f3nia. - Embaixada da Rep\u00fablica de Angola na Pol\u00f3nia, Let\u00f3nia, Est\u00f3nia e Litu\u00e2nia","robots":{"index":"index","follow":"follow","max-snippet":"max-snippet:-1","max-image-preview":"max-image-preview:large","max-video-preview":"max-video-preview:-1"},"canonical":"https:\/\/embangola.pl\/?p=4650","og_locale":"pl_PL","og_type":"article","og_title":"Angola marca presen\u00e7a na gala do concurso miss supranacional realizado na Pol\u00f3nia. - Embaixada da Rep\u00fablica de Angola na Pol\u00f3nia, Let\u00f3nia, Est\u00f3nia e Litu\u00e2nia","og_description":"Angola participou mais uma vez no concurso miss supranacional realizado ontem em Nowy S\u0105cz na Rep\u00fablica da Pol\u00f4nia. Evento que acontece todos os anos neste pa\u00eds, foi mais uma vez o palco de exibi\u00e7\u00e3o da beleza de mais de 100 candidatas de todo o mundo, acompanhadas do apoio dos respectivos cidad\u00e3os. A participa\u00e7\u00e3o de Angola [&hellip;]","og_url":"https:\/\/embangola.pl\/?p=4650","og_site_name":"Embaixada da Rep\u00fablica de Angola na Pol\u00f3nia, Let\u00f3nia, Est\u00f3nia e Litu\u00e2nia","article_published_time":"2025-06-27T11:20:29+00:00","article_modified_time":"2025-07-01T09:57:10+00:00","og_image":[{"width":750,"height":373,"url":"https:\/\/embangola.pl\/wp-content\/uploads\/2025\/06\/1-e1751282890313.jpg","type":"image\/jpeg"}],"author":"manuka","twitter_card":"summary_large_image","twitter_misc":{"Napisane przez":"manuka","Szacowany czas czytania":"2 minuty"},"schema":{"@context":"https:\/\/schema.org","@graph":[{"@type":"WebPage","@id":"https:\/\/embangola.pl\/?p=4650","url":"https:\/\/embangola.pl\/?p=4650","name":"Angola marca presen\u00e7a na gala do concurso miss supranacional realizado na Pol\u00f3nia. - Embaixada da Rep\u00fablica de Angola na Pol\u00f3nia, Let\u00f3nia, Est\u00f3nia e Litu\u00e2nia","isPartOf":{"@id":"https:\/\/embangola.pl\/#website"},"datePublished":"2025-06-27T11:20:29+00:00","dateModified":"2025-07-01T09:57:10+00:00","author":{"@id":"https:\/\/embangola.pl\/#\/schema\/person\/4ba173826306d1b1b16922873bc40a54"},"breadcrumb":{"@id":"https:\/\/embangola.pl\/?p=4650#breadcrumb"},"inLanguage":"pl-PL","potentialAction":[{"@type":"ReadAction","target":["https:\/\/embangola.pl\/?p=4650"]}]},{"@type":"BreadcrumbList","@id":"https:\/\/embangola.pl\/?p=4650#breadcrumb","itemListElement":[{"@type":"ListItem","position":1,"name":"Strona g\u0142\u00f3wna","item":"https:\/\/embangola.pl\/"},{"@type":"ListItem","position":2,"name":"Angola marca presen\u00e7a na gala do concurso miss supranacional realizado na Pol\u00f3nia."}]},{"@type":"WebSite","@id":"https:\/\/embangola.pl\/#website","url":"https:\/\/embangola.pl\/","name":"Embaixada da Rep\u00fablica de Angola na Pol\u00f3nia, Let\u00f3nia, Est\u00f3nia e Litu\u00e2nia","description":"","potentialAction":[{"@type":"SearchAction","target":{"@type":"EntryPoint","urlTemplate":"https:\/\/embangola.pl\/?s={search_term_string}"},"query-input":"required name=search_term_string"}],"inLanguage":"pl-PL"},{"@type":"Person","@id":"https:\/\/embangola.pl\/#\/schema\/person\/4ba173826306d1b1b16922873bc40a54","name":"manuka","image":{"@type":"ImageObject","inLanguage":"pl-PL","@id":"https:\/\/embangola.pl\/#\/schema\/person\/image\/","url":"https:\/\/secure.gravatar.com\/avatar\/39cd7ca736d2ea9852310febbc62e5b9a16ba7de5a8743bd6c83df4054fad5a7?s=96&d=mm&r=g","contentUrl":"https:\/\/secure.gravatar.com\/avatar\/39cd7ca736d2ea9852310febbc62e5b9a16ba7de5a8743bd6c83df4054fad5a7?s=96&d=mm&r=g","caption":"manuka"},"sameAs":["https:\/\/embangola.pl"],"url":"https:\/\/embangola.pl\/?author=1"}]}},"_links":{"self":[{"href":"https:\/\/embangola.pl\/index.php?rest_route=\/wp\/v2\/posts\/4650","targetHints":{"allow":["GET"]}}],"collection":[{"href":"https:\/\/embangola.pl\/index.php?rest_route=\/wp\/v2\/posts"}],"about":[{"href":"https:\/\/embangola.pl\/index.php?rest_route=\/wp\/v2\/types\/post"}],"author":[{"embeddable":true,"href":"https:\/\/embangola.pl\/index.php?rest_route=\/wp\/v2\/users\/1"}],"replies":[{"embeddable":true,"href":"https:\/\/embangola.pl\/index.php?rest_route=%2Fwp%2Fv2%2Fcomments&post=4650"}],"version-history":[{"count":3,"href":"https:\/\/embangola.pl\/index.php?rest_route=\/wp\/v2\/posts\/4650\/revisions"}],"predecessor-version":[{"id":4659,"href":"https:\/\/embangola.pl\/index.php?rest_route=\/wp\/v2\/posts\/4650\/revisions\/4659"}],"wp:featuredmedia":[{"embeddable":true,"href":"https:\/\/embangola.pl\/index.php?rest_route=\/wp\/v2\/media\/4654"}],"wp:attachment":[{"href":"https:\/\/embangola.pl\/index.php?rest_route=%2Fwp%2Fv2%2Fmedia&parent=4650"}],"wp:term":[{"taxonomy":"category","embeddable":true,"href":"https:\/\/embangola.pl\/index.php?rest_route=%2Fwp%2Fv2%2Fcategories&post=4650"},{"taxonomy":"post_tag","embeddable":true,"href":"https:\/\/embangola.pl\/index.php?rest_route=%2Fwp%2Fv2%2Ftags&post=4650"}],"curies":[{"name":"wp","href":"https:\/\/api.w.org\/{rel}","templated":true}]}}