{"id":4643,"date":"2025-06-28T12:54:51","date_gmt":"2025-06-28T10:54:51","guid":{"rendered":"https:\/\/embangola.pl\/?p=4643"},"modified":"2025-07-01T11:56:39","modified_gmt":"2025-07-01T09:56:39","slug":"embaixador-manuel-pedro-chaves-prestigia-participacao-de-angola-no-mundial-de-futebol-de-katowice","status":"publish","type":"post","link":"https:\/\/embangola.pl\/?p=4643","title":{"rendered":"Embaixador Manuel Pedro Chaves prestigia participa\u00e7\u00e3o de Angola no mundial de futebol de Katowice."},"content":{"rendered":"\n<div class=\"wp-block-columns is-layout-flex wp-container-core-columns-is-layout-28f84493 wp-block-columns-is-layout-flex\">\n<div class=\"wp-block-column is-layout-flow wp-block-column-is-layout-flow\">\n<figure class=\"wp-block-image aligncenter size-full is-resized\"><img loading=\"lazy\" decoding=\"async\" width=\"605\" height=\"261\" src=\"https:\/\/embangola.pl\/wp-content\/uploads\/2025\/06\/Angola-em-Katowice.jpg\" alt=\"\" class=\"wp-image-4644\" style=\"width:1050px;height:auto\" srcset=\"https:\/\/embangola.pl\/wp-content\/uploads\/2025\/06\/Angola-em-Katowice.jpg 605w, https:\/\/embangola.pl\/wp-content\/uploads\/2025\/06\/Angola-em-Katowice-300x129.jpg 300w, https:\/\/embangola.pl\/wp-content\/uploads\/2025\/06\/Angola-em-Katowice-600x259.jpg 600w\" sizes=\"auto, (max-width: 605px) 100vw, 605px\" \/><\/figure>\n<\/div>\n<\/div>\n\n\n\n<div class=\"wp-block-columns is-layout-flex wp-container-core-columns-is-layout-28f84493 wp-block-columns-is-layout-flex\">\n<div class=\"wp-block-column is-layout-flow wp-block-column-is-layout-flow\">\n<div class=\"wp-block-columns is-layout-flex wp-container-core-columns-is-layout-28f84493 wp-block-columns-is-layout-flex\">\n<div class=\"wp-block-column is-layout-flow wp-block-column-is-layout-flow\">\n<p><\/p>\n\n\n\n<p class=\"has-medium-font-size\">A sele\u00e7\u00e3o de futebol da comunidade angolana residente na Pol\u00f3nia participou no mundial de futebol de Katowice que decorreu de 28 a 29 de Junho de 2025.<\/p>\n\n\n\n<p class=\"has-medium-font-size\">Evento que tem lugar todos os anos nesta cidade, visa celebrar o conv\u00edvio e a integra\u00e7\u00e3o dos cidad\u00e3os dos pa\u00edses acreditados na Pol\u00f3nia, promovendo a s\u00e3 conviv\u00eancia e os la\u00e7os universais da amizade e aproxima\u00e7\u00e3o entre os povos.<\/p>\n\n\n\n<p class=\"has-medium-font-size\">A sele\u00e7\u00e3o da comunidade angolana residente contou este ano com a presen\u00e7a do Embaixador Manuel Pedro Chaves que no esp\u00edrito da for\u00e7a e engajamento desejou os maiores sucessos no torneio, vibrando com ela nos nove dif\u00edceis jogos efetuados que conduziram \u00e0 qualifica\u00e7\u00e3o entre as dez melhores sele\u00e7\u00f5es do evento, com indicadores de futuro bastante animadores.<\/p>\n\n\n\n<p class=\"has-medium-font-size\">Foi um momento de festa e alegria enquadrado bem no esp\u00edrito da celebra\u00e7\u00e3o dos 50 anos da independ\u00eancia de Angola, de um pa\u00eds que celebra com efusividade e entusiasmo o grande marco do alcance da independ\u00eancia que teve lugar em 11 de Novembro de 1975.<\/p>\n<\/div>\n<\/div>\n<\/div>\n<\/div>\n\n\n\n<p><\/p>\n","protected":false},"excerpt":{"rendered":"<p>A sele\u00e7\u00e3o de futebol da comunidade angolana residente na Pol\u00f3nia participou no mundial de futebol de Katowice que decorreu de 28 a 29 de Junho de 2025. Evento que tem lugar todos os anos nesta cidade, visa celebrar o conv\u00edvio e a integra\u00e7\u00e3o dos cidad\u00e3os dos pa\u00edses acreditados na Pol\u00f3nia, promovendo a s\u00e3 conviv\u00eancia e [&hellip;]<\/p>\n","protected":false},"author":1,"featured_media":4649,"comment_status":"open","ping_status":"open","sticky":false,"template":"","format":"standard","meta":{"inline_featured_image":false,"footnotes":""},"categories":[40,66],"tags":[],"class_list":["post-4643","post","type-post","status-publish","format-standard","has-post-thumbnail","hentry","category-actualidade","category-desporto"],"acf":[],"yoast_head":"<!-- This site is optimized with the Yoast SEO plugin v19.6.1 - https:\/\/yoast.com\/wordpress\/plugins\/seo\/ -->\n<title>Embaixador Manuel Pedro Chaves prestigia participa\u00e7\u00e3o de Angola no mundial de futebol de Katowice. - Embaixada da Rep\u00fablica de Angola na Pol\u00f3nia, Let\u00f3nia, Est\u00f3nia e Litu\u00e2nia<\/title>\n<meta name=\"robots\" content=\"index, follow, max-snippet:-1, max-image-preview:large, max-video-preview:-1\" \/>\n<link rel=\"canonical\" href=\"https:\/\/embangola.pl\/?p=4643\" \/>\n<meta property=\"og:locale\" content=\"pl_PL\" \/>\n<meta property=\"og:type\" content=\"article\" \/>\n<meta property=\"og:title\" content=\"Embaixador Manuel Pedro Chaves prestigia participa\u00e7\u00e3o de Angola no mundial de futebol de Katowice. - Embaixada da Rep\u00fablica de Angola na Pol\u00f3nia, Let\u00f3nia, Est\u00f3nia e Litu\u00e2nia\" \/>\n<meta property=\"og:description\" content=\"A sele\u00e7\u00e3o de futebol da comunidade angolana residente na Pol\u00f3nia participou no mundial de futebol de Katowice que decorreu de 28 a 29 de Junho de 2025. Evento que tem lugar todos os anos nesta cidade, visa celebrar o conv\u00edvio e a integra\u00e7\u00e3o dos cidad\u00e3os dos pa\u00edses acreditados na Pol\u00f3nia, promovendo a s\u00e3 conviv\u00eancia e [&hellip;]\" \/>\n<meta property=\"og:url\" content=\"https:\/\/embangola.pl\/?p=4643\" \/>\n<meta property=\"og:site_name\" content=\"Embaixada da Rep\u00fablica de Angola na Pol\u00f3nia, Let\u00f3nia, Est\u00f3nia e Litu\u00e2nia\" \/>\n<meta property=\"article:published_time\" content=\"2025-06-28T10:54:51+00:00\" \/>\n<meta property=\"article:modified_time\" content=\"2025-07-01T09:56:39+00:00\" \/>\n<meta property=\"og:image\" content=\"https:\/\/embangola.pl\/wp-content\/uploads\/2025\/06\/Imagem-WhatsApp-2025-06-30-as-12.38.17_d482940c-scaled-e1751281991738.jpg\" \/>\n\t<meta property=\"og:image:width\" content=\"2560\" \/>\n\t<meta property=\"og:image:height\" content=\"1084\" \/>\n\t<meta property=\"og:image:type\" content=\"image\/jpeg\" \/>\n<meta name=\"author\" content=\"manuka\" \/>\n<meta name=\"twitter:card\" content=\"summary_large_image\" \/>\n<meta name=\"twitter:label1\" content=\"Napisane przez\" \/>\n\t<meta name=\"twitter:data1\" content=\"manuka\" \/>\n\t<meta name=\"twitter:label2\" content=\"Szacowany czas czytania\" \/>\n\t<meta name=\"twitter:data2\" content=\"2 minuty\" \/>\n<script type=\"application\/ld+json\" class=\"yoast-schema-graph\">{\"@context\":\"https:\/\/schema.org\",\"@graph\":[{\"@type\":\"WebPage\",\"@id\":\"https:\/\/embangola.pl\/?p=4643\",\"url\":\"https:\/\/embangola.pl\/?p=4643\",\"name\":\"Embaixador Manuel Pedro Chaves prestigia participa\u00e7\u00e3o de Angola no mundial de futebol de Katowice. - Embaixada da Rep\u00fablica de Angola na Pol\u00f3nia, Let\u00f3nia, Est\u00f3nia e Litu\u00e2nia\",\"isPartOf\":{\"@id\":\"https:\/\/embangola.pl\/#website\"},\"datePublished\":\"2025-06-28T10:54:51+00:00\",\"dateModified\":\"2025-07-01T09:56:39+00:00\",\"author\":{\"@id\":\"https:\/\/embangola.pl\/#\/schema\/person\/4ba173826306d1b1b16922873bc40a54\"},\"breadcrumb\":{\"@id\":\"https:\/\/embangola.pl\/?p=4643#breadcrumb\"},\"inLanguage\":\"pl-PL\",\"potentialAction\":[{\"@type\":\"ReadAction\",\"target\":[\"https:\/\/embangola.pl\/?p=4643\"]}]},{\"@type\":\"BreadcrumbList\",\"@id\":\"https:\/\/embangola.pl\/?p=4643#breadcrumb\",\"itemListElement\":[{\"@type\":\"ListItem\",\"position\":1,\"name\":\"Strona g\u0142\u00f3wna\",\"item\":\"https:\/\/embangola.pl\/\"},{\"@type\":\"ListItem\",\"position\":2,\"name\":\"Embaixador Manuel Pedro Chaves prestigia participa\u00e7\u00e3o de Angola no mundial de futebol de Katowice.\"}]},{\"@type\":\"WebSite\",\"@id\":\"https:\/\/embangola.pl\/#website\",\"url\":\"https:\/\/embangola.pl\/\",\"name\":\"Embaixada da Rep\u00fablica de Angola na Pol\u00f3nia, Let\u00f3nia, Est\u00f3nia e Litu\u00e2nia\",\"description\":\"\",\"potentialAction\":[{\"@type\":\"SearchAction\",\"target\":{\"@type\":\"EntryPoint\",\"urlTemplate\":\"https:\/\/embangola.pl\/?s={search_term_string}\"},\"query-input\":\"required name=search_term_string\"}],\"inLanguage\":\"pl-PL\"},{\"@type\":\"Person\",\"@id\":\"https:\/\/embangola.pl\/#\/schema\/person\/4ba173826306d1b1b16922873bc40a54\",\"name\":\"manuka\",\"image\":{\"@type\":\"ImageObject\",\"inLanguage\":\"pl-PL\",\"@id\":\"https:\/\/embangola.pl\/#\/schema\/person\/image\/\",\"url\":\"https:\/\/secure.gravatar.com\/avatar\/39cd7ca736d2ea9852310febbc62e5b9a16ba7de5a8743bd6c83df4054fad5a7?s=96&d=mm&r=g\",\"contentUrl\":\"https:\/\/secure.gravatar.com\/avatar\/39cd7ca736d2ea9852310febbc62e5b9a16ba7de5a8743bd6c83df4054fad5a7?s=96&d=mm&r=g\",\"caption\":\"manuka\"},\"sameAs\":[\"https:\/\/embangola.pl\"],\"url\":\"https:\/\/embangola.pl\/?author=1\"}]}<\/script>\n<!-- \/ Yoast SEO plugin. -->","yoast_head_json":{"title":"Embaixador Manuel Pedro Chaves prestigia participa\u00e7\u00e3o de Angola no mundial de futebol de Katowice. - Embaixada da Rep\u00fablica de Angola na Pol\u00f3nia, Let\u00f3nia, Est\u00f3nia e Litu\u00e2nia","robots":{"index":"index","follow":"follow","max-snippet":"max-snippet:-1","max-image-preview":"max-image-preview:large","max-video-preview":"max-video-preview:-1"},"canonical":"https:\/\/embangola.pl\/?p=4643","og_locale":"pl_PL","og_type":"article","og_title":"Embaixador Manuel Pedro Chaves prestigia participa\u00e7\u00e3o de Angola no mundial de futebol de Katowice. - Embaixada da Rep\u00fablica de Angola na Pol\u00f3nia, Let\u00f3nia, Est\u00f3nia e Litu\u00e2nia","og_description":"A sele\u00e7\u00e3o de futebol da comunidade angolana residente na Pol\u00f3nia participou no mundial de futebol de Katowice que decorreu de 28 a 29 de Junho de 2025. Evento que tem lugar todos os anos nesta cidade, visa celebrar o conv\u00edvio e a integra\u00e7\u00e3o dos cidad\u00e3os dos pa\u00edses acreditados na Pol\u00f3nia, promovendo a s\u00e3 conviv\u00eancia e [&hellip;]","og_url":"https:\/\/embangola.pl\/?p=4643","og_site_name":"Embaixada da Rep\u00fablica de Angola na Pol\u00f3nia, Let\u00f3nia, Est\u00f3nia e Litu\u00e2nia","article_published_time":"2025-06-28T10:54:51+00:00","article_modified_time":"2025-07-01T09:56:39+00:00","og_image":[{"width":2560,"height":1084,"url":"https:\/\/embangola.pl\/wp-content\/uploads\/2025\/06\/Imagem-WhatsApp-2025-06-30-as-12.38.17_d482940c-scaled-e1751281991738.jpg","type":"image\/jpeg"}],"author":"manuka","twitter_card":"summary_large_image","twitter_misc":{"Napisane przez":"manuka","Szacowany czas czytania":"2 minuty"},"schema":{"@context":"https:\/\/schema.org","@graph":[{"@type":"WebPage","@id":"https:\/\/embangola.pl\/?p=4643","url":"https:\/\/embangola.pl\/?p=4643","name":"Embaixador Manuel Pedro Chaves prestigia participa\u00e7\u00e3o de Angola no mundial de futebol de Katowice. - Embaixada da Rep\u00fablica de Angola na Pol\u00f3nia, Let\u00f3nia, Est\u00f3nia e Litu\u00e2nia","isPartOf":{"@id":"https:\/\/embangola.pl\/#website"},"datePublished":"2025-06-28T10:54:51+00:00","dateModified":"2025-07-01T09:56:39+00:00","author":{"@id":"https:\/\/embangola.pl\/#\/schema\/person\/4ba173826306d1b1b16922873bc40a54"},"breadcrumb":{"@id":"https:\/\/embangola.pl\/?p=4643#breadcrumb"},"inLanguage":"pl-PL","potentialAction":[{"@type":"ReadAction","target":["https:\/\/embangola.pl\/?p=4643"]}]},{"@type":"BreadcrumbList","@id":"https:\/\/embangola.pl\/?p=4643#breadcrumb","itemListElement":[{"@type":"ListItem","position":1,"name":"Strona g\u0142\u00f3wna","item":"https:\/\/embangola.pl\/"},{"@type":"ListItem","position":2,"name":"Embaixador Manuel Pedro Chaves prestigia participa\u00e7\u00e3o de Angola no mundial de futebol de Katowice."}]},{"@type":"WebSite","@id":"https:\/\/embangola.pl\/#website","url":"https:\/\/embangola.pl\/","name":"Embaixada da Rep\u00fablica de Angola na Pol\u00f3nia, Let\u00f3nia, Est\u00f3nia e Litu\u00e2nia","description":"","potentialAction":[{"@type":"SearchAction","target":{"@type":"EntryPoint","urlTemplate":"https:\/\/embangola.pl\/?s={search_term_string}"},"query-input":"required name=search_term_string"}],"inLanguage":"pl-PL"},{"@type":"Person","@id":"https:\/\/embangola.pl\/#\/schema\/person\/4ba173826306d1b1b16922873bc40a54","name":"manuka","image":{"@type":"ImageObject","inLanguage":"pl-PL","@id":"https:\/\/embangola.pl\/#\/schema\/person\/image\/","url":"https:\/\/secure.gravatar.com\/avatar\/39cd7ca736d2ea9852310febbc62e5b9a16ba7de5a8743bd6c83df4054fad5a7?s=96&d=mm&r=g","contentUrl":"https:\/\/secure.gravatar.com\/avatar\/39cd7ca736d2ea9852310febbc62e5b9a16ba7de5a8743bd6c83df4054fad5a7?s=96&d=mm&r=g","caption":"manuka"},"sameAs":["https:\/\/embangola.pl"],"url":"https:\/\/embangola.pl\/?author=1"}]}},"_links":{"self":[{"href":"https:\/\/embangola.pl\/index.php?rest_route=\/wp\/v2\/posts\/4643","targetHints":{"allow":["GET"]}}],"collection":[{"href":"https:\/\/embangola.pl\/index.php?rest_route=\/wp\/v2\/posts"}],"about":[{"href":"https:\/\/embangola.pl\/index.php?rest_route=\/wp\/v2\/types\/post"}],"author":[{"embeddable":true,"href":"https:\/\/embangola.pl\/index.php?rest_route=\/wp\/v2\/users\/1"}],"replies":[{"embeddable":true,"href":"https:\/\/embangola.pl\/index.php?rest_route=%2Fwp%2Fv2%2Fcomments&post=4643"}],"version-history":[{"count":2,"href":"https:\/\/embangola.pl\/index.php?rest_route=\/wp\/v2\/posts\/4643\/revisions"}],"predecessor-version":[{"id":4647,"href":"https:\/\/embangola.pl\/index.php?rest_route=\/wp\/v2\/posts\/4643\/revisions\/4647"}],"wp:featuredmedia":[{"embeddable":true,"href":"https:\/\/embangola.pl\/index.php?rest_route=\/wp\/v2\/media\/4649"}],"wp:attachment":[{"href":"https:\/\/embangola.pl\/index.php?rest_route=%2Fwp%2Fv2%2Fmedia&parent=4643"}],"wp:term":[{"taxonomy":"category","embeddable":true,"href":"https:\/\/embangola.pl\/index.php?rest_route=%2Fwp%2Fv2%2Fcategories&post=4643"},{"taxonomy":"post_tag","embeddable":true,"href":"https:\/\/embangola.pl\/index.php?rest_route=%2Fwp%2Fv2%2Ftags&post=4643"}],"curies":[{"name":"wp","href":"https:\/\/api.w.org\/{rel}","templated":true}]}}