{"id":4625,"date":"2025-04-23T11:11:24","date_gmt":"2025-04-23T09:11:24","guid":{"rendered":"https:\/\/embangola.pl\/?p=4625"},"modified":"2025-05-31T11:12:22","modified_gmt":"2025-05-31T09:12:22","slug":"assinatura-do-livro-de-condolencias-pela-morte-de-sua-santidade-o-papa-francisco","status":"publish","type":"post","link":"https:\/\/embangola.pl\/?p=4625","title":{"rendered":"Assinatura do Livro de Condol\u00eancias pela Morte de Sua Santidade o Papa Francisco"},"content":{"rendered":"\n<figure class=\"wp-block-image aligncenter size-full\"><img decoding=\"async\" src=\"https:\/\/embangola.pl\/wp-content\/uploads\/2025\/04\/Papa-Francisco.jpg\" alt=\"\" class=\"wp-image-4529\"\/><\/figure>\n\n\n\n<p>A Sua Excel\u00eancia Embaixador Extraordin\u00e1rio e Plenipotenci\u00e1rio de Angola na Pol\u00f3nia, Manuel Pedro Chaves, procedeu \u00e0 assinatura do Livro de Condol\u00eancias aberto na Nunciatura Apost\u00f3lica em Vars\u00f3via Pol\u00f4nia, por ocasi\u00e3o do falecimento de Sua Santidade o Papa Francisco.<\/p>\n\n\n\n<p>O Papa Francisco ser\u00e1 lembrado pela sua incans\u00e1vel dedica\u00e7\u00e3o \u00e0 paz, justi\u00e7a social e \u00e0 dignidade humana. Neste momento de luto para a Igreja Cat\u00f3lica e para o mundo, os Membros desta Miss\u00e3o Diplom\u00e1tica, &nbsp;associam-se \u00e0 dor da Santa S\u00e9 a todos os fi\u00e9is cat\u00f3licos e a fam\u00edlia enlutada, expressando as mais sentidas condol\u00eancias e solidariedade.<\/p>\n\n\n\n<p>Vars\u00f3via, 23 de Abril de 2025.<\/p>\n","protected":false},"excerpt":{"rendered":"<p>A Sua Excel\u00eancia Embaixador Extraordin\u00e1rio e Plenipotenci\u00e1rio de Angola na Pol\u00f3nia, Manuel Pedro Chaves, procedeu \u00e0 assinatura do Livro de Condol\u00eancias aberto na Nunciatura Apost\u00f3lica em Vars\u00f3via Pol\u00f4nia, por ocasi\u00e3o do falecimento de Sua Santidade o Papa Francisco. O Papa Francisco ser\u00e1 lembrado pela sua incans\u00e1vel dedica\u00e7\u00e3o \u00e0 paz, justi\u00e7a social e \u00e0 dignidade humana. [&hellip;]<\/p>\n","protected":false},"author":1,"featured_media":4529,"comment_status":"open","ping_status":"open","sticky":false,"template":"","format":"standard","meta":{"inline_featured_image":false,"footnotes":""},"categories":[40],"tags":[],"class_list":["post-4625","post","type-post","status-publish","format-standard","has-post-thumbnail","hentry","category-actualidade"],"acf":[],"yoast_head":"<!-- This site is optimized with the Yoast SEO plugin v19.6.1 - https:\/\/yoast.com\/wordpress\/plugins\/seo\/ -->\n<title>Assinatura do Livro de Condol\u00eancias pela Morte de Sua Santidade o Papa Francisco - Embaixada da Rep\u00fablica de Angola na Pol\u00f3nia, Let\u00f3nia, Est\u00f3nia e Litu\u00e2nia<\/title>\n<meta name=\"robots\" content=\"index, follow, max-snippet:-1, max-image-preview:large, max-video-preview:-1\" \/>\n<link rel=\"canonical\" href=\"https:\/\/embangola.pl\/?p=4625\" \/>\n<meta property=\"og:locale\" content=\"pl_PL\" \/>\n<meta property=\"og:type\" content=\"article\" \/>\n<meta property=\"og:title\" content=\"Assinatura do Livro de Condol\u00eancias pela Morte de Sua Santidade o Papa Francisco - Embaixada da Rep\u00fablica de Angola na Pol\u00f3nia, Let\u00f3nia, Est\u00f3nia e Litu\u00e2nia\" \/>\n<meta property=\"og:description\" content=\"A Sua Excel\u00eancia Embaixador Extraordin\u00e1rio e Plenipotenci\u00e1rio de Angola na Pol\u00f3nia, Manuel Pedro Chaves, procedeu \u00e0 assinatura do Livro de Condol\u00eancias aberto na Nunciatura Apost\u00f3lica em Vars\u00f3via Pol\u00f4nia, por ocasi\u00e3o do falecimento de Sua Santidade o Papa Francisco. O Papa Francisco ser\u00e1 lembrado pela sua incans\u00e1vel dedica\u00e7\u00e3o \u00e0 paz, justi\u00e7a social e \u00e0 dignidade humana. [&hellip;]\" \/>\n<meta property=\"og:url\" content=\"https:\/\/embangola.pl\/?p=4625\" \/>\n<meta property=\"og:site_name\" content=\"Embaixada da Rep\u00fablica de Angola na Pol\u00f3nia, Let\u00f3nia, Est\u00f3nia e Litu\u00e2nia\" \/>\n<meta property=\"article:published_time\" content=\"2025-04-23T09:11:24+00:00\" \/>\n<meta property=\"article:modified_time\" content=\"2025-05-31T09:12:22+00:00\" \/>\n<meta property=\"og:image\" content=\"https:\/\/embangola.pl\/wp-content\/uploads\/2025\/04\/Papa-Francisco.jpg\" \/>\n\t<meta property=\"og:image:width\" content=\"528\" \/>\n\t<meta property=\"og:image:height\" content=\"477\" \/>\n\t<meta property=\"og:image:type\" content=\"image\/jpeg\" \/>\n<meta name=\"author\" content=\"manuka\" \/>\n<meta name=\"twitter:card\" content=\"summary_large_image\" \/>\n<meta name=\"twitter:label1\" content=\"Napisane przez\" \/>\n\t<meta name=\"twitter:data1\" content=\"manuka\" \/>\n\t<meta name=\"twitter:label2\" content=\"Szacowany czas czytania\" \/>\n\t<meta name=\"twitter:data2\" content=\"1 minuta\" \/>\n<script type=\"application\/ld+json\" class=\"yoast-schema-graph\">{\"@context\":\"https:\/\/schema.org\",\"@graph\":[{\"@type\":\"WebPage\",\"@id\":\"https:\/\/embangola.pl\/?p=4625\",\"url\":\"https:\/\/embangola.pl\/?p=4625\",\"name\":\"Assinatura do Livro de Condol\u00eancias pela Morte de Sua Santidade o Papa Francisco - Embaixada da Rep\u00fablica de Angola na Pol\u00f3nia, Let\u00f3nia, Est\u00f3nia e Litu\u00e2nia\",\"isPartOf\":{\"@id\":\"https:\/\/embangola.pl\/#website\"},\"datePublished\":\"2025-04-23T09:11:24+00:00\",\"dateModified\":\"2025-05-31T09:12:22+00:00\",\"author\":{\"@id\":\"https:\/\/embangola.pl\/#\/schema\/person\/4ba173826306d1b1b16922873bc40a54\"},\"breadcrumb\":{\"@id\":\"https:\/\/embangola.pl\/?p=4625#breadcrumb\"},\"inLanguage\":\"pl-PL\",\"potentialAction\":[{\"@type\":\"ReadAction\",\"target\":[\"https:\/\/embangola.pl\/?p=4625\"]}]},{\"@type\":\"BreadcrumbList\",\"@id\":\"https:\/\/embangola.pl\/?p=4625#breadcrumb\",\"itemListElement\":[{\"@type\":\"ListItem\",\"position\":1,\"name\":\"Strona g\u0142\u00f3wna\",\"item\":\"https:\/\/embangola.pl\/\"},{\"@type\":\"ListItem\",\"position\":2,\"name\":\"Assinatura do Livro de Condol\u00eancias pela Morte de Sua Santidade o Papa Francisco\"}]},{\"@type\":\"WebSite\",\"@id\":\"https:\/\/embangola.pl\/#website\",\"url\":\"https:\/\/embangola.pl\/\",\"name\":\"Embaixada da Rep\u00fablica de Angola na Pol\u00f3nia, Let\u00f3nia, Est\u00f3nia e Litu\u00e2nia\",\"description\":\"\",\"potentialAction\":[{\"@type\":\"SearchAction\",\"target\":{\"@type\":\"EntryPoint\",\"urlTemplate\":\"https:\/\/embangola.pl\/?s={search_term_string}\"},\"query-input\":\"required name=search_term_string\"}],\"inLanguage\":\"pl-PL\"},{\"@type\":\"Person\",\"@id\":\"https:\/\/embangola.pl\/#\/schema\/person\/4ba173826306d1b1b16922873bc40a54\",\"name\":\"manuka\",\"image\":{\"@type\":\"ImageObject\",\"inLanguage\":\"pl-PL\",\"@id\":\"https:\/\/embangola.pl\/#\/schema\/person\/image\/\",\"url\":\"https:\/\/secure.gravatar.com\/avatar\/39cd7ca736d2ea9852310febbc62e5b9a16ba7de5a8743bd6c83df4054fad5a7?s=96&d=mm&r=g\",\"contentUrl\":\"https:\/\/secure.gravatar.com\/avatar\/39cd7ca736d2ea9852310febbc62e5b9a16ba7de5a8743bd6c83df4054fad5a7?s=96&d=mm&r=g\",\"caption\":\"manuka\"},\"sameAs\":[\"https:\/\/embangola.pl\"],\"url\":\"https:\/\/embangola.pl\/?author=1\"}]}<\/script>\n<!-- \/ Yoast SEO plugin. -->","yoast_head_json":{"title":"Assinatura do Livro de Condol\u00eancias pela Morte de Sua Santidade o Papa Francisco - Embaixada da Rep\u00fablica de Angola na Pol\u00f3nia, Let\u00f3nia, Est\u00f3nia e Litu\u00e2nia","robots":{"index":"index","follow":"follow","max-snippet":"max-snippet:-1","max-image-preview":"max-image-preview:large","max-video-preview":"max-video-preview:-1"},"canonical":"https:\/\/embangola.pl\/?p=4625","og_locale":"pl_PL","og_type":"article","og_title":"Assinatura do Livro de Condol\u00eancias pela Morte de Sua Santidade o Papa Francisco - Embaixada da Rep\u00fablica de Angola na Pol\u00f3nia, Let\u00f3nia, Est\u00f3nia e Litu\u00e2nia","og_description":"A Sua Excel\u00eancia Embaixador Extraordin\u00e1rio e Plenipotenci\u00e1rio de Angola na Pol\u00f3nia, Manuel Pedro Chaves, procedeu \u00e0 assinatura do Livro de Condol\u00eancias aberto na Nunciatura Apost\u00f3lica em Vars\u00f3via Pol\u00f4nia, por ocasi\u00e3o do falecimento de Sua Santidade o Papa Francisco. O Papa Francisco ser\u00e1 lembrado pela sua incans\u00e1vel dedica\u00e7\u00e3o \u00e0 paz, justi\u00e7a social e \u00e0 dignidade humana. [&hellip;]","og_url":"https:\/\/embangola.pl\/?p=4625","og_site_name":"Embaixada da Rep\u00fablica de Angola na Pol\u00f3nia, Let\u00f3nia, Est\u00f3nia e Litu\u00e2nia","article_published_time":"2025-04-23T09:11:24+00:00","article_modified_time":"2025-05-31T09:12:22+00:00","og_image":[{"width":528,"height":477,"url":"https:\/\/embangola.pl\/wp-content\/uploads\/2025\/04\/Papa-Francisco.jpg","type":"image\/jpeg"}],"author":"manuka","twitter_card":"summary_large_image","twitter_misc":{"Napisane przez":"manuka","Szacowany czas czytania":"1 minuta"},"schema":{"@context":"https:\/\/schema.org","@graph":[{"@type":"WebPage","@id":"https:\/\/embangola.pl\/?p=4625","url":"https:\/\/embangola.pl\/?p=4625","name":"Assinatura do Livro de Condol\u00eancias pela Morte de Sua Santidade o Papa Francisco - Embaixada da Rep\u00fablica de Angola na Pol\u00f3nia, Let\u00f3nia, Est\u00f3nia e Litu\u00e2nia","isPartOf":{"@id":"https:\/\/embangola.pl\/#website"},"datePublished":"2025-04-23T09:11:24+00:00","dateModified":"2025-05-31T09:12:22+00:00","author":{"@id":"https:\/\/embangola.pl\/#\/schema\/person\/4ba173826306d1b1b16922873bc40a54"},"breadcrumb":{"@id":"https:\/\/embangola.pl\/?p=4625#breadcrumb"},"inLanguage":"pl-PL","potentialAction":[{"@type":"ReadAction","target":["https:\/\/embangola.pl\/?p=4625"]}]},{"@type":"BreadcrumbList","@id":"https:\/\/embangola.pl\/?p=4625#breadcrumb","itemListElement":[{"@type":"ListItem","position":1,"name":"Strona g\u0142\u00f3wna","item":"https:\/\/embangola.pl\/"},{"@type":"ListItem","position":2,"name":"Assinatura do Livro de Condol\u00eancias pela Morte de Sua Santidade o Papa Francisco"}]},{"@type":"WebSite","@id":"https:\/\/embangola.pl\/#website","url":"https:\/\/embangola.pl\/","name":"Embaixada da Rep\u00fablica de Angola na Pol\u00f3nia, Let\u00f3nia, Est\u00f3nia e Litu\u00e2nia","description":"","potentialAction":[{"@type":"SearchAction","target":{"@type":"EntryPoint","urlTemplate":"https:\/\/embangola.pl\/?s={search_term_string}"},"query-input":"required name=search_term_string"}],"inLanguage":"pl-PL"},{"@type":"Person","@id":"https:\/\/embangola.pl\/#\/schema\/person\/4ba173826306d1b1b16922873bc40a54","name":"manuka","image":{"@type":"ImageObject","inLanguage":"pl-PL","@id":"https:\/\/embangola.pl\/#\/schema\/person\/image\/","url":"https:\/\/secure.gravatar.com\/avatar\/39cd7ca736d2ea9852310febbc62e5b9a16ba7de5a8743bd6c83df4054fad5a7?s=96&d=mm&r=g","contentUrl":"https:\/\/secure.gravatar.com\/avatar\/39cd7ca736d2ea9852310febbc62e5b9a16ba7de5a8743bd6c83df4054fad5a7?s=96&d=mm&r=g","caption":"manuka"},"sameAs":["https:\/\/embangola.pl"],"url":"https:\/\/embangola.pl\/?author=1"}]}},"_links":{"self":[{"href":"https:\/\/embangola.pl\/index.php?rest_route=\/wp\/v2\/posts\/4625","targetHints":{"allow":["GET"]}}],"collection":[{"href":"https:\/\/embangola.pl\/index.php?rest_route=\/wp\/v2\/posts"}],"about":[{"href":"https:\/\/embangola.pl\/index.php?rest_route=\/wp\/v2\/types\/post"}],"author":[{"embeddable":true,"href":"https:\/\/embangola.pl\/index.php?rest_route=\/wp\/v2\/users\/1"}],"replies":[{"embeddable":true,"href":"https:\/\/embangola.pl\/index.php?rest_route=%2Fwp%2Fv2%2Fcomments&post=4625"}],"version-history":[{"count":2,"href":"https:\/\/embangola.pl\/index.php?rest_route=\/wp\/v2\/posts\/4625\/revisions"}],"predecessor-version":[{"id":4627,"href":"https:\/\/embangola.pl\/index.php?rest_route=\/wp\/v2\/posts\/4625\/revisions\/4627"}],"wp:featuredmedia":[{"embeddable":true,"href":"https:\/\/embangola.pl\/index.php?rest_route=\/wp\/v2\/media\/4529"}],"wp:attachment":[{"href":"https:\/\/embangola.pl\/index.php?rest_route=%2Fwp%2Fv2%2Fmedia&parent=4625"}],"wp:term":[{"taxonomy":"category","embeddable":true,"href":"https:\/\/embangola.pl\/index.php?rest_route=%2Fwp%2Fv2%2Fcategories&post=4625"},{"taxonomy":"post_tag","embeddable":true,"href":"https:\/\/embangola.pl\/index.php?rest_route=%2Fwp%2Fv2%2Ftags&post=4625"}],"curies":[{"name":"wp","href":"https:\/\/api.w.org\/{rel}","templated":true}]}}