{"id":3729,"date":"2024-10-21T21:56:13","date_gmt":"2024-10-21T19:56:13","guid":{"rendered":"https:\/\/embangola.pl\/?p=3729"},"modified":"2024-10-21T23:11:51","modified_gmt":"2024-10-21T21:11:51","slug":"executivo-implementa-medidas-para-reduzir-custo-de-vida-dos-cidadaos","status":"publish","type":"post","link":"https:\/\/embangola.pl\/?p=3729","title":{"rendered":"Executivo implementa medidas para reduzir custo de vida dos cidad\u00e3os"},"content":{"rendered":"\n<p><\/p>\n\n\n\n<div class=\"wp-block-columns is-layout-flex wp-container-core-columns-is-layout-28f84493 wp-block-columns-is-layout-flex\">\n<div class=\"wp-block-column is-layout-flow wp-block-column-is-layout-flow\">\n<figure class=\"wp-block-image aligncenter size-large is-resized\"><img loading=\"lazy\" decoding=\"async\" width=\"1024\" height=\"684\" src=\"https:\/\/embangola.pl\/wp-content\/uploads\/2024\/10\/PR-Joao-Lourenco-II-1024x684.jpg\" alt=\"\" class=\"wp-image-3730\" style=\"width:1312px;height:auto\" srcset=\"https:\/\/embangola.pl\/wp-content\/uploads\/2024\/10\/PR-Joao-Lourenco-II-1024x684.jpg 1024w, https:\/\/embangola.pl\/wp-content\/uploads\/2024\/10\/PR-Joao-Lourenco-II-300x200.jpg 300w, https:\/\/embangola.pl\/wp-content\/uploads\/2024\/10\/PR-Joao-Lourenco-II-768x513.jpg 768w, https:\/\/embangola.pl\/wp-content\/uploads\/2024\/10\/PR-Joao-Lourenco-II-600x401.jpg 600w, https:\/\/embangola.pl\/wp-content\/uploads\/2024\/10\/PR-Joao-Lourenco-II.jpg 1159w\" sizes=\"auto, (max-width: 1024px) 100vw, 1024px\" \/><\/figure>\n<\/div>\n<\/div>\n\n\n\n<p>Um conjunto de medidas e ac\u00e7\u00f5es t\u00eam sido implantadas no sentido de reduzir o custo de vida que aflige os trabalhadores e os cidad\u00e3os no geral, assegurou o Chefe de Estado angolano, Jo\u00e3o Louren\u00e7o.<\/p>\n\n\n\n<p>Na sua mensagem sobre o Estado da Na\u00e7\u00e3o, &nbsp;esta ter\u00e7a-feira, 15 de Outubro, na Assembleia Nacional, o Presidente da Rep\u00fablica esclareceu que essas medidas e ac\u00e7\u00f5es t\u00eam sido feitas, embora permane\u00e7a uma press\u00e3o inflacionista na economia nacional.<\/p>\n\n\n\n<p>O Estadista angolano ressaltou que nos dois \u00faltimos trimestres do ano em curso, a economia nacional registou um crescimento de 4,3 por cento, o que encoraja o Executivo a seguir em frente com optimismo.<\/p>\n\n\n\n<p>No entanto, esclareceu, os desafios do crescimento sustentado ainda s\u00e3o elevados, pelo que o Executivo continua a trabalhar para consolidar a reestrutura\u00e7\u00e3o da economia, aumentar a produ\u00e7\u00e3o nacional, particularmente de bens alimentares, diminuir a depend\u00eancia de choques externos, estabilizar os pre\u00e7os dos principais produtos de consumo e assim assegurar a prosperidade de todos.<\/p>\n\n\n\n<p>\u201cAprendemos com a nossa hist\u00f3ria que n\u00e3o h\u00e1 vit\u00f3ria sem trabalho, que n\u00e3o h\u00e1 dificuldades que n\u00e3o possam ser superadas e que unidos somos mais fortes e capazes de vencer qualquer desafio\u201d, declarou.<\/p>\n\n\n\n<p>De acordo com o Chefe de Estado, \u00e9 esse o esp\u00edrito que anima o Executivo a trabalhar todos os dias e em todos os dom\u00ednios da vida nacional, com o objectivo de fazer de Angola uma terra capaz de proporcionar oportunidades para que cada um consiga concretizar o seu sonho.<\/p>\n\n\n\n<p>\u201cApesar das adversidades e incertezas que v\u00eam de fora e dos desafios internos, as finan\u00e7as p\u00fablicas do pa\u00eds continuam s\u00f3lidas e resilientes\u201d, assegurou Jo\u00e3o Louren\u00e7o.<\/p>\n\n\n\n<p>O Presidente da Rep\u00fablica disse ainda que as condi\u00e7\u00f5es de financiamento e o efeito taxa de c\u00e2mbio motivaram um aumento do r\u00e1cio da d\u00edvida p\u00fablica, tendo atingido 88 por cento do Produto Interno Bruto (PIB) em 2023, contrariando a traject\u00f3ria descendente que vinha fazendo at\u00e9 2022, altura em que o r\u00e1cio d\u00edvida-PIB chegou aos 69,9 por cento.<\/p>\n\n\n\n<p>Contudo, acrescentou, at\u00e9 Julho do corrente ano, o r\u00e1cio da d\u00edvida governamental atingiu os 67,2 porcento do PIB, confirmando a tend\u00eancia de um endividamento p\u00fablico respons\u00e1vel.<\/p>\n\n\n\n<p>O Presidente da Rep\u00fablica afirmou tamb\u00e9m que a d\u00edvida p\u00fablica nacional, avaliada em 2023 em 55,39 bili\u00f5es de Kwanzas, continua a ser sustentada e que o pa\u00eds tem sido capaz de honrar os compromissos.<\/p>\n\n\n\n<p>O Titular do Poder Executivo informou que as reservas internacionais se mant\u00eam em cerca de 14 mil milh\u00f5es de d\u00f3lares, o que representa uma cobertura de sete meses de importa\u00e7\u00f5es.<\/p>\n\n\n\n<p>\u201c\u00c9 essencial que continuemos a trabalhar para a estabilidade e a robustez das nossas finan\u00e7as p\u00fablicas, para que tenhamos cada vez melhores condi\u00e7\u00f5es de implementa\u00e7\u00e3o de um conjunto de medidas e investimentos voltados para o bem-estar dos angolanos, com realce para os dom\u00ednios da sa\u00fade e da educa\u00e7\u00e3o\u201d, afirmou o Presidente Jo\u00e3o Louren\u00e7o.<\/p>\n\n\n\n<p><\/p>\n\n\n\n<p class=\"has-secondary-color has-primary-background-color has-text-color has-background has-link-color wp-elements-5a800f5e1fd243ad3b5ed28c6c91ce60\"><strong>Fonte CIPRA<\/strong><\/p>\n\n\n\n<p><\/p>\n","protected":false},"excerpt":{"rendered":"<p>Um conjunto de medidas e ac\u00e7\u00f5es t\u00eam sido implantadas no sentido de reduzir o custo de vida que aflige os trabalhadores e os cidad\u00e3os no geral, assegurou o Chefe de Estado angolano, Jo\u00e3o Louren\u00e7o. Na sua mensagem sobre o Estado da Na\u00e7\u00e3o, &nbsp;esta ter\u00e7a-feira, 15 de Outubro, na Assembleia Nacional, o Presidente da Rep\u00fablica esclareceu [&hellip;]<\/p>\n","protected":false},"author":1,"featured_media":3730,"comment_status":"open","ping_status":"open","sticky":false,"template":"","format":"standard","meta":{"inline_featured_image":false,"footnotes":""},"categories":[40],"tags":[],"class_list":["post-3729","post","type-post","status-publish","format-standard","has-post-thumbnail","hentry","category-actualidade"],"acf":[],"yoast_head":"<!-- This site is optimized with the Yoast SEO plugin v19.6.1 - https:\/\/yoast.com\/wordpress\/plugins\/seo\/ -->\n<title>Executivo implementa medidas para reduzir custo de vida dos cidad\u00e3os - Embaixada da Rep\u00fablica de Angola na Pol\u00f3nia, Let\u00f3nia, Est\u00f3nia e Litu\u00e2nia<\/title>\n<meta name=\"robots\" content=\"index, follow, max-snippet:-1, max-image-preview:large, max-video-preview:-1\" \/>\n<link rel=\"canonical\" href=\"https:\/\/embangola.pl\/?p=3729\" \/>\n<meta property=\"og:locale\" content=\"pl_PL\" \/>\n<meta property=\"og:type\" content=\"article\" \/>\n<meta property=\"og:title\" content=\"Executivo implementa medidas para reduzir custo de vida dos cidad\u00e3os - Embaixada da Rep\u00fablica de Angola na Pol\u00f3nia, Let\u00f3nia, Est\u00f3nia e Litu\u00e2nia\" \/>\n<meta property=\"og:description\" content=\"Um conjunto de medidas e ac\u00e7\u00f5es t\u00eam sido implantadas no sentido de reduzir o custo de vida que aflige os trabalhadores e os cidad\u00e3os no geral, assegurou o Chefe de Estado angolano, Jo\u00e3o Louren\u00e7o. Na sua mensagem sobre o Estado da Na\u00e7\u00e3o, &nbsp;esta ter\u00e7a-feira, 15 de Outubro, na Assembleia Nacional, o Presidente da Rep\u00fablica esclareceu [&hellip;]\" \/>\n<meta property=\"og:url\" content=\"https:\/\/embangola.pl\/?p=3729\" \/>\n<meta property=\"og:site_name\" content=\"Embaixada da Rep\u00fablica de Angola na Pol\u00f3nia, Let\u00f3nia, Est\u00f3nia e Litu\u00e2nia\" \/>\n<meta property=\"article:published_time\" content=\"2024-10-21T19:56:13+00:00\" \/>\n<meta property=\"article:modified_time\" content=\"2024-10-21T21:11:51+00:00\" \/>\n<meta property=\"og:image\" content=\"https:\/\/embangola.pl\/wp-content\/uploads\/2024\/10\/PR-Joao-Lourenco-II.jpg\" \/>\n\t<meta property=\"og:image:width\" content=\"1159\" \/>\n\t<meta property=\"og:image:height\" content=\"774\" \/>\n\t<meta property=\"og:image:type\" content=\"image\/jpeg\" \/>\n<meta name=\"author\" content=\"manuka\" \/>\n<meta name=\"twitter:card\" content=\"summary_large_image\" \/>\n<meta name=\"twitter:label1\" content=\"Napisane przez\" \/>\n\t<meta name=\"twitter:data1\" content=\"manuka\" \/>\n\t<meta name=\"twitter:label2\" content=\"Szacowany czas czytania\" \/>\n\t<meta name=\"twitter:data2\" content=\"4 minuty\" \/>\n<script type=\"application\/ld+json\" class=\"yoast-schema-graph\">{\"@context\":\"https:\/\/schema.org\",\"@graph\":[{\"@type\":\"WebPage\",\"@id\":\"https:\/\/embangola.pl\/?p=3729\",\"url\":\"https:\/\/embangola.pl\/?p=3729\",\"name\":\"Executivo implementa medidas para reduzir custo de vida dos cidad\u00e3os - Embaixada da Rep\u00fablica de Angola na Pol\u00f3nia, Let\u00f3nia, Est\u00f3nia e Litu\u00e2nia\",\"isPartOf\":{\"@id\":\"https:\/\/embangola.pl\/#website\"},\"datePublished\":\"2024-10-21T19:56:13+00:00\",\"dateModified\":\"2024-10-21T21:11:51+00:00\",\"author\":{\"@id\":\"https:\/\/embangola.pl\/#\/schema\/person\/4ba173826306d1b1b16922873bc40a54\"},\"breadcrumb\":{\"@id\":\"https:\/\/embangola.pl\/?p=3729#breadcrumb\"},\"inLanguage\":\"pl-PL\",\"potentialAction\":[{\"@type\":\"ReadAction\",\"target\":[\"https:\/\/embangola.pl\/?p=3729\"]}]},{\"@type\":\"BreadcrumbList\",\"@id\":\"https:\/\/embangola.pl\/?p=3729#breadcrumb\",\"itemListElement\":[{\"@type\":\"ListItem\",\"position\":1,\"name\":\"Strona g\u0142\u00f3wna\",\"item\":\"https:\/\/embangola.pl\/\"},{\"@type\":\"ListItem\",\"position\":2,\"name\":\"Executivo implementa medidas para reduzir custo de vida dos cidad\u00e3os\"}]},{\"@type\":\"WebSite\",\"@id\":\"https:\/\/embangola.pl\/#website\",\"url\":\"https:\/\/embangola.pl\/\",\"name\":\"Embaixada da Rep\u00fablica de Angola na Pol\u00f3nia, Let\u00f3nia, Est\u00f3nia e Litu\u00e2nia\",\"description\":\"\",\"potentialAction\":[{\"@type\":\"SearchAction\",\"target\":{\"@type\":\"EntryPoint\",\"urlTemplate\":\"https:\/\/embangola.pl\/?s={search_term_string}\"},\"query-input\":\"required name=search_term_string\"}],\"inLanguage\":\"pl-PL\"},{\"@type\":\"Person\",\"@id\":\"https:\/\/embangola.pl\/#\/schema\/person\/4ba173826306d1b1b16922873bc40a54\",\"name\":\"manuka\",\"image\":{\"@type\":\"ImageObject\",\"inLanguage\":\"pl-PL\",\"@id\":\"https:\/\/embangola.pl\/#\/schema\/person\/image\/\",\"url\":\"https:\/\/secure.gravatar.com\/avatar\/39cd7ca736d2ea9852310febbc62e5b9a16ba7de5a8743bd6c83df4054fad5a7?s=96&d=mm&r=g\",\"contentUrl\":\"https:\/\/secure.gravatar.com\/avatar\/39cd7ca736d2ea9852310febbc62e5b9a16ba7de5a8743bd6c83df4054fad5a7?s=96&d=mm&r=g\",\"caption\":\"manuka\"},\"sameAs\":[\"https:\/\/embangola.pl\"],\"url\":\"https:\/\/embangola.pl\/?author=1\"}]}<\/script>\n<!-- \/ Yoast SEO plugin. -->","yoast_head_json":{"title":"Executivo implementa medidas para reduzir custo de vida dos cidad\u00e3os - Embaixada da Rep\u00fablica de Angola na Pol\u00f3nia, Let\u00f3nia, Est\u00f3nia e Litu\u00e2nia","robots":{"index":"index","follow":"follow","max-snippet":"max-snippet:-1","max-image-preview":"max-image-preview:large","max-video-preview":"max-video-preview:-1"},"canonical":"https:\/\/embangola.pl\/?p=3729","og_locale":"pl_PL","og_type":"article","og_title":"Executivo implementa medidas para reduzir custo de vida dos cidad\u00e3os - Embaixada da Rep\u00fablica de Angola na Pol\u00f3nia, Let\u00f3nia, Est\u00f3nia e Litu\u00e2nia","og_description":"Um conjunto de medidas e ac\u00e7\u00f5es t\u00eam sido implantadas no sentido de reduzir o custo de vida que aflige os trabalhadores e os cidad\u00e3os no geral, assegurou o Chefe de Estado angolano, Jo\u00e3o Louren\u00e7o. Na sua mensagem sobre o Estado da Na\u00e7\u00e3o, &nbsp;esta ter\u00e7a-feira, 15 de Outubro, na Assembleia Nacional, o Presidente da Rep\u00fablica esclareceu [&hellip;]","og_url":"https:\/\/embangola.pl\/?p=3729","og_site_name":"Embaixada da Rep\u00fablica de Angola na Pol\u00f3nia, Let\u00f3nia, Est\u00f3nia e Litu\u00e2nia","article_published_time":"2024-10-21T19:56:13+00:00","article_modified_time":"2024-10-21T21:11:51+00:00","og_image":[{"width":1159,"height":774,"url":"https:\/\/embangola.pl\/wp-content\/uploads\/2024\/10\/PR-Joao-Lourenco-II.jpg","type":"image\/jpeg"}],"author":"manuka","twitter_card":"summary_large_image","twitter_misc":{"Napisane przez":"manuka","Szacowany czas czytania":"4 minuty"},"schema":{"@context":"https:\/\/schema.org","@graph":[{"@type":"WebPage","@id":"https:\/\/embangola.pl\/?p=3729","url":"https:\/\/embangola.pl\/?p=3729","name":"Executivo implementa medidas para reduzir custo de vida dos cidad\u00e3os - Embaixada da Rep\u00fablica de Angola na Pol\u00f3nia, Let\u00f3nia, Est\u00f3nia e Litu\u00e2nia","isPartOf":{"@id":"https:\/\/embangola.pl\/#website"},"datePublished":"2024-10-21T19:56:13+00:00","dateModified":"2024-10-21T21:11:51+00:00","author":{"@id":"https:\/\/embangola.pl\/#\/schema\/person\/4ba173826306d1b1b16922873bc40a54"},"breadcrumb":{"@id":"https:\/\/embangola.pl\/?p=3729#breadcrumb"},"inLanguage":"pl-PL","potentialAction":[{"@type":"ReadAction","target":["https:\/\/embangola.pl\/?p=3729"]}]},{"@type":"BreadcrumbList","@id":"https:\/\/embangola.pl\/?p=3729#breadcrumb","itemListElement":[{"@type":"ListItem","position":1,"name":"Strona g\u0142\u00f3wna","item":"https:\/\/embangola.pl\/"},{"@type":"ListItem","position":2,"name":"Executivo implementa medidas para reduzir custo de vida dos cidad\u00e3os"}]},{"@type":"WebSite","@id":"https:\/\/embangola.pl\/#website","url":"https:\/\/embangola.pl\/","name":"Embaixada da Rep\u00fablica de Angola na Pol\u00f3nia, Let\u00f3nia, Est\u00f3nia e Litu\u00e2nia","description":"","potentialAction":[{"@type":"SearchAction","target":{"@type":"EntryPoint","urlTemplate":"https:\/\/embangola.pl\/?s={search_term_string}"},"query-input":"required name=search_term_string"}],"inLanguage":"pl-PL"},{"@type":"Person","@id":"https:\/\/embangola.pl\/#\/schema\/person\/4ba173826306d1b1b16922873bc40a54","name":"manuka","image":{"@type":"ImageObject","inLanguage":"pl-PL","@id":"https:\/\/embangola.pl\/#\/schema\/person\/image\/","url":"https:\/\/secure.gravatar.com\/avatar\/39cd7ca736d2ea9852310febbc62e5b9a16ba7de5a8743bd6c83df4054fad5a7?s=96&d=mm&r=g","contentUrl":"https:\/\/secure.gravatar.com\/avatar\/39cd7ca736d2ea9852310febbc62e5b9a16ba7de5a8743bd6c83df4054fad5a7?s=96&d=mm&r=g","caption":"manuka"},"sameAs":["https:\/\/embangola.pl"],"url":"https:\/\/embangola.pl\/?author=1"}]}},"_links":{"self":[{"href":"https:\/\/embangola.pl\/index.php?rest_route=\/wp\/v2\/posts\/3729","targetHints":{"allow":["GET"]}}],"collection":[{"href":"https:\/\/embangola.pl\/index.php?rest_route=\/wp\/v2\/posts"}],"about":[{"href":"https:\/\/embangola.pl\/index.php?rest_route=\/wp\/v2\/types\/post"}],"author":[{"embeddable":true,"href":"https:\/\/embangola.pl\/index.php?rest_route=\/wp\/v2\/users\/1"}],"replies":[{"embeddable":true,"href":"https:\/\/embangola.pl\/index.php?rest_route=%2Fwp%2Fv2%2Fcomments&post=3729"}],"version-history":[{"count":5,"href":"https:\/\/embangola.pl\/index.php?rest_route=\/wp\/v2\/posts\/3729\/revisions"}],"predecessor-version":[{"id":3737,"href":"https:\/\/embangola.pl\/index.php?rest_route=\/wp\/v2\/posts\/3729\/revisions\/3737"}],"wp:featuredmedia":[{"embeddable":true,"href":"https:\/\/embangola.pl\/index.php?rest_route=\/wp\/v2\/media\/3730"}],"wp:attachment":[{"href":"https:\/\/embangola.pl\/index.php?rest_route=%2Fwp%2Fv2%2Fmedia&parent=3729"}],"wp:term":[{"taxonomy":"category","embeddable":true,"href":"https:\/\/embangola.pl\/index.php?rest_route=%2Fwp%2Fv2%2Fcategories&post=3729"},{"taxonomy":"post_tag","embeddable":true,"href":"https:\/\/embangola.pl\/index.php?rest_route=%2Fwp%2Fv2%2Ftags&post=3729"}],"curies":[{"name":"wp","href":"https:\/\/api.w.org\/{rel}","templated":true}]}}