{"id":3187,"date":"2024-04-01T10:37:03","date_gmt":"2024-04-01T08:37:03","guid":{"rendered":"https:\/\/embangola.pl\/?p=3187"},"modified":"2024-07-23T10:44:04","modified_gmt":"2024-07-23T08:44:04","slug":"luanda-acolhe-encontro-nacional-com-os-angolanos-residentes-na-diaspora","status":"publish","type":"post","link":"https:\/\/embangola.pl\/?p=3187","title":{"rendered":"Luanda acolhe Encontro Nacional com os Angolanos Residentes na Di\u00e1spora"},"content":{"rendered":"\n<div class=\"wp-block-columns is-layout-flex wp-container-core-columns-is-layout-28f84493 wp-block-columns-is-layout-flex\">\n<div class=\"wp-block-column is-layout-flow wp-block-column-is-layout-flow\">\n<p><strong>O Movimento Nacional Angola Real (MONAAR) realiza, a partir de hoje at\u00e9 ao dia 12 de Abril, o 1\u00b0 Encontro Nacional com os angolanos residentes na di\u00e1spora sob o lema \u201cAngola, o pa\u00eds real no contexto pol\u00edtico, econ\u00f3mico e social\u201d.<\/strong><\/p>\n<\/div>\n<\/div>\n\n\n\n<div class=\"wp-block-columns is-layout-flex wp-container-core-columns-is-layout-28f84493 wp-block-columns-is-layout-flex\">\n<div class=\"wp-block-column is-layout-flow wp-block-column-is-layout-flow\">\n<figure class=\"wp-block-image aligncenter size-large\"><img loading=\"lazy\" decoding=\"async\" width=\"1024\" height=\"768\" src=\"https:\/\/embangola.pl\/wp-content\/uploads\/2024\/07\/Monnar-encontro-1024x768.jpg\" alt=\"\" class=\"wp-image-3188\" srcset=\"https:\/\/embangola.pl\/wp-content\/uploads\/2024\/07\/Monnar-encontro-1024x768.jpg 1024w, https:\/\/embangola.pl\/wp-content\/uploads\/2024\/07\/Monnar-encontro-300x225.jpg 300w, https:\/\/embangola.pl\/wp-content\/uploads\/2024\/07\/Monnar-encontro-768x576.jpg 768w, https:\/\/embangola.pl\/wp-content\/uploads\/2024\/07\/Monnar-encontro-1536x1152.jpg 1536w, https:\/\/embangola.pl\/wp-content\/uploads\/2024\/07\/Monnar-encontro-600x450.jpg 600w, https:\/\/embangola.pl\/wp-content\/uploads\/2024\/07\/Monnar-encontro-1200x900.jpg 1200w, https:\/\/embangola.pl\/wp-content\/uploads\/2024\/07\/Monnar-encontro-1500x1125.jpg 1500w, https:\/\/embangola.pl\/wp-content\/uploads\/2024\/07\/Monnar-encontro.jpg 1600w\" sizes=\"auto, (max-width: 1024px) 100vw, 1024px\" \/><\/figure>\n<\/div>\n<\/div>\n\n\n\n<p>O evento \u00e9 realizado no Hotel Intercontinental, em Luanda, e&nbsp;&nbsp;enquadra-se no \u00e2mbito das comemora\u00e7\u00f5es do 4 de Abril, Dia da Paz e Reconcilia\u00e7\u00e3o Nacional.<\/p>\n\n\n\n<p>O MONAAR&nbsp;&nbsp;prev\u00ea, igualmente,&nbsp;&nbsp;uma digress\u00e3o pelo pa\u00eds.<\/p>\n","protected":false},"excerpt":{"rendered":"<p>O Movimento Nacional Angola Real (MONAAR) realiza, a partir de hoje at\u00e9 ao dia 12 de Abril, o 1\u00b0 Encontro Nacional com os angolanos residentes na di\u00e1spora sob o lema \u201cAngola, o pa\u00eds real no contexto pol\u00edtico, econ\u00f3mico e social\u201d. O evento \u00e9 realizado no Hotel Intercontinental, em Luanda, e&nbsp;&nbsp;enquadra-se no \u00e2mbito das comemora\u00e7\u00f5es do [&hellip;]<\/p>\n","protected":false},"author":1,"featured_media":3189,"comment_status":"open","ping_status":"open","sticky":false,"template":"","format":"standard","meta":{"inline_featured_image":false,"footnotes":""},"categories":[40],"tags":[],"class_list":["post-3187","post","type-post","status-publish","format-standard","has-post-thumbnail","hentry","category-actualidade"],"acf":[],"yoast_head":"<!-- This site is optimized with the Yoast SEO plugin v19.6.1 - https:\/\/yoast.com\/wordpress\/plugins\/seo\/ -->\n<title>Luanda acolhe Encontro Nacional com os Angolanos Residentes na Di\u00e1spora - Embaixada da Rep\u00fablica de Angola na Pol\u00f3nia, Let\u00f3nia, Est\u00f3nia e Litu\u00e2nia<\/title>\n<meta name=\"robots\" content=\"index, follow, max-snippet:-1, max-image-preview:large, max-video-preview:-1\" \/>\n<link rel=\"canonical\" href=\"https:\/\/embangola.pl\/?p=3187\" \/>\n<meta property=\"og:locale\" content=\"pl_PL\" \/>\n<meta property=\"og:type\" content=\"article\" \/>\n<meta property=\"og:title\" content=\"Luanda acolhe Encontro Nacional com os Angolanos Residentes na Di\u00e1spora - Embaixada da Rep\u00fablica de Angola na Pol\u00f3nia, Let\u00f3nia, Est\u00f3nia e Litu\u00e2nia\" \/>\n<meta property=\"og:description\" content=\"O Movimento Nacional Angola Real (MONAAR) realiza, a partir de hoje at\u00e9 ao dia 12 de Abril, o 1\u00b0 Encontro Nacional com os angolanos residentes na di\u00e1spora sob o lema \u201cAngola, o pa\u00eds real no contexto pol\u00edtico, econ\u00f3mico e social\u201d. O evento \u00e9 realizado no Hotel Intercontinental, em Luanda, e&nbsp;&nbsp;enquadra-se no \u00e2mbito das comemora\u00e7\u00f5es do [&hellip;]\" \/>\n<meta property=\"og:url\" content=\"https:\/\/embangola.pl\/?p=3187\" \/>\n<meta property=\"og:site_name\" content=\"Embaixada da Rep\u00fablica de Angola na Pol\u00f3nia, Let\u00f3nia, Est\u00f3nia e Litu\u00e2nia\" \/>\n<meta property=\"article:published_time\" content=\"2024-04-01T08:37:03+00:00\" \/>\n<meta property=\"article:modified_time\" content=\"2024-07-23T08:44:04+00:00\" \/>\n<meta property=\"og:image\" content=\"https:\/\/embangola.pl\/wp-content\/uploads\/2024\/07\/Monnar-encontro-segunda-foto.jpg\" \/>\n\t<meta property=\"og:image:width\" content=\"1600\" \/>\n\t<meta property=\"og:image:height\" content=\"1200\" \/>\n\t<meta property=\"og:image:type\" content=\"image\/jpeg\" \/>\n<meta name=\"author\" content=\"manuka\" \/>\n<meta name=\"twitter:card\" content=\"summary_large_image\" \/>\n<meta name=\"twitter:label1\" content=\"Napisane przez\" \/>\n\t<meta name=\"twitter:data1\" content=\"manuka\" \/>\n\t<meta name=\"twitter:label2\" content=\"Szacowany czas czytania\" \/>\n\t<meta name=\"twitter:data2\" content=\"1 minuta\" \/>\n<script type=\"application\/ld+json\" class=\"yoast-schema-graph\">{\"@context\":\"https:\/\/schema.org\",\"@graph\":[{\"@type\":\"WebPage\",\"@id\":\"https:\/\/embangola.pl\/?p=3187\",\"url\":\"https:\/\/embangola.pl\/?p=3187\",\"name\":\"Luanda acolhe Encontro Nacional com os Angolanos Residentes na Di\u00e1spora - Embaixada da Rep\u00fablica de Angola na Pol\u00f3nia, Let\u00f3nia, Est\u00f3nia e Litu\u00e2nia\",\"isPartOf\":{\"@id\":\"https:\/\/embangola.pl\/#website\"},\"datePublished\":\"2024-04-01T08:37:03+00:00\",\"dateModified\":\"2024-07-23T08:44:04+00:00\",\"author\":{\"@id\":\"https:\/\/embangola.pl\/#\/schema\/person\/4ba173826306d1b1b16922873bc40a54\"},\"breadcrumb\":{\"@id\":\"https:\/\/embangola.pl\/?p=3187#breadcrumb\"},\"inLanguage\":\"pl-PL\",\"potentialAction\":[{\"@type\":\"ReadAction\",\"target\":[\"https:\/\/embangola.pl\/?p=3187\"]}]},{\"@type\":\"BreadcrumbList\",\"@id\":\"https:\/\/embangola.pl\/?p=3187#breadcrumb\",\"itemListElement\":[{\"@type\":\"ListItem\",\"position\":1,\"name\":\"Strona g\u0142\u00f3wna\",\"item\":\"https:\/\/embangola.pl\/\"},{\"@type\":\"ListItem\",\"position\":2,\"name\":\"Luanda acolhe Encontro Nacional com os Angolanos Residentes na Di\u00e1spora\"}]},{\"@type\":\"WebSite\",\"@id\":\"https:\/\/embangola.pl\/#website\",\"url\":\"https:\/\/embangola.pl\/\",\"name\":\"Embaixada da Rep\u00fablica de Angola na Pol\u00f3nia, Let\u00f3nia, Est\u00f3nia e Litu\u00e2nia\",\"description\":\"\",\"potentialAction\":[{\"@type\":\"SearchAction\",\"target\":{\"@type\":\"EntryPoint\",\"urlTemplate\":\"https:\/\/embangola.pl\/?s={search_term_string}\"},\"query-input\":\"required name=search_term_string\"}],\"inLanguage\":\"pl-PL\"},{\"@type\":\"Person\",\"@id\":\"https:\/\/embangola.pl\/#\/schema\/person\/4ba173826306d1b1b16922873bc40a54\",\"name\":\"manuka\",\"image\":{\"@type\":\"ImageObject\",\"inLanguage\":\"pl-PL\",\"@id\":\"https:\/\/embangola.pl\/#\/schema\/person\/image\/\",\"url\":\"https:\/\/secure.gravatar.com\/avatar\/39cd7ca736d2ea9852310febbc62e5b9a16ba7de5a8743bd6c83df4054fad5a7?s=96&d=mm&r=g\",\"contentUrl\":\"https:\/\/secure.gravatar.com\/avatar\/39cd7ca736d2ea9852310febbc62e5b9a16ba7de5a8743bd6c83df4054fad5a7?s=96&d=mm&r=g\",\"caption\":\"manuka\"},\"sameAs\":[\"https:\/\/embangola.pl\"],\"url\":\"https:\/\/embangola.pl\/?author=1\"}]}<\/script>\n<!-- \/ Yoast SEO plugin. -->","yoast_head_json":{"title":"Luanda acolhe Encontro Nacional com os Angolanos Residentes na Di\u00e1spora - Embaixada da Rep\u00fablica de Angola na Pol\u00f3nia, Let\u00f3nia, Est\u00f3nia e Litu\u00e2nia","robots":{"index":"index","follow":"follow","max-snippet":"max-snippet:-1","max-image-preview":"max-image-preview:large","max-video-preview":"max-video-preview:-1"},"canonical":"https:\/\/embangola.pl\/?p=3187","og_locale":"pl_PL","og_type":"article","og_title":"Luanda acolhe Encontro Nacional com os Angolanos Residentes na Di\u00e1spora - Embaixada da Rep\u00fablica de Angola na Pol\u00f3nia, Let\u00f3nia, Est\u00f3nia e Litu\u00e2nia","og_description":"O Movimento Nacional Angola Real (MONAAR) realiza, a partir de hoje at\u00e9 ao dia 12 de Abril, o 1\u00b0 Encontro Nacional com os angolanos residentes na di\u00e1spora sob o lema \u201cAngola, o pa\u00eds real no contexto pol\u00edtico, econ\u00f3mico e social\u201d. O evento \u00e9 realizado no Hotel Intercontinental, em Luanda, e&nbsp;&nbsp;enquadra-se no \u00e2mbito das comemora\u00e7\u00f5es do [&hellip;]","og_url":"https:\/\/embangola.pl\/?p=3187","og_site_name":"Embaixada da Rep\u00fablica de Angola na Pol\u00f3nia, Let\u00f3nia, Est\u00f3nia e Litu\u00e2nia","article_published_time":"2024-04-01T08:37:03+00:00","article_modified_time":"2024-07-23T08:44:04+00:00","og_image":[{"width":1600,"height":1200,"url":"https:\/\/embangola.pl\/wp-content\/uploads\/2024\/07\/Monnar-encontro-segunda-foto.jpg","type":"image\/jpeg"}],"author":"manuka","twitter_card":"summary_large_image","twitter_misc":{"Napisane przez":"manuka","Szacowany czas czytania":"1 minuta"},"schema":{"@context":"https:\/\/schema.org","@graph":[{"@type":"WebPage","@id":"https:\/\/embangola.pl\/?p=3187","url":"https:\/\/embangola.pl\/?p=3187","name":"Luanda acolhe Encontro Nacional com os Angolanos Residentes na Di\u00e1spora - Embaixada da Rep\u00fablica de Angola na Pol\u00f3nia, Let\u00f3nia, Est\u00f3nia e Litu\u00e2nia","isPartOf":{"@id":"https:\/\/embangola.pl\/#website"},"datePublished":"2024-04-01T08:37:03+00:00","dateModified":"2024-07-23T08:44:04+00:00","author":{"@id":"https:\/\/embangola.pl\/#\/schema\/person\/4ba173826306d1b1b16922873bc40a54"},"breadcrumb":{"@id":"https:\/\/embangola.pl\/?p=3187#breadcrumb"},"inLanguage":"pl-PL","potentialAction":[{"@type":"ReadAction","target":["https:\/\/embangola.pl\/?p=3187"]}]},{"@type":"BreadcrumbList","@id":"https:\/\/embangola.pl\/?p=3187#breadcrumb","itemListElement":[{"@type":"ListItem","position":1,"name":"Strona g\u0142\u00f3wna","item":"https:\/\/embangola.pl\/"},{"@type":"ListItem","position":2,"name":"Luanda acolhe Encontro Nacional com os Angolanos Residentes na Di\u00e1spora"}]},{"@type":"WebSite","@id":"https:\/\/embangola.pl\/#website","url":"https:\/\/embangola.pl\/","name":"Embaixada da Rep\u00fablica de Angola na Pol\u00f3nia, Let\u00f3nia, Est\u00f3nia e Litu\u00e2nia","description":"","potentialAction":[{"@type":"SearchAction","target":{"@type":"EntryPoint","urlTemplate":"https:\/\/embangola.pl\/?s={search_term_string}"},"query-input":"required name=search_term_string"}],"inLanguage":"pl-PL"},{"@type":"Person","@id":"https:\/\/embangola.pl\/#\/schema\/person\/4ba173826306d1b1b16922873bc40a54","name":"manuka","image":{"@type":"ImageObject","inLanguage":"pl-PL","@id":"https:\/\/embangola.pl\/#\/schema\/person\/image\/","url":"https:\/\/secure.gravatar.com\/avatar\/39cd7ca736d2ea9852310febbc62e5b9a16ba7de5a8743bd6c83df4054fad5a7?s=96&d=mm&r=g","contentUrl":"https:\/\/secure.gravatar.com\/avatar\/39cd7ca736d2ea9852310febbc62e5b9a16ba7de5a8743bd6c83df4054fad5a7?s=96&d=mm&r=g","caption":"manuka"},"sameAs":["https:\/\/embangola.pl"],"url":"https:\/\/embangola.pl\/?author=1"}]}},"_links":{"self":[{"href":"https:\/\/embangola.pl\/index.php?rest_route=\/wp\/v2\/posts\/3187","targetHints":{"allow":["GET"]}}],"collection":[{"href":"https:\/\/embangola.pl\/index.php?rest_route=\/wp\/v2\/posts"}],"about":[{"href":"https:\/\/embangola.pl\/index.php?rest_route=\/wp\/v2\/types\/post"}],"author":[{"embeddable":true,"href":"https:\/\/embangola.pl\/index.php?rest_route=\/wp\/v2\/users\/1"}],"replies":[{"embeddable":true,"href":"https:\/\/embangola.pl\/index.php?rest_route=%2Fwp%2Fv2%2Fcomments&post=3187"}],"version-history":[{"count":1,"href":"https:\/\/embangola.pl\/index.php?rest_route=\/wp\/v2\/posts\/3187\/revisions"}],"predecessor-version":[{"id":3190,"href":"https:\/\/embangola.pl\/index.php?rest_route=\/wp\/v2\/posts\/3187\/revisions\/3190"}],"wp:featuredmedia":[{"embeddable":true,"href":"https:\/\/embangola.pl\/index.php?rest_route=\/wp\/v2\/media\/3189"}],"wp:attachment":[{"href":"https:\/\/embangola.pl\/index.php?rest_route=%2Fwp%2Fv2%2Fmedia&parent=3187"}],"wp:term":[{"taxonomy":"category","embeddable":true,"href":"https:\/\/embangola.pl\/index.php?rest_route=%2Fwp%2Fv2%2Fcategories&post=3187"},{"taxonomy":"post_tag","embeddable":true,"href":"https:\/\/embangola.pl\/index.php?rest_route=%2Fwp%2Fv2%2Ftags&post=3187"}],"curies":[{"name":"wp","href":"https:\/\/api.w.org\/{rel}","templated":true}]}}