{"id":3082,"date":"2024-04-21T23:29:13","date_gmt":"2024-04-21T21:29:13","guid":{"rendered":"https:\/\/embangola.pl\/?p=3082"},"modified":"2024-04-21T23:30:19","modified_gmt":"2024-04-21T21:30:19","slug":"can2024-angola-vice-campea-africana-de-futsal","status":"publish","type":"post","link":"https:\/\/embangola.pl\/?p=3082","title":{"rendered":"CAN\u20192024: Angola vice-campe\u00e3 africana de futsal"},"content":{"rendered":"\n<div class=\"wp-block-columns is-layout-flex wp-container-core-columns-is-layout-28f84493 wp-block-columns-is-layout-flex\">\n<div class=\"wp-block-column is-layout-flow wp-block-column-is-layout-flow\">\n<figure class=\"wp-block-image aligncenter size-large is-resized\"><img loading=\"lazy\" decoding=\"async\" width=\"1024\" height=\"600\" src=\"https:\/\/embangola.pl\/wp-content\/uploads\/2024\/04\/Futsal-1-1024x600.jpg\" alt=\"\" class=\"wp-image-3083\" style=\"width:1271px;height:auto\" srcset=\"https:\/\/embangola.pl\/wp-content\/uploads\/2024\/04\/Futsal-1-1024x600.jpg 1024w, https:\/\/embangola.pl\/wp-content\/uploads\/2024\/04\/Futsal-1-300x176.jpg 300w, https:\/\/embangola.pl\/wp-content\/uploads\/2024\/04\/Futsal-1-768x450.jpg 768w, https:\/\/embangola.pl\/wp-content\/uploads\/2024\/04\/Futsal-1-600x351.jpg 600w, https:\/\/embangola.pl\/wp-content\/uploads\/2024\/04\/Futsal-1-1200x703.jpg 1200w, https:\/\/embangola.pl\/wp-content\/uploads\/2024\/04\/Futsal-1.jpg 1366w\" sizes=\"auto, (max-width: 1024px) 100vw, 1024px\" \/><\/figure>\n<\/div>\n<\/div>\n\n\n\n<div class=\"wp-block-columns is-layout-flex wp-container-core-columns-is-layout-28f84493 wp-block-columns-is-layout-flex\">\n<div class=\"wp-block-column is-layout-flow wp-block-column-is-layout-flow\">\n<h2 class=\"wp-block-heading\">Luanda &#8211; Angola sagrou-se vice-campe\u00e3 africana de futsal ao perder, este domingo, diante da anfitri\u00e3 Marrocos, por 1-5, em jogo da final, disputado no Pavilh\u00e3o Salle Palais des sports, em Rabat.<\/h2>\n\n\n\n<p>O golo de honra dos angolanos foi marcado aos sete minutos por Ad\u00e9rito, numa altura em que o combinado nacional perdia por 0-1.<\/p>\n\n\n\n<p>Diante da agora tricampe\u00e3 continental, os angolanos perdiam ao intervalo, por 1-3, mas a experi\u00eancia do advers\u00e1rio foi superior a voluntariedade dos pupilos de Marcos Antunes ao longo da partida.<\/p>\n\n\n\n<p>Com &nbsp;este in\u00e9dito segundo lugar, Angola garantiu a presen\u00e7a na&nbsp;10\u00aa edi\u00e7\u00e3o&nbsp;do Campeonato do Mundo, a decorrer de 14 de Setembro a 6 de Outubro, em Uzbequist\u00e3o.<\/p>\n\n\n\n<p>Tratou-se da quarta participa\u00e7\u00e3o de Angola num CAN, depois da presen\u00e7a nas edi\u00e7\u00f5es da L\u00edbia 2008, \u00c1frica do Sul (2016) e Marrocos (2020). Nesta \u00faltima, conquistou a medalha de bronze (terceiro lugar).<\/p>\n\n\n\n<p>Por seu lado, a L\u00edbia conquistou a terceira posi\u00e7\u00e3o ap\u00f3s triunfo, aos penaltis, sobre o Egipto, por 4-1, fruto da igualdade a uma bola no tempo regulamentar.<\/p>\n\n\n\n<p>A selec\u00e7\u00e3o da L\u00edbia garante igualmente o apuramento ao Mundial&#8217; 2024.&nbsp;<strong>MC<\/strong><\/p>\n<\/div>\n<\/div>\n","protected":false},"excerpt":{"rendered":"<p>Luanda &#8211; Angola sagrou-se vice-campe\u00e3 africana de futsal ao perder, este domingo, diante da anfitri\u00e3 Marrocos, por 1-5, em jogo da final, disputado no Pavilh\u00e3o Salle Palais des sports, em Rabat. O golo de honra dos angolanos foi marcado aos sete minutos por Ad\u00e9rito, numa altura em que o combinado nacional perdia por 0-1. Diante [&hellip;]<\/p>\n","protected":false},"author":1,"featured_media":3083,"comment_status":"open","ping_status":"open","sticky":false,"template":"","format":"standard","meta":{"inline_featured_image":false,"footnotes":""},"categories":[40,66],"tags":[],"class_list":["post-3082","post","type-post","status-publish","format-standard","has-post-thumbnail","hentry","category-actualidade","category-desporto"],"acf":[],"yoast_head":"<!-- This site is optimized with the Yoast SEO plugin v19.6.1 - https:\/\/yoast.com\/wordpress\/plugins\/seo\/ -->\n<title>CAN\u20192024: Angola vice-campe\u00e3 africana de futsal - Embaixada da Rep\u00fablica de Angola na Pol\u00f3nia, Let\u00f3nia, Est\u00f3nia e Litu\u00e2nia<\/title>\n<meta name=\"robots\" content=\"index, follow, max-snippet:-1, max-image-preview:large, max-video-preview:-1\" \/>\n<link rel=\"canonical\" href=\"https:\/\/embangola.pl\/?p=3082\" \/>\n<meta property=\"og:locale\" content=\"pl_PL\" \/>\n<meta property=\"og:type\" content=\"article\" \/>\n<meta property=\"og:title\" content=\"CAN\u20192024: Angola vice-campe\u00e3 africana de futsal - Embaixada da Rep\u00fablica de Angola na Pol\u00f3nia, Let\u00f3nia, Est\u00f3nia e Litu\u00e2nia\" \/>\n<meta property=\"og:description\" content=\"Luanda &#8211; Angola sagrou-se vice-campe\u00e3 africana de futsal ao perder, este domingo, diante da anfitri\u00e3 Marrocos, por 1-5, em jogo da final, disputado no Pavilh\u00e3o Salle Palais des sports, em Rabat. O golo de honra dos angolanos foi marcado aos sete minutos por Ad\u00e9rito, numa altura em que o combinado nacional perdia por 0-1. Diante [&hellip;]\" \/>\n<meta property=\"og:url\" content=\"https:\/\/embangola.pl\/?p=3082\" \/>\n<meta property=\"og:site_name\" content=\"Embaixada da Rep\u00fablica de Angola na Pol\u00f3nia, Let\u00f3nia, Est\u00f3nia e Litu\u00e2nia\" \/>\n<meta property=\"article:published_time\" content=\"2024-04-21T21:29:13+00:00\" \/>\n<meta property=\"article:modified_time\" content=\"2024-04-21T21:30:19+00:00\" \/>\n<meta property=\"og:image\" content=\"https:\/\/embangola.pl\/wp-content\/uploads\/2024\/04\/Futsal-1.jpg\" \/>\n\t<meta property=\"og:image:width\" content=\"1366\" \/>\n\t<meta property=\"og:image:height\" content=\"800\" \/>\n\t<meta property=\"og:image:type\" content=\"image\/jpeg\" \/>\n<meta name=\"author\" content=\"manuka\" \/>\n<meta name=\"twitter:card\" content=\"summary_large_image\" \/>\n<meta name=\"twitter:label1\" content=\"Napisane przez\" \/>\n\t<meta name=\"twitter:data1\" content=\"manuka\" \/>\n\t<meta name=\"twitter:label2\" content=\"Szacowany czas czytania\" \/>\n\t<meta name=\"twitter:data2\" content=\"1 minuta\" \/>\n<script type=\"application\/ld+json\" class=\"yoast-schema-graph\">{\"@context\":\"https:\/\/schema.org\",\"@graph\":[{\"@type\":\"WebPage\",\"@id\":\"https:\/\/embangola.pl\/?p=3082\",\"url\":\"https:\/\/embangola.pl\/?p=3082\",\"name\":\"CAN\u20192024: Angola vice-campe\u00e3 africana de futsal - Embaixada da Rep\u00fablica de Angola na Pol\u00f3nia, Let\u00f3nia, Est\u00f3nia e Litu\u00e2nia\",\"isPartOf\":{\"@id\":\"https:\/\/embangola.pl\/#website\"},\"datePublished\":\"2024-04-21T21:29:13+00:00\",\"dateModified\":\"2024-04-21T21:30:19+00:00\",\"author\":{\"@id\":\"https:\/\/embangola.pl\/#\/schema\/person\/4ba173826306d1b1b16922873bc40a54\"},\"breadcrumb\":{\"@id\":\"https:\/\/embangola.pl\/?p=3082#breadcrumb\"},\"inLanguage\":\"pl-PL\",\"potentialAction\":[{\"@type\":\"ReadAction\",\"target\":[\"https:\/\/embangola.pl\/?p=3082\"]}]},{\"@type\":\"BreadcrumbList\",\"@id\":\"https:\/\/embangola.pl\/?p=3082#breadcrumb\",\"itemListElement\":[{\"@type\":\"ListItem\",\"position\":1,\"name\":\"Strona g\u0142\u00f3wna\",\"item\":\"https:\/\/embangola.pl\/\"},{\"@type\":\"ListItem\",\"position\":2,\"name\":\"CAN\u20192024: Angola vice-campe\u00e3 africana de futsal\"}]},{\"@type\":\"WebSite\",\"@id\":\"https:\/\/embangola.pl\/#website\",\"url\":\"https:\/\/embangola.pl\/\",\"name\":\"Embaixada da Rep\u00fablica de Angola na Pol\u00f3nia, Let\u00f3nia, Est\u00f3nia e Litu\u00e2nia\",\"description\":\"\",\"potentialAction\":[{\"@type\":\"SearchAction\",\"target\":{\"@type\":\"EntryPoint\",\"urlTemplate\":\"https:\/\/embangola.pl\/?s={search_term_string}\"},\"query-input\":\"required name=search_term_string\"}],\"inLanguage\":\"pl-PL\"},{\"@type\":\"Person\",\"@id\":\"https:\/\/embangola.pl\/#\/schema\/person\/4ba173826306d1b1b16922873bc40a54\",\"name\":\"manuka\",\"image\":{\"@type\":\"ImageObject\",\"inLanguage\":\"pl-PL\",\"@id\":\"https:\/\/embangola.pl\/#\/schema\/person\/image\/\",\"url\":\"https:\/\/secure.gravatar.com\/avatar\/39cd7ca736d2ea9852310febbc62e5b9a16ba7de5a8743bd6c83df4054fad5a7?s=96&d=mm&r=g\",\"contentUrl\":\"https:\/\/secure.gravatar.com\/avatar\/39cd7ca736d2ea9852310febbc62e5b9a16ba7de5a8743bd6c83df4054fad5a7?s=96&d=mm&r=g\",\"caption\":\"manuka\"},\"sameAs\":[\"https:\/\/embangola.pl\"],\"url\":\"https:\/\/embangola.pl\/?author=1\"}]}<\/script>\n<!-- \/ Yoast SEO plugin. -->","yoast_head_json":{"title":"CAN\u20192024: Angola vice-campe\u00e3 africana de futsal - Embaixada da Rep\u00fablica de Angola na Pol\u00f3nia, Let\u00f3nia, Est\u00f3nia e Litu\u00e2nia","robots":{"index":"index","follow":"follow","max-snippet":"max-snippet:-1","max-image-preview":"max-image-preview:large","max-video-preview":"max-video-preview:-1"},"canonical":"https:\/\/embangola.pl\/?p=3082","og_locale":"pl_PL","og_type":"article","og_title":"CAN\u20192024: Angola vice-campe\u00e3 africana de futsal - Embaixada da Rep\u00fablica de Angola na Pol\u00f3nia, Let\u00f3nia, Est\u00f3nia e Litu\u00e2nia","og_description":"Luanda &#8211; Angola sagrou-se vice-campe\u00e3 africana de futsal ao perder, este domingo, diante da anfitri\u00e3 Marrocos, por 1-5, em jogo da final, disputado no Pavilh\u00e3o Salle Palais des sports, em Rabat. O golo de honra dos angolanos foi marcado aos sete minutos por Ad\u00e9rito, numa altura em que o combinado nacional perdia por 0-1. Diante [&hellip;]","og_url":"https:\/\/embangola.pl\/?p=3082","og_site_name":"Embaixada da Rep\u00fablica de Angola na Pol\u00f3nia, Let\u00f3nia, Est\u00f3nia e Litu\u00e2nia","article_published_time":"2024-04-21T21:29:13+00:00","article_modified_time":"2024-04-21T21:30:19+00:00","og_image":[{"width":1366,"height":800,"url":"https:\/\/embangola.pl\/wp-content\/uploads\/2024\/04\/Futsal-1.jpg","type":"image\/jpeg"}],"author":"manuka","twitter_card":"summary_large_image","twitter_misc":{"Napisane przez":"manuka","Szacowany czas czytania":"1 minuta"},"schema":{"@context":"https:\/\/schema.org","@graph":[{"@type":"WebPage","@id":"https:\/\/embangola.pl\/?p=3082","url":"https:\/\/embangola.pl\/?p=3082","name":"CAN\u20192024: Angola vice-campe\u00e3 africana de futsal - Embaixada da Rep\u00fablica de Angola na Pol\u00f3nia, Let\u00f3nia, Est\u00f3nia e Litu\u00e2nia","isPartOf":{"@id":"https:\/\/embangola.pl\/#website"},"datePublished":"2024-04-21T21:29:13+00:00","dateModified":"2024-04-21T21:30:19+00:00","author":{"@id":"https:\/\/embangola.pl\/#\/schema\/person\/4ba173826306d1b1b16922873bc40a54"},"breadcrumb":{"@id":"https:\/\/embangola.pl\/?p=3082#breadcrumb"},"inLanguage":"pl-PL","potentialAction":[{"@type":"ReadAction","target":["https:\/\/embangola.pl\/?p=3082"]}]},{"@type":"BreadcrumbList","@id":"https:\/\/embangola.pl\/?p=3082#breadcrumb","itemListElement":[{"@type":"ListItem","position":1,"name":"Strona g\u0142\u00f3wna","item":"https:\/\/embangola.pl\/"},{"@type":"ListItem","position":2,"name":"CAN\u20192024: Angola vice-campe\u00e3 africana de futsal"}]},{"@type":"WebSite","@id":"https:\/\/embangola.pl\/#website","url":"https:\/\/embangola.pl\/","name":"Embaixada da Rep\u00fablica de Angola na Pol\u00f3nia, Let\u00f3nia, Est\u00f3nia e Litu\u00e2nia","description":"","potentialAction":[{"@type":"SearchAction","target":{"@type":"EntryPoint","urlTemplate":"https:\/\/embangola.pl\/?s={search_term_string}"},"query-input":"required name=search_term_string"}],"inLanguage":"pl-PL"},{"@type":"Person","@id":"https:\/\/embangola.pl\/#\/schema\/person\/4ba173826306d1b1b16922873bc40a54","name":"manuka","image":{"@type":"ImageObject","inLanguage":"pl-PL","@id":"https:\/\/embangola.pl\/#\/schema\/person\/image\/","url":"https:\/\/secure.gravatar.com\/avatar\/39cd7ca736d2ea9852310febbc62e5b9a16ba7de5a8743bd6c83df4054fad5a7?s=96&d=mm&r=g","contentUrl":"https:\/\/secure.gravatar.com\/avatar\/39cd7ca736d2ea9852310febbc62e5b9a16ba7de5a8743bd6c83df4054fad5a7?s=96&d=mm&r=g","caption":"manuka"},"sameAs":["https:\/\/embangola.pl"],"url":"https:\/\/embangola.pl\/?author=1"}]}},"_links":{"self":[{"href":"https:\/\/embangola.pl\/index.php?rest_route=\/wp\/v2\/posts\/3082","targetHints":{"allow":["GET"]}}],"collection":[{"href":"https:\/\/embangola.pl\/index.php?rest_route=\/wp\/v2\/posts"}],"about":[{"href":"https:\/\/embangola.pl\/index.php?rest_route=\/wp\/v2\/types\/post"}],"author":[{"embeddable":true,"href":"https:\/\/embangola.pl\/index.php?rest_route=\/wp\/v2\/users\/1"}],"replies":[{"embeddable":true,"href":"https:\/\/embangola.pl\/index.php?rest_route=%2Fwp%2Fv2%2Fcomments&post=3082"}],"version-history":[{"count":2,"href":"https:\/\/embangola.pl\/index.php?rest_route=\/wp\/v2\/posts\/3082\/revisions"}],"predecessor-version":[{"id":3085,"href":"https:\/\/embangola.pl\/index.php?rest_route=\/wp\/v2\/posts\/3082\/revisions\/3085"}],"wp:featuredmedia":[{"embeddable":true,"href":"https:\/\/embangola.pl\/index.php?rest_route=\/wp\/v2\/media\/3083"}],"wp:attachment":[{"href":"https:\/\/embangola.pl\/index.php?rest_route=%2Fwp%2Fv2%2Fmedia&parent=3082"}],"wp:term":[{"taxonomy":"category","embeddable":true,"href":"https:\/\/embangola.pl\/index.php?rest_route=%2Fwp%2Fv2%2Fcategories&post=3082"},{"taxonomy":"post_tag","embeddable":true,"href":"https:\/\/embangola.pl\/index.php?rest_route=%2Fwp%2Fv2%2Ftags&post=3082"}],"curies":[{"name":"wp","href":"https:\/\/api.w.org\/{rel}","templated":true}]}}