{"id":2820,"date":"2024-03-25T20:10:51","date_gmt":"2024-03-25T19:10:51","guid":{"rendered":"https:\/\/embangola.pl\/?p=2820"},"modified":"2024-04-03T23:47:06","modified_gmt":"2024-04-03T21:47:06","slug":"o-embaixador-manuel-pedro-chaves-apresentou-no-palacio-presidencial-da-republica-da-lituania-as-cartas-credencias-ao-presidente-gitanas-nauseda","status":"publish","type":"post","link":"https:\/\/embangola.pl\/?p=2820","title":{"rendered":"O Embaixador Manuel Pedro Chaves apresentou no Pal\u00e1cio Presidencial da Rep\u00fablica da Litu\u00e2nia, as cartas credencias ao Presidente Gitanas Naus\u00e9da"},"content":{"rendered":"\n<div class=\"wp-block-columns is-layout-flex wp-container-core-columns-is-layout-28f84493 wp-block-columns-is-layout-flex\">\n<div class=\"wp-block-column is-layout-flow wp-block-column-is-layout-flow\">\n<figure class=\"wp-block-image size-full\"><img loading=\"lazy\" decoding=\"async\" width=\"800\" height=\"500\" src=\"https:\/\/embangola.pl\/wp-content\/uploads\/2024\/03\/Entrega-das-cartas.jpeg\" alt=\"\" class=\"wp-image-2821\" srcset=\"https:\/\/embangola.pl\/wp-content\/uploads\/2024\/03\/Entrega-das-cartas.jpeg 800w, https:\/\/embangola.pl\/wp-content\/uploads\/2024\/03\/Entrega-das-cartas-300x188.jpeg 300w, https:\/\/embangola.pl\/wp-content\/uploads\/2024\/03\/Entrega-das-cartas-768x480.jpeg 768w, https:\/\/embangola.pl\/wp-content\/uploads\/2024\/03\/Entrega-das-cartas-600x375.jpeg 600w\" sizes=\"auto, (max-width: 800px) 100vw, 800px\" \/><\/figure>\n<\/div>\n\n\n\n<div class=\"wp-block-column is-layout-flow wp-block-column-is-layout-flow\">\n<figure class=\"wp-block-image size-full\"><img loading=\"lazy\" decoding=\"async\" width=\"800\" height=\"500\" src=\"https:\/\/embangola.pl\/wp-content\/uploads\/2024\/03\/crop_800x500_rdackus_dsc_1180.jpg\" alt=\"Entrega das cartas em Vilnus\" class=\"wp-image-2822\" srcset=\"https:\/\/embangola.pl\/wp-content\/uploads\/2024\/03\/crop_800x500_rdackus_dsc_1180.jpg 800w, https:\/\/embangola.pl\/wp-content\/uploads\/2024\/03\/crop_800x500_rdackus_dsc_1180-300x188.jpg 300w, https:\/\/embangola.pl\/wp-content\/uploads\/2024\/03\/crop_800x500_rdackus_dsc_1180-768x480.jpg 768w, https:\/\/embangola.pl\/wp-content\/uploads\/2024\/03\/crop_800x500_rdackus_dsc_1180-600x375.jpg 600w\" sizes=\"auto, (max-width: 800px) 100vw, 800px\" \/><\/figure>\n<\/div>\n<\/div>\n\n\n\n<div class=\"wp-block-columns is-layout-flex wp-container-core-columns-is-layout-28f84493 wp-block-columns-is-layout-flex\">\n<div class=\"wp-block-column is-layout-flow wp-block-column-is-layout-flow\">\n<p>No dia 25 de Mar\u00e7o de 2024, \u00e0s 13 horas locais, <strong>Sua Excel\u00eancia Manuel Pedro Chaves<\/strong> apresentou no Pal\u00e1cio Presidencial da Rep\u00fablica da Litu\u00e2nia, em Vilnius, as cartas credencias ao <strong>Presidente Gitanas Naus\u00e9da<\/strong>, que o acredita como Embaixador Extraordin\u00e1rio e Plenipotenci\u00e1rio da Rep\u00fablica de Angola neste pa\u00eds, na qualidade de Embaixador n\u00e3o residente.<\/p>\n\n\n\n<p>Durante a acredita\u00e7\u00e3o foram abordados assuntos relacionados&nbsp;&nbsp; com os conflitos na Europa, na regi\u00e3o dos Grandes Lagos e M\u00e9dio Oriente.<\/p>\n\n\n\n<p>Precedendo a cerim\u00f3nia de acredita\u00e7\u00e3o de Sua Excel\u00eancia, Embaixador Manuel Pedro Chaves, foi recebido pelo Senhor <strong>Simonas Satunas<\/strong>, Vice-Ministro dos Neg\u00f3cios Estrangeiros, e pelo Senhor <strong>Vytautas Pinkus<\/strong>, Director da Direc\u00e7\u00e3o de Assuntos Globais, tendo na oportunidade sido abordados assuntos relacionados com o refor\u00e7o das rela\u00e7\u00f5es bilaterais entre os dois pa\u00edses no quadro do Memorando de Entendimento assinado entre o Minist\u00e9rio das Rela\u00e7\u00f5es Exteriores da Rep\u00fablica de Angola e o Minist\u00e9rio dos Neg\u00f3cios Estrangeiros da Rep\u00fablica da Litu\u00e2nia sobre Consultas Bilaterais, em 23 de Junho de 2017, bem como a coopera\u00e7\u00e3o em outros dom\u00ednios de interesse m\u00fatuo.&nbsp;&nbsp;<\/p>\n\n\n\n<p>A cerim\u00f3nia de apresenta\u00e7\u00e3o das cartas credenciais foi precedida da entrega das cartas figuradas ao Senhor <strong>Petras Zapolskas<\/strong>,Director de Estado e do Protocolo Diplom\u00e1tico da Rep\u00fablica da Litu\u00e2nia. Estiveram presentes para al\u00e9m de Sua Excel\u00eancia Embaixador <strong>Manuel Pedro Chaves<\/strong>, os Senhores <strong>Martinho Codo<\/strong> e <strong>Celma Munene<\/strong>, Ministro Conselheiro e Segundo Secret\u00e1rio da Embaixada da Rep\u00fablica de Angola, respectivamente.<\/p>\n\n\n\n<p>Vilnius, 25 de Mar\u00e7o de 2024.<\/p>\n\n\n\n<div class=\"wp-block-columns is-layout-flex wp-container-core-columns-is-layout-28f84493 wp-block-columns-is-layout-flex\">\n<div class=\"wp-block-column is-layout-flow wp-block-column-is-layout-flow\">\n<figure class=\"wp-block-image aligncenter size-full is-resized\"><img loading=\"lazy\" decoding=\"async\" width=\"800\" height=\"500\" src=\"https:\/\/embangola.pl\/wp-content\/uploads\/2024\/03\/crop_800x500_rdackus_dsc_1230.jpg\" alt=\"\" class=\"wp-image-2825\" style=\"width:1280px;height:auto\" srcset=\"https:\/\/embangola.pl\/wp-content\/uploads\/2024\/03\/crop_800x500_rdackus_dsc_1230.jpg 800w, https:\/\/embangola.pl\/wp-content\/uploads\/2024\/03\/crop_800x500_rdackus_dsc_1230-300x188.jpg 300w, https:\/\/embangola.pl\/wp-content\/uploads\/2024\/03\/crop_800x500_rdackus_dsc_1230-768x480.jpg 768w, https:\/\/embangola.pl\/wp-content\/uploads\/2024\/03\/crop_800x500_rdackus_dsc_1230-600x375.jpg 600w\" sizes=\"auto, (max-width: 800px) 100vw, 800px\" \/><\/figure>\n<\/div>\n<\/div>\n\n\n\n<p><\/p>\n<\/div>\n<\/div>\n","protected":false},"excerpt":{"rendered":"<p>No dia 25 de Mar\u00e7o de 2024, \u00e0s 13 horas locais, Sua Excel\u00eancia Manuel Pedro Chaves apresentou no Pal\u00e1cio Presidencial da Rep\u00fablica da Litu\u00e2nia, em Vilnius, as cartas credencias ao Presidente Gitanas Naus\u00e9da, que o acredita como Embaixador Extraordin\u00e1rio e Plenipotenci\u00e1rio da Rep\u00fablica de Angola neste pa\u00eds, na qualidade de Embaixador n\u00e3o residente. Durante a [&hellip;]<\/p>\n","protected":false},"author":1,"featured_media":2824,"comment_status":"closed","ping_status":"closed","sticky":false,"template":"","format":"standard","meta":{"inline_featured_image":false,"footnotes":""},"categories":[40,62,87],"tags":[],"class_list":["post-2820","post","type-post","status-publish","format-standard","has-post-thumbnail","hentry","category-actualidade","category-economia","category-politica-pt"],"acf":[],"yoast_head":"<!-- This site is optimized with the Yoast SEO plugin v19.6.1 - https:\/\/yoast.com\/wordpress\/plugins\/seo\/ -->\n<title>Angola na Litu\u00e1niia - Novo Embaixador de Angola na Litu\u00e1nia<\/title>\n<meta name=\"description\" content=\"Embaixador de Angola entrega as cartas credencias ao Presidente da Litu\u00e1nia\" \/>\n<meta name=\"robots\" content=\"index, follow, max-snippet:-1, max-image-preview:large, max-video-preview:-1\" \/>\n<link rel=\"canonical\" href=\"https:\/\/embangola.pl\/?p=2820\" \/>\n<meta property=\"og:locale\" content=\"pl_PL\" \/>\n<meta property=\"og:type\" content=\"article\" \/>\n<meta property=\"og:title\" content=\"Angola na Litu\u00e1niia - Novo Embaixador de Angola na Litu\u00e1nia\" \/>\n<meta property=\"og:description\" content=\"Embaixador de Angola entrega as cartas credencias ao Presidente da Litu\u00e1nia\" \/>\n<meta property=\"og:url\" content=\"https:\/\/embangola.pl\/?p=2820\" \/>\n<meta property=\"og:site_name\" content=\"Embaixada da Rep\u00fablica de Angola na Pol\u00f3nia, Let\u00f3nia, Est\u00f3nia e Litu\u00e2nia\" \/>\n<meta property=\"article:published_time\" content=\"2024-03-25T19:10:51+00:00\" \/>\n<meta property=\"article:modified_time\" content=\"2024-04-03T21:47:06+00:00\" \/>\n<meta property=\"og:image\" content=\"https:\/\/embangola.pl\/wp-content\/uploads\/2024\/03\/crop_800x500_rdackus_dsc_1210.jpg\" \/>\n\t<meta property=\"og:image:width\" content=\"800\" \/>\n\t<meta property=\"og:image:height\" content=\"500\" \/>\n\t<meta property=\"og:image:type\" content=\"image\/jpeg\" \/>\n<meta name=\"author\" content=\"manuka\" \/>\n<meta name=\"twitter:card\" content=\"summary_large_image\" \/>\n<meta name=\"twitter:label1\" content=\"Napisane przez\" \/>\n\t<meta name=\"twitter:data1\" content=\"manuka\" \/>\n\t<meta name=\"twitter:label2\" content=\"Szacowany czas czytania\" \/>\n\t<meta name=\"twitter:data2\" content=\"1 minuta\" \/>\n<script type=\"application\/ld+json\" class=\"yoast-schema-graph\">{\"@context\":\"https:\/\/schema.org\",\"@graph\":[{\"@type\":\"WebPage\",\"@id\":\"https:\/\/embangola.pl\/?p=2820\",\"url\":\"https:\/\/embangola.pl\/?p=2820\",\"name\":\"Angola na Litu\u00e1niia - Novo Embaixador de Angola na Litu\u00e1nia\",\"isPartOf\":{\"@id\":\"https:\/\/embangola.pl\/#website\"},\"datePublished\":\"2024-03-25T19:10:51+00:00\",\"dateModified\":\"2024-04-03T21:47:06+00:00\",\"author\":{\"@id\":\"https:\/\/embangola.pl\/#\/schema\/person\/4ba173826306d1b1b16922873bc40a54\"},\"description\":\"Embaixador de Angola entrega as cartas credencias ao Presidente da Litu\u00e1nia\",\"breadcrumb\":{\"@id\":\"https:\/\/embangola.pl\/?p=2820#breadcrumb\"},\"inLanguage\":\"pl-PL\",\"potentialAction\":[{\"@type\":\"ReadAction\",\"target\":[\"https:\/\/embangola.pl\/?p=2820\"]}]},{\"@type\":\"BreadcrumbList\",\"@id\":\"https:\/\/embangola.pl\/?p=2820#breadcrumb\",\"itemListElement\":[{\"@type\":\"ListItem\",\"position\":1,\"name\":\"Strona g\u0142\u00f3wna\",\"item\":\"https:\/\/embangola.pl\/\"},{\"@type\":\"ListItem\",\"position\":2,\"name\":\"O Embaixador Manuel Pedro Chaves apresentou no Pal\u00e1cio Presidencial da Rep\u00fablica da Litu\u00e2nia, as cartas credencias ao Presidente Gitanas Naus\u00e9da\"}]},{\"@type\":\"WebSite\",\"@id\":\"https:\/\/embangola.pl\/#website\",\"url\":\"https:\/\/embangola.pl\/\",\"name\":\"Embaixada da Rep\u00fablica de Angola na Pol\u00f3nia, Let\u00f3nia, Est\u00f3nia e Litu\u00e2nia\",\"description\":\"\",\"potentialAction\":[{\"@type\":\"SearchAction\",\"target\":{\"@type\":\"EntryPoint\",\"urlTemplate\":\"https:\/\/embangola.pl\/?s={search_term_string}\"},\"query-input\":\"required name=search_term_string\"}],\"inLanguage\":\"pl-PL\"},{\"@type\":\"Person\",\"@id\":\"https:\/\/embangola.pl\/#\/schema\/person\/4ba173826306d1b1b16922873bc40a54\",\"name\":\"manuka\",\"image\":{\"@type\":\"ImageObject\",\"inLanguage\":\"pl-PL\",\"@id\":\"https:\/\/embangola.pl\/#\/schema\/person\/image\/\",\"url\":\"https:\/\/secure.gravatar.com\/avatar\/39cd7ca736d2ea9852310febbc62e5b9a16ba7de5a8743bd6c83df4054fad5a7?s=96&d=mm&r=g\",\"contentUrl\":\"https:\/\/secure.gravatar.com\/avatar\/39cd7ca736d2ea9852310febbc62e5b9a16ba7de5a8743bd6c83df4054fad5a7?s=96&d=mm&r=g\",\"caption\":\"manuka\"},\"sameAs\":[\"https:\/\/embangola.pl\"],\"url\":\"https:\/\/embangola.pl\/?author=1\"}]}<\/script>\n<!-- \/ Yoast SEO plugin. -->","yoast_head_json":{"title":"Angola na Litu\u00e1niia - Novo Embaixador de Angola na Litu\u00e1nia","description":"Embaixador de Angola entrega as cartas credencias ao Presidente da Litu\u00e1nia","robots":{"index":"index","follow":"follow","max-snippet":"max-snippet:-1","max-image-preview":"max-image-preview:large","max-video-preview":"max-video-preview:-1"},"canonical":"https:\/\/embangola.pl\/?p=2820","og_locale":"pl_PL","og_type":"article","og_title":"Angola na Litu\u00e1niia - Novo Embaixador de Angola na Litu\u00e1nia","og_description":"Embaixador de Angola entrega as cartas credencias ao Presidente da Litu\u00e1nia","og_url":"https:\/\/embangola.pl\/?p=2820","og_site_name":"Embaixada da Rep\u00fablica de Angola na Pol\u00f3nia, Let\u00f3nia, Est\u00f3nia e Litu\u00e2nia","article_published_time":"2024-03-25T19:10:51+00:00","article_modified_time":"2024-04-03T21:47:06+00:00","og_image":[{"width":800,"height":500,"url":"https:\/\/embangola.pl\/wp-content\/uploads\/2024\/03\/crop_800x500_rdackus_dsc_1210.jpg","type":"image\/jpeg"}],"author":"manuka","twitter_card":"summary_large_image","twitter_misc":{"Napisane przez":"manuka","Szacowany czas czytania":"1 minuta"},"schema":{"@context":"https:\/\/schema.org","@graph":[{"@type":"WebPage","@id":"https:\/\/embangola.pl\/?p=2820","url":"https:\/\/embangola.pl\/?p=2820","name":"Angola na Litu\u00e1niia - Novo Embaixador de Angola na Litu\u00e1nia","isPartOf":{"@id":"https:\/\/embangola.pl\/#website"},"datePublished":"2024-03-25T19:10:51+00:00","dateModified":"2024-04-03T21:47:06+00:00","author":{"@id":"https:\/\/embangola.pl\/#\/schema\/person\/4ba173826306d1b1b16922873bc40a54"},"description":"Embaixador de Angola entrega as cartas credencias ao Presidente da Litu\u00e1nia","breadcrumb":{"@id":"https:\/\/embangola.pl\/?p=2820#breadcrumb"},"inLanguage":"pl-PL","potentialAction":[{"@type":"ReadAction","target":["https:\/\/embangola.pl\/?p=2820"]}]},{"@type":"BreadcrumbList","@id":"https:\/\/embangola.pl\/?p=2820#breadcrumb","itemListElement":[{"@type":"ListItem","position":1,"name":"Strona g\u0142\u00f3wna","item":"https:\/\/embangola.pl\/"},{"@type":"ListItem","position":2,"name":"O Embaixador Manuel Pedro Chaves apresentou no Pal\u00e1cio Presidencial da Rep\u00fablica da Litu\u00e2nia, as cartas credencias ao Presidente Gitanas Naus\u00e9da"}]},{"@type":"WebSite","@id":"https:\/\/embangola.pl\/#website","url":"https:\/\/embangola.pl\/","name":"Embaixada da Rep\u00fablica de Angola na Pol\u00f3nia, Let\u00f3nia, Est\u00f3nia e Litu\u00e2nia","description":"","potentialAction":[{"@type":"SearchAction","target":{"@type":"EntryPoint","urlTemplate":"https:\/\/embangola.pl\/?s={search_term_string}"},"query-input":"required name=search_term_string"}],"inLanguage":"pl-PL"},{"@type":"Person","@id":"https:\/\/embangola.pl\/#\/schema\/person\/4ba173826306d1b1b16922873bc40a54","name":"manuka","image":{"@type":"ImageObject","inLanguage":"pl-PL","@id":"https:\/\/embangola.pl\/#\/schema\/person\/image\/","url":"https:\/\/secure.gravatar.com\/avatar\/39cd7ca736d2ea9852310febbc62e5b9a16ba7de5a8743bd6c83df4054fad5a7?s=96&d=mm&r=g","contentUrl":"https:\/\/secure.gravatar.com\/avatar\/39cd7ca736d2ea9852310febbc62e5b9a16ba7de5a8743bd6c83df4054fad5a7?s=96&d=mm&r=g","caption":"manuka"},"sameAs":["https:\/\/embangola.pl"],"url":"https:\/\/embangola.pl\/?author=1"}]}},"_links":{"self":[{"href":"https:\/\/embangola.pl\/index.php?rest_route=\/wp\/v2\/posts\/2820","targetHints":{"allow":["GET"]}}],"collection":[{"href":"https:\/\/embangola.pl\/index.php?rest_route=\/wp\/v2\/posts"}],"about":[{"href":"https:\/\/embangola.pl\/index.php?rest_route=\/wp\/v2\/types\/post"}],"author":[{"embeddable":true,"href":"https:\/\/embangola.pl\/index.php?rest_route=\/wp\/v2\/users\/1"}],"replies":[{"embeddable":true,"href":"https:\/\/embangola.pl\/index.php?rest_route=%2Fwp%2Fv2%2Fcomments&post=2820"}],"version-history":[{"count":4,"href":"https:\/\/embangola.pl\/index.php?rest_route=\/wp\/v2\/posts\/2820\/revisions"}],"predecessor-version":[{"id":2828,"href":"https:\/\/embangola.pl\/index.php?rest_route=\/wp\/v2\/posts\/2820\/revisions\/2828"}],"wp:featuredmedia":[{"embeddable":true,"href":"https:\/\/embangola.pl\/index.php?rest_route=\/wp\/v2\/media\/2824"}],"wp:attachment":[{"href":"https:\/\/embangola.pl\/index.php?rest_route=%2Fwp%2Fv2%2Fmedia&parent=2820"}],"wp:term":[{"taxonomy":"category","embeddable":true,"href":"https:\/\/embangola.pl\/index.php?rest_route=%2Fwp%2Fv2%2Fcategories&post=2820"},{"taxonomy":"post_tag","embeddable":true,"href":"https:\/\/embangola.pl\/index.php?rest_route=%2Fwp%2Fv2%2Ftags&post=2820"}],"curies":[{"name":"wp","href":"https:\/\/api.w.org\/{rel}","templated":true}]}}