{"id":2727,"date":"2024-03-07T18:38:20","date_gmt":"2024-03-07T17:38:20","guid":{"rendered":"http:\/\/embangola.pl\/?p=2727"},"modified":"2024-03-07T18:38:22","modified_gmt":"2024-03-07T17:38:22","slug":"presidente-da-estonia-em-luanda","status":"publish","type":"post","link":"https:\/\/embangola.pl\/?p=2727","title":{"rendered":"Chefe de Estado da Est\u00f3nia chega a Luanda"},"content":{"rendered":"\n<div class=\"wp-block-columns is-layout-flex wp-container-core-columns-is-layout-28f84493 wp-block-columns-is-layout-flex\">\n<div class=\"wp-block-column is-layout-flow wp-block-column-is-layout-flow\">\n<figure class=\"wp-block-image aligncenter size-large is-resized\"><img loading=\"lazy\" decoding=\"async\" width=\"1024\" height=\"658\" src=\"https:\/\/embangola.pl\/wp-content\/uploads\/2024\/03\/Presidente-da-Estonia-em-Angola-1-1024x658.webp\" alt=\"Chefe de Estado da Estonia encontra-se em Luanda\" class=\"wp-image-2730\" style=\"width:1310px;height:auto\" srcset=\"https:\/\/embangola.pl\/wp-content\/uploads\/2024\/03\/Presidente-da-Estonia-em-Angola-1-1024x658.webp 1024w, https:\/\/embangola.pl\/wp-content\/uploads\/2024\/03\/Presidente-da-Estonia-em-Angola-1-300x193.webp 300w, https:\/\/embangola.pl\/wp-content\/uploads\/2024\/03\/Presidente-da-Estonia-em-Angola-1-768x494.webp 768w, https:\/\/embangola.pl\/wp-content\/uploads\/2024\/03\/Presidente-da-Estonia-em-Angola-1-1536x988.webp 1536w, https:\/\/embangola.pl\/wp-content\/uploads\/2024\/03\/Presidente-da-Estonia-em-Angola-1-600x386.webp 600w, https:\/\/embangola.pl\/wp-content\/uploads\/2024\/03\/Presidente-da-Estonia-em-Angola-1-1200x772.webp 1200w, https:\/\/embangola.pl\/wp-content\/uploads\/2024\/03\/Presidente-da-Estonia-em-Angola-1-1500x965.webp 1500w, https:\/\/embangola.pl\/wp-content\/uploads\/2024\/03\/Presidente-da-Estonia-em-Angola-1.webp 2000w\" sizes=\"auto, (max-width: 1024px) 100vw, 1024px\" \/><\/figure>\n<\/div>\n<\/div>\n\n\n\n<p><\/p>\n\n\n\n<div class=\"wp-block-columns is-layout-flex wp-container-core-columns-is-layout-28f84493 wp-block-columns-is-layout-flex\">\n<div class=\"wp-block-column is-layout-flow wp-block-column-is-layout-flow\">\n<p>Luanda &#8211; O Presidente da Rep\u00fablica da Est\u00f3nia, Alar Karis, chegou esta quinta-feira a Luanda, para uma visita oficial de 48 horas a Angola, a convite do chefe de Estado, Jo\u00e3o Louren\u00e7o, no quadro do refor\u00e7o das rela\u00e7\u00f5es de coopera\u00e7\u00e3o entre os dois pa\u00edses.<\/p>\n\n\n\n<p>No Aeroporto Internacional 4 de Fevereiro, Alar Karis, acompanhado da primeira-dama est\u00f3nia, Sirje Karis, recebeu cumprimentos de boas vindas do ministro das Rela\u00e7\u00f5es Exteriores, T\u00e9te Ant\u00f3nio, entre outras individualidades presentes.<\/p>\n\n\n\n<p>A&nbsp;&nbsp;agenda de trabalho prev\u00ea, entre outros assuntos, um encontro com seu hom\u00f3logo angolano, Jo\u00e3o Louren\u00e7o, uma visita ao Memorial Dr. Ant\u00f3nio Agostinho Neto, onde vai depositar uma coroa de flores no sarc\u00f3fago em homenagem ao Fundador da Na\u00e7\u00e3o, bem como a&nbsp;participa\u00e7\u00e3o&nbsp; do semin\u00e1rio executivo sobre Governo Digital, promovido pelo Instituto de Moderniza\u00e7\u00e3o Administrativa (IMA).<\/p>\n\n\n\n<p><strong>Coopera\u00e7\u00e3o<\/strong><\/p>\n\n\n\n<p>Angola e a Est\u00f3nia estabeleceram rela\u00e7\u00f5es de coopera\u00e7\u00e3o bilateral em 1991, ap\u00f3s o desmembramento da antiga Uni\u00e3o das Rep\u00fablicas Socialistas Sovi\u00e9ticas (URSS), no ano em que este pa\u00eds da Europa proclamou a sua independ\u00eancia.<\/p>\n\n\n\n<p>H\u00e1 sensivelmente oito dias, o embaixador angolano Manuel Chaves apresentou as cartas credenciais ao Presidente da Est\u00f3nia, Alar Karis, em cerim\u00f3nia realizada no Pal\u00e1cio Presidencial, em Tallin.<\/p>\n\n\n\n<p>Depois da acredita\u00e7\u00e3o, Manuel Chaves foi recebido pela conselheira do Presidente para a Pol\u00edtica Externa, Celia Kuningas, com quem abordou quest\u00f5es relacionadas com o estreitamento das rela\u00e7\u00f5es bilaterais entre Angola e a Est\u00f3nia, sobretudo nos dom\u00ednios da Digitaliza\u00e7\u00e3o Administrativa, Educa\u00e7\u00e3o, Sa\u00fade e Agricultura.<\/p>\n\n\n\n<p>Os dois pa\u00edses assinaram, em Abril do ano passado, na cidade de Tallin, um Memorando de Entendimento para refor\u00e7ar a coopera\u00e7\u00e3o bilateral&nbsp; em mat\u00e9ria de governa\u00e7\u00e3o digital e moderniza\u00e7\u00e3o administrativa.<\/p>\n\n\n\n<p>A Est\u00f3nia \u00e9 um pequeno pa\u00eds do B\u00e1ltico com uma popula\u00e7\u00e3o de apenas 1,3 milh\u00f5es de habitantes. Apesar das suas dimens\u00f5es modestas, \u00e9 frequentemente citado como um exemplo de lideran\u00e7a em governa\u00e7\u00e3o&nbsp;digital. VIC<\/p>\n<\/div>\n<\/div>\n\n\n\n<p><\/p>\n","protected":false},"excerpt":{"rendered":"<p>Luanda &#8211; O Presidente da Rep\u00fablica da Est\u00f3nia, Alar Karis, chegou esta quinta-feira a Luanda, para uma visita oficial de 48 horas a Angola, a convite do chefe de Estado, Jo\u00e3o Louren\u00e7o, no quadro do refor\u00e7o das rela\u00e7\u00f5es de coopera\u00e7\u00e3o entre os dois pa\u00edses. No Aeroporto Internacional 4 de Fevereiro, Alar Karis, acompanhado da primeira-dama [&hellip;]<\/p>\n","protected":false},"author":1,"featured_media":2728,"comment_status":"open","ping_status":"open","sticky":false,"template":"","format":"standard","meta":{"inline_featured_image":false,"footnotes":""},"categories":[40,62],"tags":[],"class_list":["post-2727","post","type-post","status-publish","format-standard","has-post-thumbnail","hentry","category-actualidade","category-economia"],"acf":[],"yoast_head":"<!-- This site is optimized with the Yoast SEO plugin v19.6.1 - https:\/\/yoast.com\/wordpress\/plugins\/seo\/ -->\n<title>Chefe de Estado da Est\u00f3nia chega a Luanda - Embaixada da Rep\u00fablica de Angola na Pol\u00f3nia, Let\u00f3nia, Est\u00f3nia e Litu\u00e2nia<\/title>\n<meta name=\"robots\" content=\"index, follow, max-snippet:-1, max-image-preview:large, max-video-preview:-1\" \/>\n<link rel=\"canonical\" href=\"https:\/\/embangola.pl\/?p=2727\" \/>\n<meta property=\"og:locale\" content=\"pl_PL\" \/>\n<meta property=\"og:type\" content=\"article\" \/>\n<meta property=\"og:title\" content=\"Chefe de Estado da Est\u00f3nia chega a Luanda - Embaixada da Rep\u00fablica de Angola na Pol\u00f3nia, Let\u00f3nia, Est\u00f3nia e Litu\u00e2nia\" \/>\n<meta property=\"og:description\" content=\"Luanda &#8211; O Presidente da Rep\u00fablica da Est\u00f3nia, Alar Karis, chegou esta quinta-feira a Luanda, para uma visita oficial de 48 horas a Angola, a convite do chefe de Estado, Jo\u00e3o Louren\u00e7o, no quadro do refor\u00e7o das rela\u00e7\u00f5es de coopera\u00e7\u00e3o entre os dois pa\u00edses. No Aeroporto Internacional 4 de Fevereiro, Alar Karis, acompanhado da primeira-dama [&hellip;]\" \/>\n<meta property=\"og:url\" content=\"https:\/\/embangola.pl\/?p=2727\" \/>\n<meta property=\"og:site_name\" content=\"Embaixada da Rep\u00fablica de Angola na Pol\u00f3nia, Let\u00f3nia, Est\u00f3nia e Litu\u00e2nia\" \/>\n<meta property=\"article:published_time\" content=\"2024-03-07T17:38:20+00:00\" \/>\n<meta property=\"article:modified_time\" content=\"2024-03-07T17:38:22+00:00\" \/>\n<meta property=\"og:image\" content=\"https:\/\/embangola.pl\/wp-content\/uploads\/2024\/03\/Presidente-da-Estonia-em-Angola.webp\" \/>\n\t<meta property=\"og:image:width\" content=\"2000\" \/>\n\t<meta property=\"og:image:height\" content=\"1286\" \/>\n\t<meta property=\"og:image:type\" content=\"image\/webp\" \/>\n<meta name=\"author\" content=\"manuka\" \/>\n<meta name=\"twitter:card\" content=\"summary_large_image\" \/>\n<meta name=\"twitter:label1\" content=\"Napisane przez\" \/>\n\t<meta name=\"twitter:data1\" content=\"manuka\" \/>\n\t<meta name=\"twitter:label2\" content=\"Szacowany czas czytania\" \/>\n\t<meta name=\"twitter:data2\" content=\"2 minuty\" \/>\n<script type=\"application\/ld+json\" class=\"yoast-schema-graph\">{\"@context\":\"https:\/\/schema.org\",\"@graph\":[{\"@type\":\"WebPage\",\"@id\":\"https:\/\/embangola.pl\/?p=2727\",\"url\":\"https:\/\/embangola.pl\/?p=2727\",\"name\":\"Chefe de Estado da Est\u00f3nia chega a Luanda - Embaixada da Rep\u00fablica de Angola na Pol\u00f3nia, Let\u00f3nia, Est\u00f3nia e Litu\u00e2nia\",\"isPartOf\":{\"@id\":\"https:\/\/embangola.pl\/#website\"},\"datePublished\":\"2024-03-07T17:38:20+00:00\",\"dateModified\":\"2024-03-07T17:38:22+00:00\",\"author\":{\"@id\":\"https:\/\/embangola.pl\/#\/schema\/person\/4ba173826306d1b1b16922873bc40a54\"},\"breadcrumb\":{\"@id\":\"https:\/\/embangola.pl\/?p=2727#breadcrumb\"},\"inLanguage\":\"pl-PL\",\"potentialAction\":[{\"@type\":\"ReadAction\",\"target\":[\"https:\/\/embangola.pl\/?p=2727\"]}]},{\"@type\":\"BreadcrumbList\",\"@id\":\"https:\/\/embangola.pl\/?p=2727#breadcrumb\",\"itemListElement\":[{\"@type\":\"ListItem\",\"position\":1,\"name\":\"Strona g\u0142\u00f3wna\",\"item\":\"https:\/\/embangola.pl\/\"},{\"@type\":\"ListItem\",\"position\":2,\"name\":\"Chefe de Estado da Est\u00f3nia chega a Luanda\"}]},{\"@type\":\"WebSite\",\"@id\":\"https:\/\/embangola.pl\/#website\",\"url\":\"https:\/\/embangola.pl\/\",\"name\":\"Embaixada da Rep\u00fablica de Angola na Pol\u00f3nia, Let\u00f3nia, Est\u00f3nia e Litu\u00e2nia\",\"description\":\"\",\"potentialAction\":[{\"@type\":\"SearchAction\",\"target\":{\"@type\":\"EntryPoint\",\"urlTemplate\":\"https:\/\/embangola.pl\/?s={search_term_string}\"},\"query-input\":\"required name=search_term_string\"}],\"inLanguage\":\"pl-PL\"},{\"@type\":\"Person\",\"@id\":\"https:\/\/embangola.pl\/#\/schema\/person\/4ba173826306d1b1b16922873bc40a54\",\"name\":\"manuka\",\"image\":{\"@type\":\"ImageObject\",\"inLanguage\":\"pl-PL\",\"@id\":\"https:\/\/embangola.pl\/#\/schema\/person\/image\/\",\"url\":\"https:\/\/secure.gravatar.com\/avatar\/39cd7ca736d2ea9852310febbc62e5b9a16ba7de5a8743bd6c83df4054fad5a7?s=96&d=mm&r=g\",\"contentUrl\":\"https:\/\/secure.gravatar.com\/avatar\/39cd7ca736d2ea9852310febbc62e5b9a16ba7de5a8743bd6c83df4054fad5a7?s=96&d=mm&r=g\",\"caption\":\"manuka\"},\"sameAs\":[\"https:\/\/embangola.pl\"],\"url\":\"https:\/\/embangola.pl\/?author=1\"}]}<\/script>\n<!-- \/ Yoast SEO plugin. -->","yoast_head_json":{"title":"Chefe de Estado da Est\u00f3nia chega a Luanda - Embaixada da Rep\u00fablica de Angola na Pol\u00f3nia, Let\u00f3nia, Est\u00f3nia e Litu\u00e2nia","robots":{"index":"index","follow":"follow","max-snippet":"max-snippet:-1","max-image-preview":"max-image-preview:large","max-video-preview":"max-video-preview:-1"},"canonical":"https:\/\/embangola.pl\/?p=2727","og_locale":"pl_PL","og_type":"article","og_title":"Chefe de Estado da Est\u00f3nia chega a Luanda - Embaixada da Rep\u00fablica de Angola na Pol\u00f3nia, Let\u00f3nia, Est\u00f3nia e Litu\u00e2nia","og_description":"Luanda &#8211; O Presidente da Rep\u00fablica da Est\u00f3nia, Alar Karis, chegou esta quinta-feira a Luanda, para uma visita oficial de 48 horas a Angola, a convite do chefe de Estado, Jo\u00e3o Louren\u00e7o, no quadro do refor\u00e7o das rela\u00e7\u00f5es de coopera\u00e7\u00e3o entre os dois pa\u00edses. No Aeroporto Internacional 4 de Fevereiro, Alar Karis, acompanhado da primeira-dama [&hellip;]","og_url":"https:\/\/embangola.pl\/?p=2727","og_site_name":"Embaixada da Rep\u00fablica de Angola na Pol\u00f3nia, Let\u00f3nia, Est\u00f3nia e Litu\u00e2nia","article_published_time":"2024-03-07T17:38:20+00:00","article_modified_time":"2024-03-07T17:38:22+00:00","og_image":[{"width":2000,"height":1286,"url":"https:\/\/embangola.pl\/wp-content\/uploads\/2024\/03\/Presidente-da-Estonia-em-Angola.webp","type":"image\/webp"}],"author":"manuka","twitter_card":"summary_large_image","twitter_misc":{"Napisane przez":"manuka","Szacowany czas czytania":"2 minuty"},"schema":{"@context":"https:\/\/schema.org","@graph":[{"@type":"WebPage","@id":"https:\/\/embangola.pl\/?p=2727","url":"https:\/\/embangola.pl\/?p=2727","name":"Chefe de Estado da Est\u00f3nia chega a Luanda - Embaixada da Rep\u00fablica de Angola na Pol\u00f3nia, Let\u00f3nia, Est\u00f3nia e Litu\u00e2nia","isPartOf":{"@id":"https:\/\/embangola.pl\/#website"},"datePublished":"2024-03-07T17:38:20+00:00","dateModified":"2024-03-07T17:38:22+00:00","author":{"@id":"https:\/\/embangola.pl\/#\/schema\/person\/4ba173826306d1b1b16922873bc40a54"},"breadcrumb":{"@id":"https:\/\/embangola.pl\/?p=2727#breadcrumb"},"inLanguage":"pl-PL","potentialAction":[{"@type":"ReadAction","target":["https:\/\/embangola.pl\/?p=2727"]}]},{"@type":"BreadcrumbList","@id":"https:\/\/embangola.pl\/?p=2727#breadcrumb","itemListElement":[{"@type":"ListItem","position":1,"name":"Strona g\u0142\u00f3wna","item":"https:\/\/embangola.pl\/"},{"@type":"ListItem","position":2,"name":"Chefe de Estado da Est\u00f3nia chega a Luanda"}]},{"@type":"WebSite","@id":"https:\/\/embangola.pl\/#website","url":"https:\/\/embangola.pl\/","name":"Embaixada da Rep\u00fablica de Angola na Pol\u00f3nia, Let\u00f3nia, Est\u00f3nia e Litu\u00e2nia","description":"","potentialAction":[{"@type":"SearchAction","target":{"@type":"EntryPoint","urlTemplate":"https:\/\/embangola.pl\/?s={search_term_string}"},"query-input":"required name=search_term_string"}],"inLanguage":"pl-PL"},{"@type":"Person","@id":"https:\/\/embangola.pl\/#\/schema\/person\/4ba173826306d1b1b16922873bc40a54","name":"manuka","image":{"@type":"ImageObject","inLanguage":"pl-PL","@id":"https:\/\/embangola.pl\/#\/schema\/person\/image\/","url":"https:\/\/secure.gravatar.com\/avatar\/39cd7ca736d2ea9852310febbc62e5b9a16ba7de5a8743bd6c83df4054fad5a7?s=96&d=mm&r=g","contentUrl":"https:\/\/secure.gravatar.com\/avatar\/39cd7ca736d2ea9852310febbc62e5b9a16ba7de5a8743bd6c83df4054fad5a7?s=96&d=mm&r=g","caption":"manuka"},"sameAs":["https:\/\/embangola.pl"],"url":"https:\/\/embangola.pl\/?author=1"}]}},"_links":{"self":[{"href":"https:\/\/embangola.pl\/index.php?rest_route=\/wp\/v2\/posts\/2727","targetHints":{"allow":["GET"]}}],"collection":[{"href":"https:\/\/embangola.pl\/index.php?rest_route=\/wp\/v2\/posts"}],"about":[{"href":"https:\/\/embangola.pl\/index.php?rest_route=\/wp\/v2\/types\/post"}],"author":[{"embeddable":true,"href":"https:\/\/embangola.pl\/index.php?rest_route=\/wp\/v2\/users\/1"}],"replies":[{"embeddable":true,"href":"https:\/\/embangola.pl\/index.php?rest_route=%2Fwp%2Fv2%2Fcomments&post=2727"}],"version-history":[{"count":3,"href":"https:\/\/embangola.pl\/index.php?rest_route=\/wp\/v2\/posts\/2727\/revisions"}],"predecessor-version":[{"id":2732,"href":"https:\/\/embangola.pl\/index.php?rest_route=\/wp\/v2\/posts\/2727\/revisions\/2732"}],"wp:featuredmedia":[{"embeddable":true,"href":"https:\/\/embangola.pl\/index.php?rest_route=\/wp\/v2\/media\/2728"}],"wp:attachment":[{"href":"https:\/\/embangola.pl\/index.php?rest_route=%2Fwp%2Fv2%2Fmedia&parent=2727"}],"wp:term":[{"taxonomy":"category","embeddable":true,"href":"https:\/\/embangola.pl\/index.php?rest_route=%2Fwp%2Fv2%2Fcategories&post=2727"},{"taxonomy":"post_tag","embeddable":true,"href":"https:\/\/embangola.pl\/index.php?rest_route=%2Fwp%2Fv2%2Ftags&post=2727"}],"curies":[{"name":"wp","href":"https:\/\/api.w.org\/{rel}","templated":true}]}}