{"id":2611,"date":"2024-01-29T10:30:35","date_gmt":"2024-01-29T09:30:35","guid":{"rendered":"https:\/\/embangola.pl\/?p=2611"},"modified":"2024-02-01T12:31:44","modified_gmt":"2024-02-01T11:31:44","slug":"embaixador-extraordinario-e-plenipotenciario-da-republica-de-angola-na-polonia-recebido-pela-directora-do-protocolo-diplomatico","status":"publish","type":"post","link":"https:\/\/embangola.pl\/?p=2611","title":{"rendered":"Embaixador de Angola na Pol\u00f3nia recebido pela Directora do Protocolo Diplom\u00e1tico"},"content":{"rendered":"\n<p><strong>Embaixador Extraordin\u00e1rio e&nbsp; Plenipotenci\u00e1rio da Rep\u00fablica de Angola na Pol\u00f3nia recebido em audi\u00eancia pela Directora do Protocolo Diplom\u00e1tico do Minist\u00e9rio dos Neg\u00f3cios Estrangeiros da Rep\u00fablica da Pol\u00f3nia. <\/strong><\/p>\n\n\n\n<div class=\"wp-block-columns is-layout-flex wp-container-core-columns-is-layout-28f84493 wp-block-columns-is-layout-flex\">\n<div class=\"wp-block-column is-layout-flow wp-block-column-is-layout-flow\">\n<figure class=\"wp-block-image aligncenter size-large is-resized\"><img loading=\"lazy\" decoding=\"async\" width=\"942\" height=\"1024\" src=\"https:\/\/embangola.pl\/wp-content\/uploads\/2024\/02\/Encontro-com-a-Directora-do-Protocolo-Diplomatico-e1706781651523-942x1024.jpg\" alt=\"\" class=\"wp-image-2612\" style=\"width:942px;height:auto\" srcset=\"https:\/\/embangola.pl\/wp-content\/uploads\/2024\/02\/Encontro-com-a-Directora-do-Protocolo-Diplomatico-e1706781651523-942x1024.jpg 942w, https:\/\/embangola.pl\/wp-content\/uploads\/2024\/02\/Encontro-com-a-Directora-do-Protocolo-Diplomatico-e1706781651523-276x300.jpg 276w, https:\/\/embangola.pl\/wp-content\/uploads\/2024\/02\/Encontro-com-a-Directora-do-Protocolo-Diplomatico-e1706781651523-768x835.jpg 768w, https:\/\/embangola.pl\/wp-content\/uploads\/2024\/02\/Encontro-com-a-Directora-do-Protocolo-Diplomatico-e1706781651523-600x652.jpg 600w, https:\/\/embangola.pl\/wp-content\/uploads\/2024\/02\/Encontro-com-a-Directora-do-Protocolo-Diplomatico-e1706781651523-1200x1305.jpg 1200w, https:\/\/embangola.pl\/wp-content\/uploads\/2024\/02\/Encontro-com-a-Directora-do-Protocolo-Diplomatico-e1706781651523.jpg 1396w\" sizes=\"auto, (max-width: 942px) 100vw, 942px\" \/><figcaption class=\"wp-element-caption\"><sup><strong>Senhor Embaixador da Rep\u00fablica de Angola na Pol\u00f3nia Manuel Pedro Chaves e a Senhora Directora do Protocolo Diplom\u00e1tico Embaixadora Irena Augustyn<\/strong><\/sup><\/figcaption><\/figure>\n\n\n\n<p>No dia 24 de Janeiro de 2024 Sua Excel\u00eancia Embaixador Extraordin\u00e1rio e Plenipotenci\u00e1rio da Rep\u00fablica de Angola na Pol\u00f3nia Manuel Pedro Chaves foi recebido em audi\u00eancia pela Directora do Protocolo Diplom\u00e1tico do Minist\u00e9rio dos Neg\u00f3cios Estrangeiros da Rep\u00fablica da Pol\u00f3nia, Sua Excel\u00eancia Embaixadora Irena Lichnerowicz-Augustyn, para abordar assuntos de interesse m\u00fatuo sobre a coopera\u00e7\u00e3o entre a Rep\u00fablica de Angola e a Rep\u00fablica da Pol\u00f3nia.<\/p>\n\n\n\n<p>As rela\u00e7\u00f5es diplom\u00e1ticas entre a Rep\u00fablica de Angola e a Rep\u00fablica da Pol\u00f3nia foram oficialmente formalizadas no dia 21 de Novembro de 1975. Desde ent\u00e3o, a coopera\u00e7\u00e3o entre os dois pa\u00edses \u00e9 vis\u00edvel em v\u00e1rios sectores, com destaque para o Ensino Superior, com a constru\u00e7\u00e3o da Academia de Pescas e Ci\u00eancias do Mar, actualmente Universidade do Namibe, erguida em resultado do financiamento do Governo Polaco, a t\u00edtulo de empr\u00e9stimo ao Governo Angolano, considerado o maior investimento polaco na \u00c1frica Subsaariana.<\/p>\n<\/div>\n<\/div>\n","protected":false},"excerpt":{"rendered":"<p>Embaixador Extraordin\u00e1rio e&nbsp; Plenipotenci\u00e1rio da Rep\u00fablica de Angola na Pol\u00f3nia recebido em audi\u00eancia pela Directora do Protocolo Diplom\u00e1tico do Minist\u00e9rio dos Neg\u00f3cios Estrangeiros da Rep\u00fablica da Pol\u00f3nia. No dia 24 de Janeiro de 2024 Sua Excel\u00eancia Embaixador Extraordin\u00e1rio e Plenipotenci\u00e1rio da Rep\u00fablica de Angola na Pol\u00f3nia Manuel Pedro Chaves foi recebido em audi\u00eancia pela Directora [&hellip;]<\/p>\n","protected":false},"author":1,"featured_media":2612,"comment_status":"closed","ping_status":"closed","sticky":false,"template":"","format":"standard","meta":{"inline_featured_image":false,"footnotes":""},"categories":[40,87],"tags":[],"class_list":["post-2611","post","type-post","status-publish","format-standard","has-post-thumbnail","hentry","category-actualidade","category-politica-pt"],"acf":[],"yoast_head":"<!-- This site is optimized with the Yoast SEO plugin v19.6.1 - https:\/\/yoast.com\/wordpress\/plugins\/seo\/ -->\n<title>Embaixador de Angola na Pol\u00f3nia recebido pela Directora do Protocolo Diplom\u00e1tico - Embaixada da Rep\u00fablica de Angola na Pol\u00f3nia, Let\u00f3nia, Est\u00f3nia e Litu\u00e2nia<\/title>\n<meta name=\"robots\" content=\"index, follow, max-snippet:-1, max-image-preview:large, max-video-preview:-1\" \/>\n<link rel=\"canonical\" href=\"https:\/\/embangola.pl\/?p=2611\" \/>\n<meta property=\"og:locale\" content=\"pl_PL\" \/>\n<meta property=\"og:type\" content=\"article\" \/>\n<meta property=\"og:title\" content=\"Embaixador de Angola na Pol\u00f3nia recebido pela Directora do Protocolo Diplom\u00e1tico - Embaixada da Rep\u00fablica de Angola na Pol\u00f3nia, Let\u00f3nia, Est\u00f3nia e Litu\u00e2nia\" \/>\n<meta property=\"og:description\" content=\"Embaixador Extraordin\u00e1rio e&nbsp; Plenipotenci\u00e1rio da Rep\u00fablica de Angola na Pol\u00f3nia recebido em audi\u00eancia pela Directora do Protocolo Diplom\u00e1tico do Minist\u00e9rio dos Neg\u00f3cios Estrangeiros da Rep\u00fablica da Pol\u00f3nia. No dia 24 de Janeiro de 2024 Sua Excel\u00eancia Embaixador Extraordin\u00e1rio e Plenipotenci\u00e1rio da Rep\u00fablica de Angola na Pol\u00f3nia Manuel Pedro Chaves foi recebido em audi\u00eancia pela Directora [&hellip;]\" \/>\n<meta property=\"og:url\" content=\"https:\/\/embangola.pl\/?p=2611\" \/>\n<meta property=\"og:site_name\" content=\"Embaixada da Rep\u00fablica de Angola na Pol\u00f3nia, Let\u00f3nia, Est\u00f3nia e Litu\u00e2nia\" \/>\n<meta property=\"article:published_time\" content=\"2024-01-29T09:30:35+00:00\" \/>\n<meta property=\"article:modified_time\" content=\"2024-02-01T11:31:44+00:00\" \/>\n<meta property=\"og:image\" content=\"https:\/\/embangola.pl\/wp-content\/uploads\/2024\/02\/Encontro-com-a-Directora-do-Protocolo-Diplomatico-e1706781651523.jpg\" \/>\n\t<meta property=\"og:image:width\" content=\"1396\" \/>\n\t<meta property=\"og:image:height\" content=\"1518\" \/>\n\t<meta property=\"og:image:type\" content=\"image\/jpeg\" \/>\n<meta name=\"author\" content=\"manuka\" \/>\n<meta name=\"twitter:card\" content=\"summary_large_image\" \/>\n<meta name=\"twitter:label1\" content=\"Napisane przez\" \/>\n\t<meta name=\"twitter:data1\" content=\"manuka\" \/>\n\t<meta name=\"twitter:label2\" content=\"Szacowany czas czytania\" \/>\n\t<meta name=\"twitter:data2\" content=\"1 minuta\" \/>\n<script type=\"application\/ld+json\" class=\"yoast-schema-graph\">{\"@context\":\"https:\/\/schema.org\",\"@graph\":[{\"@type\":\"WebPage\",\"@id\":\"https:\/\/embangola.pl\/?p=2611\",\"url\":\"https:\/\/embangola.pl\/?p=2611\",\"name\":\"Embaixador de Angola na Pol\u00f3nia recebido pela Directora do Protocolo Diplom\u00e1tico - Embaixada da Rep\u00fablica de Angola na Pol\u00f3nia, Let\u00f3nia, Est\u00f3nia e Litu\u00e2nia\",\"isPartOf\":{\"@id\":\"https:\/\/embangola.pl\/#website\"},\"datePublished\":\"2024-01-29T09:30:35+00:00\",\"dateModified\":\"2024-02-01T11:31:44+00:00\",\"author\":{\"@id\":\"https:\/\/embangola.pl\/#\/schema\/person\/4ba173826306d1b1b16922873bc40a54\"},\"breadcrumb\":{\"@id\":\"https:\/\/embangola.pl\/?p=2611#breadcrumb\"},\"inLanguage\":\"pl-PL\",\"potentialAction\":[{\"@type\":\"ReadAction\",\"target\":[\"https:\/\/embangola.pl\/?p=2611\"]}]},{\"@type\":\"BreadcrumbList\",\"@id\":\"https:\/\/embangola.pl\/?p=2611#breadcrumb\",\"itemListElement\":[{\"@type\":\"ListItem\",\"position\":1,\"name\":\"Strona g\u0142\u00f3wna\",\"item\":\"https:\/\/embangola.pl\/\"},{\"@type\":\"ListItem\",\"position\":2,\"name\":\"Embaixador de Angola na Pol\u00f3nia recebido pela Directora do Protocolo Diplom\u00e1tico\"}]},{\"@type\":\"WebSite\",\"@id\":\"https:\/\/embangola.pl\/#website\",\"url\":\"https:\/\/embangola.pl\/\",\"name\":\"Embaixada da Rep\u00fablica de Angola na Pol\u00f3nia, Let\u00f3nia, Est\u00f3nia e Litu\u00e2nia\",\"description\":\"\",\"potentialAction\":[{\"@type\":\"SearchAction\",\"target\":{\"@type\":\"EntryPoint\",\"urlTemplate\":\"https:\/\/embangola.pl\/?s={search_term_string}\"},\"query-input\":\"required name=search_term_string\"}],\"inLanguage\":\"pl-PL\"},{\"@type\":\"Person\",\"@id\":\"https:\/\/embangola.pl\/#\/schema\/person\/4ba173826306d1b1b16922873bc40a54\",\"name\":\"manuka\",\"image\":{\"@type\":\"ImageObject\",\"inLanguage\":\"pl-PL\",\"@id\":\"https:\/\/embangola.pl\/#\/schema\/person\/image\/\",\"url\":\"https:\/\/secure.gravatar.com\/avatar\/39cd7ca736d2ea9852310febbc62e5b9a16ba7de5a8743bd6c83df4054fad5a7?s=96&d=mm&r=g\",\"contentUrl\":\"https:\/\/secure.gravatar.com\/avatar\/39cd7ca736d2ea9852310febbc62e5b9a16ba7de5a8743bd6c83df4054fad5a7?s=96&d=mm&r=g\",\"caption\":\"manuka\"},\"sameAs\":[\"https:\/\/embangola.pl\"],\"url\":\"https:\/\/embangola.pl\/?author=1\"}]}<\/script>\n<!-- \/ Yoast SEO plugin. -->","yoast_head_json":{"title":"Embaixador de Angola na Pol\u00f3nia recebido pela Directora do Protocolo Diplom\u00e1tico - Embaixada da Rep\u00fablica de Angola na Pol\u00f3nia, Let\u00f3nia, Est\u00f3nia e Litu\u00e2nia","robots":{"index":"index","follow":"follow","max-snippet":"max-snippet:-1","max-image-preview":"max-image-preview:large","max-video-preview":"max-video-preview:-1"},"canonical":"https:\/\/embangola.pl\/?p=2611","og_locale":"pl_PL","og_type":"article","og_title":"Embaixador de Angola na Pol\u00f3nia recebido pela Directora do Protocolo Diplom\u00e1tico - Embaixada da Rep\u00fablica de Angola na Pol\u00f3nia, Let\u00f3nia, Est\u00f3nia e Litu\u00e2nia","og_description":"Embaixador Extraordin\u00e1rio e&nbsp; Plenipotenci\u00e1rio da Rep\u00fablica de Angola na Pol\u00f3nia recebido em audi\u00eancia pela Directora do Protocolo Diplom\u00e1tico do Minist\u00e9rio dos Neg\u00f3cios Estrangeiros da Rep\u00fablica da Pol\u00f3nia. No dia 24 de Janeiro de 2024 Sua Excel\u00eancia Embaixador Extraordin\u00e1rio e Plenipotenci\u00e1rio da Rep\u00fablica de Angola na Pol\u00f3nia Manuel Pedro Chaves foi recebido em audi\u00eancia pela Directora [&hellip;]","og_url":"https:\/\/embangola.pl\/?p=2611","og_site_name":"Embaixada da Rep\u00fablica de Angola na Pol\u00f3nia, Let\u00f3nia, Est\u00f3nia e Litu\u00e2nia","article_published_time":"2024-01-29T09:30:35+00:00","article_modified_time":"2024-02-01T11:31:44+00:00","og_image":[{"width":1396,"height":1518,"url":"https:\/\/embangola.pl\/wp-content\/uploads\/2024\/02\/Encontro-com-a-Directora-do-Protocolo-Diplomatico-e1706781651523.jpg","type":"image\/jpeg"}],"author":"manuka","twitter_card":"summary_large_image","twitter_misc":{"Napisane przez":"manuka","Szacowany czas czytania":"1 minuta"},"schema":{"@context":"https:\/\/schema.org","@graph":[{"@type":"WebPage","@id":"https:\/\/embangola.pl\/?p=2611","url":"https:\/\/embangola.pl\/?p=2611","name":"Embaixador de Angola na Pol\u00f3nia recebido pela Directora do Protocolo Diplom\u00e1tico - Embaixada da Rep\u00fablica de Angola na Pol\u00f3nia, Let\u00f3nia, Est\u00f3nia e Litu\u00e2nia","isPartOf":{"@id":"https:\/\/embangola.pl\/#website"},"datePublished":"2024-01-29T09:30:35+00:00","dateModified":"2024-02-01T11:31:44+00:00","author":{"@id":"https:\/\/embangola.pl\/#\/schema\/person\/4ba173826306d1b1b16922873bc40a54"},"breadcrumb":{"@id":"https:\/\/embangola.pl\/?p=2611#breadcrumb"},"inLanguage":"pl-PL","potentialAction":[{"@type":"ReadAction","target":["https:\/\/embangola.pl\/?p=2611"]}]},{"@type":"BreadcrumbList","@id":"https:\/\/embangola.pl\/?p=2611#breadcrumb","itemListElement":[{"@type":"ListItem","position":1,"name":"Strona g\u0142\u00f3wna","item":"https:\/\/embangola.pl\/"},{"@type":"ListItem","position":2,"name":"Embaixador de Angola na Pol\u00f3nia recebido pela Directora do Protocolo Diplom\u00e1tico"}]},{"@type":"WebSite","@id":"https:\/\/embangola.pl\/#website","url":"https:\/\/embangola.pl\/","name":"Embaixada da Rep\u00fablica de Angola na Pol\u00f3nia, Let\u00f3nia, Est\u00f3nia e Litu\u00e2nia","description":"","potentialAction":[{"@type":"SearchAction","target":{"@type":"EntryPoint","urlTemplate":"https:\/\/embangola.pl\/?s={search_term_string}"},"query-input":"required name=search_term_string"}],"inLanguage":"pl-PL"},{"@type":"Person","@id":"https:\/\/embangola.pl\/#\/schema\/person\/4ba173826306d1b1b16922873bc40a54","name":"manuka","image":{"@type":"ImageObject","inLanguage":"pl-PL","@id":"https:\/\/embangola.pl\/#\/schema\/person\/image\/","url":"https:\/\/secure.gravatar.com\/avatar\/39cd7ca736d2ea9852310febbc62e5b9a16ba7de5a8743bd6c83df4054fad5a7?s=96&d=mm&r=g","contentUrl":"https:\/\/secure.gravatar.com\/avatar\/39cd7ca736d2ea9852310febbc62e5b9a16ba7de5a8743bd6c83df4054fad5a7?s=96&d=mm&r=g","caption":"manuka"},"sameAs":["https:\/\/embangola.pl"],"url":"https:\/\/embangola.pl\/?author=1"}]}},"_links":{"self":[{"href":"https:\/\/embangola.pl\/index.php?rest_route=\/wp\/v2\/posts\/2611","targetHints":{"allow":["GET"]}}],"collection":[{"href":"https:\/\/embangola.pl\/index.php?rest_route=\/wp\/v2\/posts"}],"about":[{"href":"https:\/\/embangola.pl\/index.php?rest_route=\/wp\/v2\/types\/post"}],"author":[{"embeddable":true,"href":"https:\/\/embangola.pl\/index.php?rest_route=\/wp\/v2\/users\/1"}],"replies":[{"embeddable":true,"href":"https:\/\/embangola.pl\/index.php?rest_route=%2Fwp%2Fv2%2Fcomments&post=2611"}],"version-history":[{"count":3,"href":"https:\/\/embangola.pl\/index.php?rest_route=\/wp\/v2\/posts\/2611\/revisions"}],"predecessor-version":[{"id":2636,"href":"https:\/\/embangola.pl\/index.php?rest_route=\/wp\/v2\/posts\/2611\/revisions\/2636"}],"wp:featuredmedia":[{"embeddable":true,"href":"https:\/\/embangola.pl\/index.php?rest_route=\/wp\/v2\/media\/2612"}],"wp:attachment":[{"href":"https:\/\/embangola.pl\/index.php?rest_route=%2Fwp%2Fv2%2Fmedia&parent=2611"}],"wp:term":[{"taxonomy":"category","embeddable":true,"href":"https:\/\/embangola.pl\/index.php?rest_route=%2Fwp%2Fv2%2Fcategories&post=2611"},{"taxonomy":"post_tag","embeddable":true,"href":"https:\/\/embangola.pl\/index.php?rest_route=%2Fwp%2Fv2%2Ftags&post=2611"}],"curies":[{"name":"wp","href":"https:\/\/api.w.org\/{rel}","templated":true}]}}