{"id":2567,"date":"2024-01-23T02:36:28","date_gmt":"2024-01-23T01:36:28","guid":{"rendered":"https:\/\/embangola.pl\/?p=2567"},"modified":"2024-01-29T02:53:37","modified_gmt":"2024-01-29T01:53:37","slug":"angola-termina-2023-com-balanco-positivo","status":"publish","type":"post","link":"https:\/\/embangola.pl\/?p=2567","title":{"rendered":"Angola termina 2023 com balan\u00e7o positivo"},"content":{"rendered":"\n<div class=\"wp-block-columns is-layout-flex wp-container-core-columns-is-layout-28f84493 wp-block-columns-is-layout-flex\">\n<div class=\"wp-block-column is-layout-flow wp-block-column-is-layout-flow\">\n<figure class=\"wp-block-image aligncenter size-large is-resized\"><img loading=\"lazy\" decoding=\"async\" width=\"1024\" height=\"706\" src=\"https:\/\/embangola.pl\/wp-content\/uploads\/2024\/01\/Cumprimentps-do-ano-novo-PR--1024x706.jpeg\" alt=\"Cumprimentos de ano novo ao Corpo Diplom\u00e1tico\" class=\"wp-image-2568\" style=\"width:1276px;height:auto\" srcset=\"https:\/\/embangola.pl\/wp-content\/uploads\/2024\/01\/Cumprimentps-do-ano-novo-PR--1024x706.jpeg 1024w, https:\/\/embangola.pl\/wp-content\/uploads\/2024\/01\/Cumprimentps-do-ano-novo-PR--300x207.jpeg 300w, https:\/\/embangola.pl\/wp-content\/uploads\/2024\/01\/Cumprimentps-do-ano-novo-PR--768x529.jpeg 768w, https:\/\/embangola.pl\/wp-content\/uploads\/2024\/01\/Cumprimentps-do-ano-novo-PR--600x413.jpeg 600w, https:\/\/embangola.pl\/wp-content\/uploads\/2024\/01\/Cumprimentps-do-ano-novo-PR--1200x827.jpeg 1200w, https:\/\/embangola.pl\/wp-content\/uploads\/2024\/01\/Cumprimentps-do-ano-novo-PR-.jpeg 1280w\" sizes=\"auto, (max-width: 1024px) 100vw, 1024px\" \/><\/figure>\n\n\n\n<div class=\"wp-block-columns is-layout-flex wp-container-core-columns-is-layout-28f84493 wp-block-columns-is-layout-flex\">\n<div class=\"wp-block-column is-layout-flow wp-block-column-is-layout-flow\">\n<p>O Presidente da Rep\u00fablica fez um balan\u00e7o positivo do ano 2023, por Angola concretizar &nbsp;uma parte significativa dos objectivos estabelecidos no plano pol\u00edtico-diplom\u00e1tico e ter elevado o n\u00edvel de interc\u00e2mbio com outros pa\u00edses.<\/p>\n\n\n\n<p>Jo\u00e3o Louren\u00e7o, que falava ter\u00e7a-feira, 23 de Janeiro, no Pal\u00e1cio Presidencial, depois de ter recebido Cumprimentos de Ano Novo do corpo &nbsp;diplom\u00e1tico acreditado em Angola, destacou a ac\u00e7\u00e3o diplom\u00e1tica do pa\u00eds &nbsp;na intensifica\u00e7\u00e3o das rela\u00e7\u00f5es bilaterais, que permitiu construir uma base de confian\u00e7a rec\u00edproca e s\u00f3lida.<\/p>\n\n\n\n<p>Estas ac\u00e7\u00f5es, de acordo com Jo\u00e3o Louren\u00e7o, permitiram &nbsp;desenvolver uma coopera\u00e7\u00e3o mutuamente vantajosa e transmitir, ao mesmo tempo, o interesse em acolher o investimento privado de empreendedores de pa\u00edses interessados no mercado angolano, no \u00e2mbito das vastas oportunidades que oferece.<\/p>\n\n\n\n<p>O Chefe de Estado angolano destacou as prioridades de desenvolvimento tra\u00e7adas por Angola e a constru\u00e7\u00e3o de importantes infra-estruturas rodovi\u00e1rias, portu\u00e1rias, aeroportu\u00e1rias e energ\u00e9ticas, com realce para a conclus\u00e3o das obras de constru\u00e7\u00e3o do novo aeroporto internacional de Luanda, assim como a concess\u00e3o do Corredor do Lobito a um cons\u00f3rcio internacional.<\/p>\n\n\n\n<p>De acordo com o Presidente da Rep\u00fablica, este novo cons\u00f3rcio internacional vai realizar importantes investimentos, de modo a garantir um caminho mais curto, seguro e barato do com\u00e9rcio entre os pa\u00edses encravados da \u00c1frica Central e Austral e os grandes mercados da Europa e da Am\u00e9rica.<\/p>\n\n\n\n<p>\u201c\u00c9 nossa convic\u00e7\u00e3o que as conquistas internas alcan\u00e7adas por Angola no plano material ter\u00e3o uma sustentabilidade mais duradoura e s\u00f3lida, se tudo isto se processar dentro do quadro da constru\u00e7\u00e3o do Estado Democr\u00e1tico e de Direito, no \u00e2mbito do qual demos sequ\u00eancia a algumas das grandes preocupa\u00e7\u00f5es da nossa na\u00e7\u00e3o\u201d, afirmou.<\/p>\n\n\n\n<p>As preocupa\u00e7\u00f5es, acrescentou, t\u00eam a ver com a melhoria e consolida\u00e7\u00e3o dos direitos, liberdades fundamentais e garantias dos cidad\u00e3os, transpar\u00eancia na governa\u00e7\u00e3o e proximidade governativa, com o combate \u00e0 corrup\u00e7\u00e3o e \u00e0 impunidade, e com a necess\u00e1ria independ\u00eancia e harmonia entre os diferentes poderes do Estado.<\/p>\n\n\n\n<p>Jo\u00e3o Louren\u00e7o manifestou a pretens\u00e3o do Executivo dar seguimento \u00e0s pol\u00edticas de credibiliza\u00e7\u00e3o das institui\u00e7\u00f5es do Estado, real\u00e7ando a import\u00e2ncia do estabelecimento de uma democracia s\u00f3lida e na\u00e7\u00e3o pr\u00f3spera, \u00a0preocupada com os principais anseios dos seus cidad\u00e3os.<\/p>\n\n\n\n<p>Por sua vez, a decana dos embaixadores acreditados em Angola, Saadia El Alaoui, garantiu que, na sequ\u00eancia das visitas efectuadas em 2023 \u00e0s prov\u00edncias do pa\u00eds, o corpo diplom\u00e1tico refor\u00e7ar\u00e1 esta pr\u00e1tica durante o ano em curso, com objectivo de aprofundar a coopera\u00e7\u00e3o em busca de oportunidades de com\u00e9rcio e investimentos.<\/p>\n\n\n\n<p><\/p>\n\n\n\n<div class=\"wp-block-columns is-layout-flex wp-container-core-columns-is-layout-28f84493 wp-block-columns-is-layout-flex\">\n<div class=\"wp-block-column is-layout-flow wp-block-column-is-layout-flow\">\n<figure class=\"wp-block-image aligncenter size-large is-resized\"><img loading=\"lazy\" decoding=\"async\" width=\"1024\" height=\"744\" src=\"https:\/\/embangola.pl\/wp-content\/uploads\/2024\/01\/Cumprimentps-do-ano-novo-PR-e-Corpo-Diplomatico--1024x744.jpeg\" alt=\"\" class=\"wp-image-2569\" style=\"width:1276px;height:auto\" srcset=\"https:\/\/embangola.pl\/wp-content\/uploads\/2024\/01\/Cumprimentps-do-ano-novo-PR-e-Corpo-Diplomatico--1024x744.jpeg 1024w, https:\/\/embangola.pl\/wp-content\/uploads\/2024\/01\/Cumprimentps-do-ano-novo-PR-e-Corpo-Diplomatico--300x218.jpeg 300w, https:\/\/embangola.pl\/wp-content\/uploads\/2024\/01\/Cumprimentps-do-ano-novo-PR-e-Corpo-Diplomatico--768x558.jpeg 768w, https:\/\/embangola.pl\/wp-content\/uploads\/2024\/01\/Cumprimentps-do-ano-novo-PR-e-Corpo-Diplomatico--600x436.jpeg 600w, https:\/\/embangola.pl\/wp-content\/uploads\/2024\/01\/Cumprimentps-do-ano-novo-PR-e-Corpo-Diplomatico-.jpeg 1174w\" sizes=\"auto, (max-width: 1024px) 100vw, 1024px\" \/><\/figure>\n<\/div>\n<\/div>\n<\/div>\n<\/div>\n<\/div>\n<\/div>\n","protected":false},"excerpt":{"rendered":"<p>O Presidente da Rep\u00fablica fez um balan\u00e7o positivo do ano 2023, por Angola concretizar &nbsp;uma parte significativa dos objectivos estabelecidos no plano pol\u00edtico-diplom\u00e1tico e ter elevado o n\u00edvel de interc\u00e2mbio com outros pa\u00edses. Jo\u00e3o Louren\u00e7o, que falava ter\u00e7a-feira, 23 de Janeiro, no Pal\u00e1cio Presidencial, depois de ter recebido Cumprimentos de Ano Novo do corpo &nbsp;diplom\u00e1tico [&hellip;]<\/p>\n","protected":false},"author":1,"featured_media":2569,"comment_status":"closed","ping_status":"closed","sticky":false,"template":"","format":"standard","meta":{"inline_featured_image":false,"footnotes":""},"categories":[40,87],"tags":[],"class_list":["post-2567","post","type-post","status-publish","format-standard","has-post-thumbnail","hentry","category-actualidade","category-politica-pt"],"acf":[],"yoast_head":"<!-- This site is optimized with the Yoast SEO plugin v19.6.1 - https:\/\/yoast.com\/wordpress\/plugins\/seo\/ -->\n<title>Angola termina 2023 com balan\u00e7o positivo - Embaixada da Rep\u00fablica de Angola na Pol\u00f3nia, Let\u00f3nia, Est\u00f3nia e Litu\u00e2nia<\/title>\n<meta name=\"robots\" content=\"index, follow, max-snippet:-1, max-image-preview:large, max-video-preview:-1\" \/>\n<link rel=\"canonical\" href=\"https:\/\/embangola.pl\/?p=2567\" \/>\n<meta property=\"og:locale\" content=\"pl_PL\" \/>\n<meta property=\"og:type\" content=\"article\" \/>\n<meta property=\"og:title\" content=\"Angola termina 2023 com balan\u00e7o positivo - Embaixada da Rep\u00fablica de Angola na Pol\u00f3nia, Let\u00f3nia, Est\u00f3nia e Litu\u00e2nia\" \/>\n<meta property=\"og:description\" content=\"O Presidente da Rep\u00fablica fez um balan\u00e7o positivo do ano 2023, por Angola concretizar &nbsp;uma parte significativa dos objectivos estabelecidos no plano pol\u00edtico-diplom\u00e1tico e ter elevado o n\u00edvel de interc\u00e2mbio com outros pa\u00edses. Jo\u00e3o Louren\u00e7o, que falava ter\u00e7a-feira, 23 de Janeiro, no Pal\u00e1cio Presidencial, depois de ter recebido Cumprimentos de Ano Novo do corpo &nbsp;diplom\u00e1tico [&hellip;]\" \/>\n<meta property=\"og:url\" content=\"https:\/\/embangola.pl\/?p=2567\" \/>\n<meta property=\"og:site_name\" content=\"Embaixada da Rep\u00fablica de Angola na Pol\u00f3nia, Let\u00f3nia, Est\u00f3nia e Litu\u00e2nia\" \/>\n<meta property=\"article:published_time\" content=\"2024-01-23T01:36:28+00:00\" \/>\n<meta property=\"article:modified_time\" content=\"2024-01-29T01:53:37+00:00\" \/>\n<meta property=\"og:image\" content=\"https:\/\/embangola.pl\/wp-content\/uploads\/2024\/01\/Cumprimentps-do-ano-novo-PR-e-Corpo-Diplomatico-.jpeg\" \/>\n\t<meta property=\"og:image:width\" content=\"1174\" \/>\n\t<meta property=\"og:image:height\" content=\"853\" \/>\n\t<meta property=\"og:image:type\" content=\"image\/jpeg\" \/>\n<meta name=\"author\" content=\"manuka\" \/>\n<meta name=\"twitter:card\" content=\"summary_large_image\" \/>\n<meta name=\"twitter:label1\" content=\"Napisane przez\" \/>\n\t<meta name=\"twitter:data1\" content=\"manuka\" \/>\n\t<meta name=\"twitter:label2\" content=\"Szacowany czas czytania\" \/>\n\t<meta name=\"twitter:data2\" content=\"2 minuty\" \/>\n<script type=\"application\/ld+json\" class=\"yoast-schema-graph\">{\"@context\":\"https:\/\/schema.org\",\"@graph\":[{\"@type\":\"WebPage\",\"@id\":\"https:\/\/embangola.pl\/?p=2567\",\"url\":\"https:\/\/embangola.pl\/?p=2567\",\"name\":\"Angola termina 2023 com balan\u00e7o positivo - Embaixada da Rep\u00fablica de Angola na Pol\u00f3nia, Let\u00f3nia, Est\u00f3nia e Litu\u00e2nia\",\"isPartOf\":{\"@id\":\"https:\/\/embangola.pl\/#website\"},\"datePublished\":\"2024-01-23T01:36:28+00:00\",\"dateModified\":\"2024-01-29T01:53:37+00:00\",\"author\":{\"@id\":\"https:\/\/embangola.pl\/#\/schema\/person\/4ba173826306d1b1b16922873bc40a54\"},\"breadcrumb\":{\"@id\":\"https:\/\/embangola.pl\/?p=2567#breadcrumb\"},\"inLanguage\":\"pl-PL\",\"potentialAction\":[{\"@type\":\"ReadAction\",\"target\":[\"https:\/\/embangola.pl\/?p=2567\"]}]},{\"@type\":\"BreadcrumbList\",\"@id\":\"https:\/\/embangola.pl\/?p=2567#breadcrumb\",\"itemListElement\":[{\"@type\":\"ListItem\",\"position\":1,\"name\":\"Strona g\u0142\u00f3wna\",\"item\":\"https:\/\/embangola.pl\/\"},{\"@type\":\"ListItem\",\"position\":2,\"name\":\"Angola termina 2023 com balan\u00e7o positivo\"}]},{\"@type\":\"WebSite\",\"@id\":\"https:\/\/embangola.pl\/#website\",\"url\":\"https:\/\/embangola.pl\/\",\"name\":\"Embaixada da Rep\u00fablica de Angola na Pol\u00f3nia, Let\u00f3nia, Est\u00f3nia e Litu\u00e2nia\",\"description\":\"\",\"potentialAction\":[{\"@type\":\"SearchAction\",\"target\":{\"@type\":\"EntryPoint\",\"urlTemplate\":\"https:\/\/embangola.pl\/?s={search_term_string}\"},\"query-input\":\"required name=search_term_string\"}],\"inLanguage\":\"pl-PL\"},{\"@type\":\"Person\",\"@id\":\"https:\/\/embangola.pl\/#\/schema\/person\/4ba173826306d1b1b16922873bc40a54\",\"name\":\"manuka\",\"image\":{\"@type\":\"ImageObject\",\"inLanguage\":\"pl-PL\",\"@id\":\"https:\/\/embangola.pl\/#\/schema\/person\/image\/\",\"url\":\"https:\/\/secure.gravatar.com\/avatar\/39cd7ca736d2ea9852310febbc62e5b9a16ba7de5a8743bd6c83df4054fad5a7?s=96&d=mm&r=g\",\"contentUrl\":\"https:\/\/secure.gravatar.com\/avatar\/39cd7ca736d2ea9852310febbc62e5b9a16ba7de5a8743bd6c83df4054fad5a7?s=96&d=mm&r=g\",\"caption\":\"manuka\"},\"sameAs\":[\"https:\/\/embangola.pl\"],\"url\":\"https:\/\/embangola.pl\/?author=1\"}]}<\/script>\n<!-- \/ Yoast SEO plugin. -->","yoast_head_json":{"title":"Angola termina 2023 com balan\u00e7o positivo - Embaixada da Rep\u00fablica de Angola na Pol\u00f3nia, Let\u00f3nia, Est\u00f3nia e Litu\u00e2nia","robots":{"index":"index","follow":"follow","max-snippet":"max-snippet:-1","max-image-preview":"max-image-preview:large","max-video-preview":"max-video-preview:-1"},"canonical":"https:\/\/embangola.pl\/?p=2567","og_locale":"pl_PL","og_type":"article","og_title":"Angola termina 2023 com balan\u00e7o positivo - Embaixada da Rep\u00fablica de Angola na Pol\u00f3nia, Let\u00f3nia, Est\u00f3nia e Litu\u00e2nia","og_description":"O Presidente da Rep\u00fablica fez um balan\u00e7o positivo do ano 2023, por Angola concretizar &nbsp;uma parte significativa dos objectivos estabelecidos no plano pol\u00edtico-diplom\u00e1tico e ter elevado o n\u00edvel de interc\u00e2mbio com outros pa\u00edses. Jo\u00e3o Louren\u00e7o, que falava ter\u00e7a-feira, 23 de Janeiro, no Pal\u00e1cio Presidencial, depois de ter recebido Cumprimentos de Ano Novo do corpo &nbsp;diplom\u00e1tico [&hellip;]","og_url":"https:\/\/embangola.pl\/?p=2567","og_site_name":"Embaixada da Rep\u00fablica de Angola na Pol\u00f3nia, Let\u00f3nia, Est\u00f3nia e Litu\u00e2nia","article_published_time":"2024-01-23T01:36:28+00:00","article_modified_time":"2024-01-29T01:53:37+00:00","og_image":[{"width":1174,"height":853,"url":"https:\/\/embangola.pl\/wp-content\/uploads\/2024\/01\/Cumprimentps-do-ano-novo-PR-e-Corpo-Diplomatico-.jpeg","type":"image\/jpeg"}],"author":"manuka","twitter_card":"summary_large_image","twitter_misc":{"Napisane przez":"manuka","Szacowany czas czytania":"2 minuty"},"schema":{"@context":"https:\/\/schema.org","@graph":[{"@type":"WebPage","@id":"https:\/\/embangola.pl\/?p=2567","url":"https:\/\/embangola.pl\/?p=2567","name":"Angola termina 2023 com balan\u00e7o positivo - Embaixada da Rep\u00fablica de Angola na Pol\u00f3nia, Let\u00f3nia, Est\u00f3nia e Litu\u00e2nia","isPartOf":{"@id":"https:\/\/embangola.pl\/#website"},"datePublished":"2024-01-23T01:36:28+00:00","dateModified":"2024-01-29T01:53:37+00:00","author":{"@id":"https:\/\/embangola.pl\/#\/schema\/person\/4ba173826306d1b1b16922873bc40a54"},"breadcrumb":{"@id":"https:\/\/embangola.pl\/?p=2567#breadcrumb"},"inLanguage":"pl-PL","potentialAction":[{"@type":"ReadAction","target":["https:\/\/embangola.pl\/?p=2567"]}]},{"@type":"BreadcrumbList","@id":"https:\/\/embangola.pl\/?p=2567#breadcrumb","itemListElement":[{"@type":"ListItem","position":1,"name":"Strona g\u0142\u00f3wna","item":"https:\/\/embangola.pl\/"},{"@type":"ListItem","position":2,"name":"Angola termina 2023 com balan\u00e7o positivo"}]},{"@type":"WebSite","@id":"https:\/\/embangola.pl\/#website","url":"https:\/\/embangola.pl\/","name":"Embaixada da Rep\u00fablica de Angola na Pol\u00f3nia, Let\u00f3nia, Est\u00f3nia e Litu\u00e2nia","description":"","potentialAction":[{"@type":"SearchAction","target":{"@type":"EntryPoint","urlTemplate":"https:\/\/embangola.pl\/?s={search_term_string}"},"query-input":"required name=search_term_string"}],"inLanguage":"pl-PL"},{"@type":"Person","@id":"https:\/\/embangola.pl\/#\/schema\/person\/4ba173826306d1b1b16922873bc40a54","name":"manuka","image":{"@type":"ImageObject","inLanguage":"pl-PL","@id":"https:\/\/embangola.pl\/#\/schema\/person\/image\/","url":"https:\/\/secure.gravatar.com\/avatar\/39cd7ca736d2ea9852310febbc62e5b9a16ba7de5a8743bd6c83df4054fad5a7?s=96&d=mm&r=g","contentUrl":"https:\/\/secure.gravatar.com\/avatar\/39cd7ca736d2ea9852310febbc62e5b9a16ba7de5a8743bd6c83df4054fad5a7?s=96&d=mm&r=g","caption":"manuka"},"sameAs":["https:\/\/embangola.pl"],"url":"https:\/\/embangola.pl\/?author=1"}]}},"_links":{"self":[{"href":"https:\/\/embangola.pl\/index.php?rest_route=\/wp\/v2\/posts\/2567","targetHints":{"allow":["GET"]}}],"collection":[{"href":"https:\/\/embangola.pl\/index.php?rest_route=\/wp\/v2\/posts"}],"about":[{"href":"https:\/\/embangola.pl\/index.php?rest_route=\/wp\/v2\/types\/post"}],"author":[{"embeddable":true,"href":"https:\/\/embangola.pl\/index.php?rest_route=\/wp\/v2\/users\/1"}],"replies":[{"embeddable":true,"href":"https:\/\/embangola.pl\/index.php?rest_route=%2Fwp%2Fv2%2Fcomments&post=2567"}],"version-history":[{"count":3,"href":"https:\/\/embangola.pl\/index.php?rest_route=\/wp\/v2\/posts\/2567\/revisions"}],"predecessor-version":[{"id":2708,"href":"https:\/\/embangola.pl\/index.php?rest_route=\/wp\/v2\/posts\/2567\/revisions\/2708"}],"wp:featuredmedia":[{"embeddable":true,"href":"https:\/\/embangola.pl\/index.php?rest_route=\/wp\/v2\/media\/2569"}],"wp:attachment":[{"href":"https:\/\/embangola.pl\/index.php?rest_route=%2Fwp%2Fv2%2Fmedia&parent=2567"}],"wp:term":[{"taxonomy":"category","embeddable":true,"href":"https:\/\/embangola.pl\/index.php?rest_route=%2Fwp%2Fv2%2Fcategories&post=2567"},{"taxonomy":"post_tag","embeddable":true,"href":"https:\/\/embangola.pl\/index.php?rest_route=%2Fwp%2Fv2%2Ftags&post=2567"}],"curies":[{"name":"wp","href":"https:\/\/api.w.org\/{rel}","templated":true}]}}