{"id":2473,"date":"2023-12-29T20:59:00","date_gmt":"2023-12-29T19:59:00","guid":{"rendered":"https:\/\/embangola.pl\/?p=2473"},"modified":"2024-01-28T20:19:25","modified_gmt":"2024-01-28T19:19:25","slug":"mensagem-de-ano-novo-do-presidente-da-republica-de-angola-joao-lourenco-29-de-dezembro-de-2023","status":"publish","type":"post","link":"https:\/\/embangola.pl\/?p=2473","title":{"rendered":"Mensagem de ano novo do Presidente da Rep\u00fablica de Angola, Jo\u00e3o Louren\u00e7o."},"content":{"rendered":"\n<p><\/p>\n\n\n\n<div class=\"wp-block-columns is-layout-flex wp-container-core-columns-is-layout-28f84493 wp-block-columns-is-layout-flex\">\n<div class=\"wp-block-column is-layout-flow wp-block-column-is-layout-flow\">\n<figure class=\"wp-block-image aligncenter size-large is-resized\"><img loading=\"lazy\" decoding=\"async\" width=\"1024\" height=\"683\" src=\"https:\/\/embangola.pl\/wp-content\/uploads\/2024\/01\/Presidente-de-Angola-1024x683.jpg\" alt=\"PRESIDENTE DA REP\u00daBLICA DE ANGOLA, JO\u00c3O LOUREN\u00c7O LENDO A MENSAGEM DE ANO NOVO 2024\" class=\"wp-image-2474\" style=\"width:1196px;height:auto\" srcset=\"https:\/\/embangola.pl\/wp-content\/uploads\/2024\/01\/Presidente-de-Angola-1024x683.jpg 1024w, https:\/\/embangola.pl\/wp-content\/uploads\/2024\/01\/Presidente-de-Angola-300x200.jpg 300w, https:\/\/embangola.pl\/wp-content\/uploads\/2024\/01\/Presidente-de-Angola-768x512.jpg 768w, https:\/\/embangola.pl\/wp-content\/uploads\/2024\/01\/Presidente-de-Angola-600x400.jpg 600w, https:\/\/embangola.pl\/wp-content\/uploads\/2024\/01\/Presidente-de-Angola.jpg 1116w\" sizes=\"auto, (max-width: 1024px) 100vw, 1024px\" \/><\/figure>\n<\/div>\n<\/div>\n\n\n\n<p class=\"has-text-align-center has-primary-color has-text-color has-link-color wp-elements-31208490883b0aab3c76d3a227a91e2c\"><br> <a href=\"https:\/\/www.youtube.com\/watch?v=k7_w7XOQeHo\" target=\"_blank\" rel=\"noreferrer noopener\">V\u00ear a Mensagem de Ano Novo | Executivo mant\u00e9m aposta na diversifica\u00e7\u00e3o da economia <\/a><\/p>\n\n\n\n<p><\/p>\n\n\n\n<p class=\"has-black-color has-text-color has-link-color has-medium-font-size wp-elements-869c884447f492b8b07241af9f6953cb\">Povo angolano.<\/p>\n\n\n\n<p class=\"has-medium-font-size\">Caros Compatriotas,<\/p>\n\n\n\n<p class=\"has-medium-font-size\">Acab\u00e1mos de celebrar o Natal, data em que, acima de <a><\/a>tudo, valorizamos a presen\u00e7a dos nossos familiares e entes queridos expressando afecto e solidariedade a todos os nossos semelhantes, em especial aos mais desfavorecidos.<\/p>\n\n\n\n<p class=\"has-medium-font-size\">Essa \u00e9 uma atitude louv\u00e1vel e que deveria perdurar durante todo o ano, porque a fam\u00edlia \u00e9 realmente a base da nossa sociedade e devia merecer da parte de todos n\u00f3s um cuidado constante, extensivo \u00e0queles que vivem com dificuldades e por isso contam com uma m\u00e3o solid\u00e1ria para manterem viva a esperan\u00e7a em dias melhores.<\/p>\n\n\n\n<p class=\"has-medium-font-size\" id=\"MENSAGEM-DE-ANO-NOVO-DO-PRESIDENTE-DA-REP\u00daBLICA-DE-ANGOLA,-JO\u00c3O-LOUREN\u00c7O\">Ao n\u00edvel do Executivo, tudo temos feito para atenuar as desigualdades ainda existentes e proporcionar a todos os angolanos condi\u00e7\u00f5es de vida mais dignas.<\/p>\n\n\n\n<p class=\"has-medium-font-size\">Com a diversifica\u00e7\u00e3o da nossa economia, o aumento da produ\u00e7\u00e3o interna de bens e de servi\u00e7os, com os programas de fomento \u00e0 produ\u00e7\u00e3o agropecu\u00e1ria e pesqueira, procuramos aumentar a oferta dos bens alimentares de grande consumo, \u00fanica forma de reduzir os seus pre\u00e7os.<\/p>\n\n\n\n<p class=\"has-medium-font-size\">Continuamos a apostar seriamente em investimentos no social, com a constru\u00e7\u00e3o de um elevado n\u00famero de unidades hospitalares de diferentes categorias, em infra-estruturas escolares para os diferentes n\u00edveis de ensino, assim como na forma\u00e7\u00e3o e admiss\u00e3o de profissionais da sa\u00fade e da educa\u00e7\u00e3o e ensino, com as compet\u00eancias requeridas ao bom funcionamento dos equipamentos sociais a que fiz refer\u00eancia.<\/p>\n\n\n\n<p class=\"has-medium-font-size\">Estamos igualmente a aumentar a oferta de energia e \u00e1gua pot\u00e1vel para as nossas popula\u00e7\u00f5es e diferentes ind\u00fastrias e a melhorar e expandir a nossa rede rodovi\u00e1ria e ferrovi\u00e1ria nacional.<\/p>\n\n\n\n<p class=\"has-medium-font-size\">Para al\u00e9m do investimento p\u00fablico na constru\u00e7\u00e3o das chamadas centralidades, temos vindo a promover pol\u00edticas de fomento \u00e0 autoconstru\u00e7\u00e3o dirigida, com vista a garantir uma melhor qualidade de vida para os cidad\u00e3os angolanos.<\/p>\n\n\n\n<p class=\"has-medium-font-size\">O Estado continua a ser ainda um grande empregador, sobretudo nos sectores da sa\u00fade, educa\u00e7\u00e3o e ensino, mas com a diversifica\u00e7\u00e3o da economia, contamos com um grande parceiro empregador, o sector empresarial privado, para al\u00e9m do autoemprego resultante da forma\u00e7\u00e3o t\u00e9cnico-profissional administrada aos jovens pelos v\u00e1rios programas do Executivo.<\/p>\n\n\n\n<p class=\"has-medium-font-size\">Neste projecto comum de fazermos de Angola um pa\u00eds de oportunidades para todos, contamos com o empenho e o trabalho de todos os cidad\u00e3os, com a sua participa\u00e7\u00e3o activa no processo produtivo e em todos os sectores vitais da sociedade.<\/p>\n\n\n\n<p class=\"has-medium-font-size\">Para a grande fam\u00edlia angolana, reiteramos o nosso compromisso com a paz e a reconcilia\u00e7\u00e3o nacional, condi\u00e7\u00e3o fundamental ao desenvolvimento econ\u00f3mico e social e \u00e0 prosperidade do nosso pa\u00eds.<\/p>\n\n\n\n<p class=\"has-medium-font-size\">Caros Compatriotas,<\/p>\n\n\n\n<p class=\"has-medium-font-size\">Nesta quadra festiva, apresento os meus sentimentos de pesar a todos os que durante o ano perderam os seus entes queridos. Os meus sinceros votos de muita sa\u00fade, paz e conc\u00f3rdia em todos os lares e a esperan\u00e7a de um Novo Ano com a f\u00e9 redobrada num futuro melhor para todos os angolanos.<\/p>\n\n\n\n<p class=\"has-medium-font-size\">Para este novo ano que se aproxima, os nossos cora\u00e7\u00f5es est\u00e3o com todos os povos do mundo v\u00edtimas da fome e da mis\u00e9ria, das doen\u00e7as, dos preconceitos raciais, das calamidades naturais resultantes das altera\u00e7\u00f5es clim\u00e1ticas, mas sobretudo das v\u00edtimas das guerras e conflitos armados que proliferam pelo mundo.<\/p>\n\n\n\n<p class=\"has-medium-font-size\">Que a paz chegue aos territ\u00f3rios e povos da RDC, de Mo\u00e7ambique, do Sud\u00e3o, da Ucr\u00e2nia, da Palestina e de Israel.<\/p>\n\n\n\n<p class=\"has-medium-font-size\">Feliz e Pr\u00f3spero Ano de 2024!<\/p>\n\n\n\n<p><\/p>\n","protected":false},"excerpt":{"rendered":"<p>V\u00ear a Mensagem de Ano Novo | Executivo mant\u00e9m aposta na diversifica\u00e7\u00e3o da economia Povo angolano. Caros Compatriotas, Acab\u00e1mos de celebrar o Natal, data em que, acima de tudo, valorizamos a presen\u00e7a dos nossos familiares e entes queridos expressando afecto e solidariedade a todos os nossos semelhantes, em especial aos mais desfavorecidos. Essa \u00e9 uma [&hellip;]<\/p>\n","protected":false},"author":1,"featured_media":2474,"comment_status":"closed","ping_status":"open","sticky":false,"template":"","format":"standard","meta":{"inline_featured_image":false,"footnotes":""},"categories":[40,87],"tags":[95,97],"class_list":["post-2473","post","type-post","status-publish","format-standard","has-post-thumbnail","hentry","category-actualidade","category-politica-pt","tag-ano-novo-em-angola","tag-presidente-felicita-a-nacao-angolana"],"acf":[],"yoast_head":"<!-- This site is optimized with the Yoast SEO plugin v19.6.1 - https:\/\/yoast.com\/wordpress\/plugins\/seo\/ -->\n<title>Mensagem de ano novo do Presidente da Rep\u00fablica de Angola, Jo\u00e3o Louren\u00e7o. - Embaixada da Rep\u00fablica de Angola na Pol\u00f3nia, Let\u00f3nia, Est\u00f3nia e Litu\u00e2nia<\/title>\n<meta name=\"robots\" content=\"index, follow, max-snippet:-1, max-image-preview:large, max-video-preview:-1\" \/>\n<link rel=\"canonical\" href=\"https:\/\/embangola.pl\/?p=2473\" \/>\n<meta property=\"og:locale\" content=\"pl_PL\" \/>\n<meta property=\"og:type\" content=\"article\" \/>\n<meta property=\"og:title\" content=\"Mensagem de ano novo do Presidente da Rep\u00fablica de Angola, Jo\u00e3o Louren\u00e7o. - Embaixada da Rep\u00fablica de Angola na Pol\u00f3nia, Let\u00f3nia, Est\u00f3nia e Litu\u00e2nia\" \/>\n<meta property=\"og:description\" content=\"V\u00ear a Mensagem de Ano Novo | Executivo mant\u00e9m aposta na diversifica\u00e7\u00e3o da economia Povo angolano. Caros Compatriotas, Acab\u00e1mos de celebrar o Natal, data em que, acima de tudo, valorizamos a presen\u00e7a dos nossos familiares e entes queridos expressando afecto e solidariedade a todos os nossos semelhantes, em especial aos mais desfavorecidos. Essa \u00e9 uma [&hellip;]\" \/>\n<meta property=\"og:url\" content=\"https:\/\/embangola.pl\/?p=2473\" \/>\n<meta property=\"og:site_name\" content=\"Embaixada da Rep\u00fablica de Angola na Pol\u00f3nia, Let\u00f3nia, Est\u00f3nia e Litu\u00e2nia\" \/>\n<meta property=\"article:published_time\" content=\"2023-12-29T19:59:00+00:00\" \/>\n<meta property=\"article:modified_time\" content=\"2024-01-28T19:19:25+00:00\" \/>\n<meta property=\"og:image\" content=\"https:\/\/embangola.pl\/wp-content\/uploads\/2024\/01\/Presidente-de-Angola.jpg\" \/>\n\t<meta property=\"og:image:width\" content=\"1116\" \/>\n\t<meta property=\"og:image:height\" content=\"744\" \/>\n\t<meta property=\"og:image:type\" content=\"image\/jpeg\" \/>\n<meta name=\"author\" content=\"manuka\" \/>\n<meta name=\"twitter:card\" content=\"summary_large_image\" \/>\n<meta name=\"twitter:label1\" content=\"Napisane przez\" \/>\n\t<meta name=\"twitter:data1\" content=\"manuka\" \/>\n\t<meta name=\"twitter:label2\" content=\"Szacowany czas czytania\" \/>\n\t<meta name=\"twitter:data2\" content=\"3 minuty\" \/>\n<script type=\"application\/ld+json\" class=\"yoast-schema-graph\">{\"@context\":\"https:\/\/schema.org\",\"@graph\":[{\"@type\":\"WebPage\",\"@id\":\"https:\/\/embangola.pl\/?p=2473\",\"url\":\"https:\/\/embangola.pl\/?p=2473\",\"name\":\"Mensagem de ano novo do Presidente da Rep\u00fablica de Angola, Jo\u00e3o Louren\u00e7o. - Embaixada da Rep\u00fablica de Angola na Pol\u00f3nia, Let\u00f3nia, Est\u00f3nia e Litu\u00e2nia\",\"isPartOf\":{\"@id\":\"https:\/\/embangola.pl\/#website\"},\"datePublished\":\"2023-12-29T19:59:00+00:00\",\"dateModified\":\"2024-01-28T19:19:25+00:00\",\"author\":{\"@id\":\"https:\/\/embangola.pl\/#\/schema\/person\/4ba173826306d1b1b16922873bc40a54\"},\"breadcrumb\":{\"@id\":\"https:\/\/embangola.pl\/?p=2473#breadcrumb\"},\"inLanguage\":\"pl-PL\",\"potentialAction\":[{\"@type\":\"ReadAction\",\"target\":[\"https:\/\/embangola.pl\/?p=2473\"]}]},{\"@type\":\"BreadcrumbList\",\"@id\":\"https:\/\/embangola.pl\/?p=2473#breadcrumb\",\"itemListElement\":[{\"@type\":\"ListItem\",\"position\":1,\"name\":\"Strona g\u0142\u00f3wna\",\"item\":\"https:\/\/embangola.pl\/\"},{\"@type\":\"ListItem\",\"position\":2,\"name\":\"Mensagem de ano novo do Presidente da Rep\u00fablica de Angola, Jo\u00e3o Louren\u00e7o.\"}]},{\"@type\":\"WebSite\",\"@id\":\"https:\/\/embangola.pl\/#website\",\"url\":\"https:\/\/embangola.pl\/\",\"name\":\"Embaixada da Rep\u00fablica de Angola na Pol\u00f3nia, Let\u00f3nia, Est\u00f3nia e Litu\u00e2nia\",\"description\":\"\",\"potentialAction\":[{\"@type\":\"SearchAction\",\"target\":{\"@type\":\"EntryPoint\",\"urlTemplate\":\"https:\/\/embangola.pl\/?s={search_term_string}\"},\"query-input\":\"required name=search_term_string\"}],\"inLanguage\":\"pl-PL\"},{\"@type\":\"Person\",\"@id\":\"https:\/\/embangola.pl\/#\/schema\/person\/4ba173826306d1b1b16922873bc40a54\",\"name\":\"manuka\",\"image\":{\"@type\":\"ImageObject\",\"inLanguage\":\"pl-PL\",\"@id\":\"https:\/\/embangola.pl\/#\/schema\/person\/image\/\",\"url\":\"https:\/\/secure.gravatar.com\/avatar\/39cd7ca736d2ea9852310febbc62e5b9a16ba7de5a8743bd6c83df4054fad5a7?s=96&d=mm&r=g\",\"contentUrl\":\"https:\/\/secure.gravatar.com\/avatar\/39cd7ca736d2ea9852310febbc62e5b9a16ba7de5a8743bd6c83df4054fad5a7?s=96&d=mm&r=g\",\"caption\":\"manuka\"},\"sameAs\":[\"https:\/\/embangola.pl\"],\"url\":\"https:\/\/embangola.pl\/?author=1\"}]}<\/script>\n<!-- \/ Yoast SEO plugin. -->","yoast_head_json":{"title":"Mensagem de ano novo do Presidente da Rep\u00fablica de Angola, Jo\u00e3o Louren\u00e7o. - Embaixada da Rep\u00fablica de Angola na Pol\u00f3nia, Let\u00f3nia, Est\u00f3nia e Litu\u00e2nia","robots":{"index":"index","follow":"follow","max-snippet":"max-snippet:-1","max-image-preview":"max-image-preview:large","max-video-preview":"max-video-preview:-1"},"canonical":"https:\/\/embangola.pl\/?p=2473","og_locale":"pl_PL","og_type":"article","og_title":"Mensagem de ano novo do Presidente da Rep\u00fablica de Angola, Jo\u00e3o Louren\u00e7o. - Embaixada da Rep\u00fablica de Angola na Pol\u00f3nia, Let\u00f3nia, Est\u00f3nia e Litu\u00e2nia","og_description":"V\u00ear a Mensagem de Ano Novo | Executivo mant\u00e9m aposta na diversifica\u00e7\u00e3o da economia Povo angolano. Caros Compatriotas, Acab\u00e1mos de celebrar o Natal, data em que, acima de tudo, valorizamos a presen\u00e7a dos nossos familiares e entes queridos expressando afecto e solidariedade a todos os nossos semelhantes, em especial aos mais desfavorecidos. Essa \u00e9 uma [&hellip;]","og_url":"https:\/\/embangola.pl\/?p=2473","og_site_name":"Embaixada da Rep\u00fablica de Angola na Pol\u00f3nia, Let\u00f3nia, Est\u00f3nia e Litu\u00e2nia","article_published_time":"2023-12-29T19:59:00+00:00","article_modified_time":"2024-01-28T19:19:25+00:00","og_image":[{"width":1116,"height":744,"url":"https:\/\/embangola.pl\/wp-content\/uploads\/2024\/01\/Presidente-de-Angola.jpg","type":"image\/jpeg"}],"author":"manuka","twitter_card":"summary_large_image","twitter_misc":{"Napisane przez":"manuka","Szacowany czas czytania":"3 minuty"},"schema":{"@context":"https:\/\/schema.org","@graph":[{"@type":"WebPage","@id":"https:\/\/embangola.pl\/?p=2473","url":"https:\/\/embangola.pl\/?p=2473","name":"Mensagem de ano novo do Presidente da Rep\u00fablica de Angola, Jo\u00e3o Louren\u00e7o. - Embaixada da Rep\u00fablica de Angola na Pol\u00f3nia, Let\u00f3nia, Est\u00f3nia e Litu\u00e2nia","isPartOf":{"@id":"https:\/\/embangola.pl\/#website"},"datePublished":"2023-12-29T19:59:00+00:00","dateModified":"2024-01-28T19:19:25+00:00","author":{"@id":"https:\/\/embangola.pl\/#\/schema\/person\/4ba173826306d1b1b16922873bc40a54"},"breadcrumb":{"@id":"https:\/\/embangola.pl\/?p=2473#breadcrumb"},"inLanguage":"pl-PL","potentialAction":[{"@type":"ReadAction","target":["https:\/\/embangola.pl\/?p=2473"]}]},{"@type":"BreadcrumbList","@id":"https:\/\/embangola.pl\/?p=2473#breadcrumb","itemListElement":[{"@type":"ListItem","position":1,"name":"Strona g\u0142\u00f3wna","item":"https:\/\/embangola.pl\/"},{"@type":"ListItem","position":2,"name":"Mensagem de ano novo do Presidente da Rep\u00fablica de Angola, Jo\u00e3o Louren\u00e7o."}]},{"@type":"WebSite","@id":"https:\/\/embangola.pl\/#website","url":"https:\/\/embangola.pl\/","name":"Embaixada da Rep\u00fablica de Angola na Pol\u00f3nia, Let\u00f3nia, Est\u00f3nia e Litu\u00e2nia","description":"","potentialAction":[{"@type":"SearchAction","target":{"@type":"EntryPoint","urlTemplate":"https:\/\/embangola.pl\/?s={search_term_string}"},"query-input":"required name=search_term_string"}],"inLanguage":"pl-PL"},{"@type":"Person","@id":"https:\/\/embangola.pl\/#\/schema\/person\/4ba173826306d1b1b16922873bc40a54","name":"manuka","image":{"@type":"ImageObject","inLanguage":"pl-PL","@id":"https:\/\/embangola.pl\/#\/schema\/person\/image\/","url":"https:\/\/secure.gravatar.com\/avatar\/39cd7ca736d2ea9852310febbc62e5b9a16ba7de5a8743bd6c83df4054fad5a7?s=96&d=mm&r=g","contentUrl":"https:\/\/secure.gravatar.com\/avatar\/39cd7ca736d2ea9852310febbc62e5b9a16ba7de5a8743bd6c83df4054fad5a7?s=96&d=mm&r=g","caption":"manuka"},"sameAs":["https:\/\/embangola.pl"],"url":"https:\/\/embangola.pl\/?author=1"}]}},"_links":{"self":[{"href":"https:\/\/embangola.pl\/index.php?rest_route=\/wp\/v2\/posts\/2473","targetHints":{"allow":["GET"]}}],"collection":[{"href":"https:\/\/embangola.pl\/index.php?rest_route=\/wp\/v2\/posts"}],"about":[{"href":"https:\/\/embangola.pl\/index.php?rest_route=\/wp\/v2\/types\/post"}],"author":[{"embeddable":true,"href":"https:\/\/embangola.pl\/index.php?rest_route=\/wp\/v2\/users\/1"}],"replies":[{"embeddable":true,"href":"https:\/\/embangola.pl\/index.php?rest_route=%2Fwp%2Fv2%2Fcomments&post=2473"}],"version-history":[{"count":12,"href":"https:\/\/embangola.pl\/index.php?rest_route=\/wp\/v2\/posts\/2473\/revisions"}],"predecessor-version":[{"id":2498,"href":"https:\/\/embangola.pl\/index.php?rest_route=\/wp\/v2\/posts\/2473\/revisions\/2498"}],"wp:featuredmedia":[{"embeddable":true,"href":"https:\/\/embangola.pl\/index.php?rest_route=\/wp\/v2\/media\/2474"}],"wp:attachment":[{"href":"https:\/\/embangola.pl\/index.php?rest_route=%2Fwp%2Fv2%2Fmedia&parent=2473"}],"wp:term":[{"taxonomy":"category","embeddable":true,"href":"https:\/\/embangola.pl\/index.php?rest_route=%2Fwp%2Fv2%2Fcategories&post=2473"},{"taxonomy":"post_tag","embeddable":true,"href":"https:\/\/embangola.pl\/index.php?rest_route=%2Fwp%2Fv2%2Ftags&post=2473"}],"curies":[{"name":"wp","href":"https:\/\/api.w.org\/{rel}","templated":true}]}}