{"id":2397,"date":"2023-12-17T21:06:01","date_gmt":"2023-12-17T20:06:01","guid":{"rendered":"https:\/\/embangola.pl\/?p=2397"},"modified":"2024-01-28T20:23:48","modified_gmt":"2024-01-28T19:23:48","slug":"visita-do-embaixador-pedro-chaves-ao-grupo-pbi","status":"publish","type":"post","link":"https:\/\/embangola.pl\/?p=2397","title":{"rendered":"O Embaixador de Angola na Pol\u00f3nia visitou a sede do Grupo PBI"},"content":{"rendered":"\n<div class=\"wp-block-columns is-layout-flex wp-container-core-columns-is-layout-28f84493 wp-block-columns-is-layout-flex\">\n<div class=\"wp-block-column is-layout-flow wp-block-column-is-layout-flow\">\n<h2 class=\"wp-block-heading\">O Embaixador Extraordin\u00e1rio e Plenipotenci\u00e1rio da Rep\u00fablica de Angola na Rep\u00fablica da Pol\u00f3nia, Manuel Pedro Chaves, visitou na segunda quinzena de Novembro de 2023 a sede do Grupo PBI, situada na cidade de Sandomierz, sudoeste da Pol\u00f3nia.<\/h2>\n\n\n\n<p class=\"has-medium-font-size\">A visita realizou-se a convite do Grupo PBI e teve como objectivo conhecer a actividade da empresa e constatar as possibilidades de coopera\u00e7\u00e3o entre as empresas angolanas e polacas.<\/p>\n\n\n\n<p class=\"has-medium-font-size\">Durante o encontro com o Conselho de Administra\u00e7\u00e3o do Grupo PBI, o Senhor Embaixador fez uma informa\u00e7\u00e3o sobre a diversidade dos recursos naturais existentes no territ\u00f3rio angolano, destacando, de igual modo, as oportunidades que o Governo de Angola oferece para investidores estrangeiros.<\/p>\n\n\n\n<p class=\"has-medium-font-size\">No final da visita o Senhor Embaixador expressou a sua satisfa\u00e7\u00e3o pelo convite formulado e ressaltou que a experi\u00eancia e o conhecimento que o Grupo PBI tem, poder\u00e1 ser \u00fatil para as empresas angolanas.<\/p>\n\n\n\n<p class=\"has-medium-font-size\">Por seu turno, o Presidente do Conselho de Administra\u00e7\u00e3o do Grupo PBI agradeceu o Embaixador Extraordin\u00e1rio Plenipotenci\u00e1rio de Angola na Rep\u00fablica da Pol\u00f3nia pela visita e o encontro realizado o que permitiu um conhecimento profundo das potencialidades existentes em Angola.<\/p>\n\n\n\n<p class=\"has-medium-font-size\">O Grupo PBI actua h\u00e1 quase 100 anos no sector mineiro, particularmente na extra\u00e7\u00e3o e produ\u00e7\u00e3o de agregados, constru\u00e7\u00e3o de estradas, produ\u00e7\u00e3o de concreto, pedras de pavimenta\u00e7\u00e3o, combinando os longos anos de tradi\u00e7\u00e3o mineira com o ramo da ind\u00fastria da constru\u00e7\u00e3o e a gest\u00e3o moderna de empresas multim\u00e9dia.<\/p>\n\n\n\n<p class=\"has-medium-font-size\">O Grupo PBI possui 15 filiais nas regi\u00f5es de Swietokrzyskie, Podkarpackie e Lublin, empregando mais de 1000 trabalhadores.<\/p>\n<\/div>\n<\/div>\n\n\n\n<p class=\"has-medium-font-size\"><\/p>\n\n\n\n<div class=\"wp-block-columns is-layout-flex wp-container-core-columns-is-layout-28f84493 wp-block-columns-is-layout-flex\">\n<div class=\"wp-block-column is-layout-flow wp-block-column-is-layout-flow\">\n<figure class=\"wp-block-image aligncenter size-full is-resized\"><img loading=\"lazy\" decoding=\"async\" width=\"768\" height=\"764\" src=\"https:\/\/embangola.pl\/wp-content\/uploads\/2023\/12\/Grupo-PBI-1.jpg\" alt=\"Ambasador Angoli w Polsce Dyrekcja Grup PBI w Sandomierzu\" class=\"wp-image-2402\" style=\"width:1199px;height:auto\" srcset=\"https:\/\/embangola.pl\/wp-content\/uploads\/2023\/12\/Grupo-PBI-1.jpg 768w, https:\/\/embangola.pl\/wp-content\/uploads\/2023\/12\/Grupo-PBI-1-300x298.jpg 300w, https:\/\/embangola.pl\/wp-content\/uploads\/2023\/12\/Grupo-PBI-1-150x150.jpg 150w, https:\/\/embangola.pl\/wp-content\/uploads\/2023\/12\/Grupo-PBI-1-600x597.jpg 600w\" sizes=\"auto, (max-width: 768px) 100vw, 768px\" \/><\/figure>\n<\/div>\n<\/div>\n\n\n\n<div class=\"wp-block-columns is-layout-flex wp-container-core-columns-is-layout-28f84493 wp-block-columns-is-layout-flex\">\n<div class=\"wp-block-column is-layout-flow wp-block-column-is-layout-flow\">\n<p class=\"has-medium-font-size\"><\/p>\n<\/div>\n<\/div>\n\n\n\n<div class=\"wp-block-columns is-layout-flex wp-container-core-columns-is-layout-28f84493 wp-block-columns-is-layout-flex\">\n<div class=\"wp-block-column is-layout-flow wp-block-column-is-layout-flow\">\n<div class=\"wp-block-columns is-layout-flex wp-container-core-columns-is-layout-28f84493 wp-block-columns-is-layout-flex\">\n<div class=\"wp-block-column is-layout-flow wp-block-column-is-layout-flow\">\n<figure class=\"wp-block-image aligncenter size-full is-resized\"><img loading=\"lazy\" decoding=\"async\" width=\"651\" height=\"520\" src=\"https:\/\/embangola.pl\/wp-content\/uploads\/2023\/12\/Grupo-PBI-1-2.jpg\" alt=\"Embaixador de Angola na Polonia Encontro com o Grupo de Empressarios\" class=\"wp-image-2404\" style=\"width:1177px;height:auto\" srcset=\"https:\/\/embangola.pl\/wp-content\/uploads\/2023\/12\/Grupo-PBI-1-2.jpg 651w, https:\/\/embangola.pl\/wp-content\/uploads\/2023\/12\/Grupo-PBI-1-2-300x240.jpg 300w, https:\/\/embangola.pl\/wp-content\/uploads\/2023\/12\/Grupo-PBI-1-2-600x479.jpg 600w\" sizes=\"auto, (max-width: 651px) 100vw, 651px\" \/><\/figure>\n<\/div>\n<\/div>\n<\/div>\n<\/div>\n\n\n\n<div class=\"wp-block-columns is-layout-flex wp-container-core-columns-is-layout-28f84493 wp-block-columns-is-layout-flex\">\n<div class=\"wp-block-column is-layout-flow wp-block-column-is-layout-flow\">\n<figure class=\"wp-block-image aligncenter size-full is-resized\"><img loading=\"lazy\" decoding=\"async\" width=\"768\" height=\"1024\" src=\"https:\/\/embangola.pl\/wp-content\/uploads\/2023\/12\/Grupo-PBI.jpeg\" alt=\"\" class=\"wp-image-2414\" style=\"width:1200px;height:auto\" srcset=\"https:\/\/embangola.pl\/wp-content\/uploads\/2023\/12\/Grupo-PBI.jpeg 768w, https:\/\/embangola.pl\/wp-content\/uploads\/2023\/12\/Grupo-PBI-225x300.jpeg 225w, https:\/\/embangola.pl\/wp-content\/uploads\/2023\/12\/Grupo-PBI-600x800.jpeg 600w\" sizes=\"auto, (max-width: 768px) 100vw, 768px\" \/><\/figure>\n<\/div>\n<\/div>\n","protected":false},"excerpt":{"rendered":"<p>O Embaixador Extraordin\u00e1rio e Plenipotenci\u00e1rio da Rep\u00fablica de Angola na Rep\u00fablica da Pol\u00f3nia, Manuel Pedro Chaves, visitou na segunda quinzena de Novembro de 2023 a sede do Grupo PBI, situada na cidade de Sandomierz, sudoeste da Pol\u00f3nia. A visita realizou-se a convite do Grupo PBI e teve como objectivo conhecer a actividade da empresa e [&hellip;]<\/p>\n","protected":false},"author":1,"featured_media":2400,"comment_status":"open","ping_status":"open","sticky":false,"template":"","format":"standard","meta":{"inline_featured_image":false,"footnotes":""},"categories":[40,62],"tags":[99,101],"class_list":["post-2397","post","type-post","status-publish","format-standard","has-post-thumbnail","hentry","category-actualidade","category-economia","tag-cooperacao-entre-angola-e-polonia","tag-empressas-com-vontande-de-investir-em-angola"],"acf":[],"yoast_head":"<!-- This site is optimized with the Yoast SEO plugin v19.6.1 - https:\/\/yoast.com\/wordpress\/plugins\/seo\/ -->\n<title>O Embaixador de Angola na Pol\u00f3nia visitou a sede do Grupo PBI - Embaixada da Rep\u00fablica de Angola na Pol\u00f3nia, Let\u00f3nia, Est\u00f3nia e Litu\u00e2nia<\/title>\n<meta name=\"robots\" content=\"index, follow, max-snippet:-1, max-image-preview:large, max-video-preview:-1\" \/>\n<link rel=\"canonical\" href=\"https:\/\/embangola.pl\/?p=2397\" \/>\n<meta property=\"og:locale\" content=\"pl_PL\" \/>\n<meta property=\"og:type\" content=\"article\" \/>\n<meta property=\"og:title\" content=\"O Embaixador de Angola na Pol\u00f3nia visitou a sede do Grupo PBI - Embaixada da Rep\u00fablica de Angola na Pol\u00f3nia, Let\u00f3nia, Est\u00f3nia e Litu\u00e2nia\" \/>\n<meta property=\"og:description\" content=\"O Embaixador Extraordin\u00e1rio e Plenipotenci\u00e1rio da Rep\u00fablica de Angola na Rep\u00fablica da Pol\u00f3nia, Manuel Pedro Chaves, visitou na segunda quinzena de Novembro de 2023 a sede do Grupo PBI, situada na cidade de Sandomierz, sudoeste da Pol\u00f3nia. A visita realizou-se a convite do Grupo PBI e teve como objectivo conhecer a actividade da empresa e [&hellip;]\" \/>\n<meta property=\"og:url\" content=\"https:\/\/embangola.pl\/?p=2397\" \/>\n<meta property=\"og:site_name\" content=\"Embaixada da Rep\u00fablica de Angola na Pol\u00f3nia, Let\u00f3nia, Est\u00f3nia e Litu\u00e2nia\" \/>\n<meta property=\"article:published_time\" content=\"2023-12-17T20:06:01+00:00\" \/>\n<meta property=\"article:modified_time\" content=\"2024-01-28T19:23:48+00:00\" \/>\n<meta property=\"og:image\" content=\"https:\/\/embangola.pl\/wp-content\/uploads\/2023\/12\/Grupo-PBI.jpg\" \/>\n\t<meta property=\"og:image:width\" content=\"768\" \/>\n\t<meta property=\"og:image:height\" content=\"1024\" \/>\n\t<meta property=\"og:image:type\" content=\"image\/jpeg\" \/>\n<meta name=\"author\" content=\"manuka\" \/>\n<meta name=\"twitter:card\" content=\"summary_large_image\" \/>\n<meta name=\"twitter:label1\" content=\"Napisane przez\" \/>\n\t<meta name=\"twitter:data1\" content=\"manuka\" \/>\n\t<meta name=\"twitter:label2\" content=\"Szacowany czas czytania\" \/>\n\t<meta name=\"twitter:data2\" content=\"1 minuta\" \/>\n<script type=\"application\/ld+json\" class=\"yoast-schema-graph\">{\"@context\":\"https:\/\/schema.org\",\"@graph\":[{\"@type\":\"WebPage\",\"@id\":\"https:\/\/embangola.pl\/?p=2397\",\"url\":\"https:\/\/embangola.pl\/?p=2397\",\"name\":\"O Embaixador de Angola na Pol\u00f3nia visitou a sede do Grupo PBI - Embaixada da Rep\u00fablica de Angola na Pol\u00f3nia, Let\u00f3nia, Est\u00f3nia e Litu\u00e2nia\",\"isPartOf\":{\"@id\":\"https:\/\/embangola.pl\/#website\"},\"datePublished\":\"2023-12-17T20:06:01+00:00\",\"dateModified\":\"2024-01-28T19:23:48+00:00\",\"author\":{\"@id\":\"https:\/\/embangola.pl\/#\/schema\/person\/4ba173826306d1b1b16922873bc40a54\"},\"breadcrumb\":{\"@id\":\"https:\/\/embangola.pl\/?p=2397#breadcrumb\"},\"inLanguage\":\"pl-PL\",\"potentialAction\":[{\"@type\":\"ReadAction\",\"target\":[\"https:\/\/embangola.pl\/?p=2397\"]}]},{\"@type\":\"BreadcrumbList\",\"@id\":\"https:\/\/embangola.pl\/?p=2397#breadcrumb\",\"itemListElement\":[{\"@type\":\"ListItem\",\"position\":1,\"name\":\"Strona g\u0142\u00f3wna\",\"item\":\"https:\/\/embangola.pl\/\"},{\"@type\":\"ListItem\",\"position\":2,\"name\":\"O Embaixador de Angola na Pol\u00f3nia visitou a sede do Grupo PBI\"}]},{\"@type\":\"WebSite\",\"@id\":\"https:\/\/embangola.pl\/#website\",\"url\":\"https:\/\/embangola.pl\/\",\"name\":\"Embaixada da Rep\u00fablica de Angola na Pol\u00f3nia, Let\u00f3nia, Est\u00f3nia e Litu\u00e2nia\",\"description\":\"\",\"potentialAction\":[{\"@type\":\"SearchAction\",\"target\":{\"@type\":\"EntryPoint\",\"urlTemplate\":\"https:\/\/embangola.pl\/?s={search_term_string}\"},\"query-input\":\"required name=search_term_string\"}],\"inLanguage\":\"pl-PL\"},{\"@type\":\"Person\",\"@id\":\"https:\/\/embangola.pl\/#\/schema\/person\/4ba173826306d1b1b16922873bc40a54\",\"name\":\"manuka\",\"image\":{\"@type\":\"ImageObject\",\"inLanguage\":\"pl-PL\",\"@id\":\"https:\/\/embangola.pl\/#\/schema\/person\/image\/\",\"url\":\"https:\/\/secure.gravatar.com\/avatar\/39cd7ca736d2ea9852310febbc62e5b9a16ba7de5a8743bd6c83df4054fad5a7?s=96&d=mm&r=g\",\"contentUrl\":\"https:\/\/secure.gravatar.com\/avatar\/39cd7ca736d2ea9852310febbc62e5b9a16ba7de5a8743bd6c83df4054fad5a7?s=96&d=mm&r=g\",\"caption\":\"manuka\"},\"sameAs\":[\"https:\/\/embangola.pl\"],\"url\":\"https:\/\/embangola.pl\/?author=1\"}]}<\/script>\n<!-- \/ Yoast SEO plugin. -->","yoast_head_json":{"title":"O Embaixador de Angola na Pol\u00f3nia visitou a sede do Grupo PBI - Embaixada da Rep\u00fablica de Angola na Pol\u00f3nia, Let\u00f3nia, Est\u00f3nia e Litu\u00e2nia","robots":{"index":"index","follow":"follow","max-snippet":"max-snippet:-1","max-image-preview":"max-image-preview:large","max-video-preview":"max-video-preview:-1"},"canonical":"https:\/\/embangola.pl\/?p=2397","og_locale":"pl_PL","og_type":"article","og_title":"O Embaixador de Angola na Pol\u00f3nia visitou a sede do Grupo PBI - Embaixada da Rep\u00fablica de Angola na Pol\u00f3nia, Let\u00f3nia, Est\u00f3nia e Litu\u00e2nia","og_description":"O Embaixador Extraordin\u00e1rio e Plenipotenci\u00e1rio da Rep\u00fablica de Angola na Rep\u00fablica da Pol\u00f3nia, Manuel Pedro Chaves, visitou na segunda quinzena de Novembro de 2023 a sede do Grupo PBI, situada na cidade de Sandomierz, sudoeste da Pol\u00f3nia. A visita realizou-se a convite do Grupo PBI e teve como objectivo conhecer a actividade da empresa e [&hellip;]","og_url":"https:\/\/embangola.pl\/?p=2397","og_site_name":"Embaixada da Rep\u00fablica de Angola na Pol\u00f3nia, Let\u00f3nia, Est\u00f3nia e Litu\u00e2nia","article_published_time":"2023-12-17T20:06:01+00:00","article_modified_time":"2024-01-28T19:23:48+00:00","og_image":[{"width":768,"height":1024,"url":"https:\/\/embangola.pl\/wp-content\/uploads\/2023\/12\/Grupo-PBI.jpg","type":"image\/jpeg"}],"author":"manuka","twitter_card":"summary_large_image","twitter_misc":{"Napisane przez":"manuka","Szacowany czas czytania":"1 minuta"},"schema":{"@context":"https:\/\/schema.org","@graph":[{"@type":"WebPage","@id":"https:\/\/embangola.pl\/?p=2397","url":"https:\/\/embangola.pl\/?p=2397","name":"O Embaixador de Angola na Pol\u00f3nia visitou a sede do Grupo PBI - Embaixada da Rep\u00fablica de Angola na Pol\u00f3nia, Let\u00f3nia, Est\u00f3nia e Litu\u00e2nia","isPartOf":{"@id":"https:\/\/embangola.pl\/#website"},"datePublished":"2023-12-17T20:06:01+00:00","dateModified":"2024-01-28T19:23:48+00:00","author":{"@id":"https:\/\/embangola.pl\/#\/schema\/person\/4ba173826306d1b1b16922873bc40a54"},"breadcrumb":{"@id":"https:\/\/embangola.pl\/?p=2397#breadcrumb"},"inLanguage":"pl-PL","potentialAction":[{"@type":"ReadAction","target":["https:\/\/embangola.pl\/?p=2397"]}]},{"@type":"BreadcrumbList","@id":"https:\/\/embangola.pl\/?p=2397#breadcrumb","itemListElement":[{"@type":"ListItem","position":1,"name":"Strona g\u0142\u00f3wna","item":"https:\/\/embangola.pl\/"},{"@type":"ListItem","position":2,"name":"O Embaixador de Angola na Pol\u00f3nia visitou a sede do Grupo PBI"}]},{"@type":"WebSite","@id":"https:\/\/embangola.pl\/#website","url":"https:\/\/embangola.pl\/","name":"Embaixada da Rep\u00fablica de Angola na Pol\u00f3nia, Let\u00f3nia, Est\u00f3nia e Litu\u00e2nia","description":"","potentialAction":[{"@type":"SearchAction","target":{"@type":"EntryPoint","urlTemplate":"https:\/\/embangola.pl\/?s={search_term_string}"},"query-input":"required name=search_term_string"}],"inLanguage":"pl-PL"},{"@type":"Person","@id":"https:\/\/embangola.pl\/#\/schema\/person\/4ba173826306d1b1b16922873bc40a54","name":"manuka","image":{"@type":"ImageObject","inLanguage":"pl-PL","@id":"https:\/\/embangola.pl\/#\/schema\/person\/image\/","url":"https:\/\/secure.gravatar.com\/avatar\/39cd7ca736d2ea9852310febbc62e5b9a16ba7de5a8743bd6c83df4054fad5a7?s=96&d=mm&r=g","contentUrl":"https:\/\/secure.gravatar.com\/avatar\/39cd7ca736d2ea9852310febbc62e5b9a16ba7de5a8743bd6c83df4054fad5a7?s=96&d=mm&r=g","caption":"manuka"},"sameAs":["https:\/\/embangola.pl"],"url":"https:\/\/embangola.pl\/?author=1"}]}},"_links":{"self":[{"href":"https:\/\/embangola.pl\/index.php?rest_route=\/wp\/v2\/posts\/2397","targetHints":{"allow":["GET"]}}],"collection":[{"href":"https:\/\/embangola.pl\/index.php?rest_route=\/wp\/v2\/posts"}],"about":[{"href":"https:\/\/embangola.pl\/index.php?rest_route=\/wp\/v2\/types\/post"}],"author":[{"embeddable":true,"href":"https:\/\/embangola.pl\/index.php?rest_route=\/wp\/v2\/users\/1"}],"replies":[{"embeddable":true,"href":"https:\/\/embangola.pl\/index.php?rest_route=%2Fwp%2Fv2%2Fcomments&post=2397"}],"version-history":[{"count":13,"href":"https:\/\/embangola.pl\/index.php?rest_route=\/wp\/v2\/posts\/2397\/revisions"}],"predecessor-version":[{"id":2508,"href":"https:\/\/embangola.pl\/index.php?rest_route=\/wp\/v2\/posts\/2397\/revisions\/2508"}],"wp:featuredmedia":[{"embeddable":true,"href":"https:\/\/embangola.pl\/index.php?rest_route=\/wp\/v2\/media\/2400"}],"wp:attachment":[{"href":"https:\/\/embangola.pl\/index.php?rest_route=%2Fwp%2Fv2%2Fmedia&parent=2397"}],"wp:term":[{"taxonomy":"category","embeddable":true,"href":"https:\/\/embangola.pl\/index.php?rest_route=%2Fwp%2Fv2%2Fcategories&post=2397"},{"taxonomy":"post_tag","embeddable":true,"href":"https:\/\/embangola.pl\/index.php?rest_route=%2Fwp%2Fv2%2Ftags&post=2397"}],"curies":[{"name":"wp","href":"https:\/\/api.w.org\/{rel}","templated":true}]}}