{"id":2389,"date":"2023-12-18T11:15:55","date_gmt":"2023-12-18T10:15:55","guid":{"rendered":"https:\/\/embangola.pl\/?p=2389"},"modified":"2024-01-31T21:09:18","modified_gmt":"2024-01-31T20:09:18","slug":"o-embaixador-extraordinario-e-plenipotenciario-da-republica-de-angola-na-republica-da-polonia-na-cerimonia-em-alusao-aos-103-anos-da-universidade-maritima-de-gdynia","status":"publish","type":"post","link":"https:\/\/embangola.pl\/?p=2389","title":{"rendered":"O Embaixador da Rep\u00fablica de Angola na Pol\u00f3nia participa na cerim\u00f3nia em alus\u00e3o aos 103 anos da Universidade Mar\u00edtima de Gdynia."},"content":{"rendered":"\n<p class=\"has-medium-font-size\">\u00c0 convite do Magnifico Reitor da Universidade Mar\u00edtima de Gdynia, Prof. Adam Weintrit, Sua Excel\u00eancia, o Embaixador da Rep\u00fablica de Angola na Rep\u00fablica da Pol\u00f3nia, Senhor Manuel Pedro Chaves, participou na Sess\u00e3o Solene do Senado da Universidade que teve lugar no dia 8 de Dezembro de 2023 no Campo Central daquela Institui\u00e7\u00e3o polaca.<\/p>\n\n\n\n<p class=\"has-medium-font-size\">A abertura da Sess\u00e3o foi feita pelo Magn\u00edfico Reitor da UMG que agradeceu pela presen\u00e7a de todos, com especial aten\u00e7\u00e3o ao Embaixador da Rep\u00fablica de Angola, e teceu palavras sobre a hist\u00f3ria da Universidade, seus desafios, conquistas e aspira\u00e7\u00f5es.<\/p>\n\n\n\n<p class=\"has-medium-font-size\">Pouco antes de concluir o discurso, informou sobre a inten\u00e7\u00e3o de recandidatar-se para mais um mandato com o lema \u201cInternacionaliza\u00e7\u00e3o da Universidade em todos os Sectores poss\u00edveis\u201d, entre outros, com destaque para a coopera\u00e7\u00e3o com pa\u00edses africanos.<\/p>\n\n\n\n<p class=\"has-medium-font-size\">Posteriormente, v\u00e1rias entidades tomaram a palavra, nomeadamente, o Subsecret\u00e1rio de Estado do Minist\u00e9rio da Infra-estrutura, Senhor Grzegorz Witkowsk, a Eurodeputada, Senhora Magdalena Adamowicz, a Deputada no Parlamento polaco, a Senhora Dorota Arciszewska-Mielewczyk, o Presidente da Orlen Neptun, Senhor Robert Nowicki, o Vice-Presidente de Gdynia, Senhor Bartosz Bartoszewicz.<\/p>\n\n\n\n<p class=\"has-medium-font-size\">Nas suas interven\u00e7\u00f5es real\u00e7aram a import\u00e2ncia da institui\u00e7\u00e3o universit\u00e1ria que contribui para a forma\u00e7\u00e3o de quadros de renome nacional e internacional.<\/p>\n\n\n\n<p class=\"has-medium-font-size\">Ap\u00f3s a Sess\u00e3o teve lugar o Almo\u00e7o Tradicional durante o qual foi servida carne de ganso, acto simb\u00f3lico aos acontecimentos de 1920, quando, ap\u00f3s a inaugura\u00e7\u00e3o do primeiro ano lectivo na Escola Mar\u00edtima de Tczew, os convidados sentaram-se para uma ceia de Natal com ganso assado servido como prato principal.<\/p>\n\n\n\n<p class=\"has-medium-font-size\">De seguida, \u00e0 convite do Vice-Reitor para Coopera\u00e7\u00e3o e Desenvolvimento, Prof. Tomasz Tarasiuk, Sua Excel\u00eancia Embaixador Manuel Pedro Chaves, em companhia do representante da empresa NAVIMOR, Senhor Jaroslaw Popis, visitou as instala\u00e7\u00f5es da UMG, passando pelo Museu e alguns laborat\u00f3rios da Universidade.<\/p>\n\n\n\n<p class=\"has-medium-font-size\">Sua Excel\u00eancia Embaixador igualmente manteve um encontro, na Universidade, com Sua Magnific\u00eancia o Reitor da UMG, Prof. Adam Weintrit, durante o qual foram abordadas quest\u00f5es de coopera\u00e7\u00e3o, tendo solicitado a concess\u00e3o de blosas de estudos aos estudantes angolanos.<\/p>\n\n\n\n<p class=\"has-medium-font-size\">Entre outros, participou da reuni\u00e3o o Presidente da Orlen Neptun, Senhor Robert Nowicki, que manifestou o interesse em cooperar com institui\u00e7\u00f5es angolanas ligadas ao sector energ\u00e9tico.<\/p>\n\n\n\n<p class=\"has-medium-font-size\">Na ocasi\u00e3o, o Magnifico Reitor da UMG estendeu o convite \u00e0 Sua Excel\u00eancia Embaixador de Angola para um jantar com o intuito de dar continuidade aos assuntos anteriormente abordados e outros de interesse comum.<\/p>\n\n\n\n<p class=\"has-medium-font-size\">\u00c0 margem das actividades acima mencionadas, o Senhor Jaroslaw Popis, informou sobre a inten\u00e7\u00e3o da NAVIMOR de continuar, caso as autoridades angolanas desejarem, com a realiza\u00e7\u00e3o da III fase do projecto da Universidade do Namibe, com o financiamento dispon\u00edvel de 60 milh\u00f5es de USD que inclui:<br>\u2022 Forma\u00e7\u00e3o de quadros, em colabora\u00e7\u00e3o com a UMG;<br>\u2022 Assist\u00eancia, manuten\u00e7\u00e3o dos equipamentos fornecidos h\u00e1 mais de 10 anos;<br>\u2022 Coopera\u00e7\u00e3o comercial \u2013 industrializa\u00e7\u00e3o\/mecaniza\u00e7\u00e3o do sector pesqueiro angolano, a fim de se criar condi\u00e7\u00f5es para a exporta\u00e7\u00e3o.<\/p>\n\n\n\n<p class=\"has-medium-font-size\">No termo da visita o Magn\u00edfico Reitor ofereceu alguns materiais que retratam as actividades desenvolvidas pela institui\u00e7\u00e3o.<\/p>\n\n\n\n<div class=\"wp-block-columns is-layout-flex wp-container-core-columns-is-layout-28f84493 wp-block-columns-is-layout-flex\">\n<div class=\"wp-block-column is-layout-flow wp-block-column-is-layout-flow\">\n<figure class=\"wp-block-gallery has-nested-images columns-default is-cropped wp-block-gallery-1 is-layout-flex wp-block-gallery-is-layout-flex\">\n<figure class=\"wp-block-image size-large\"><a href=\"https:\/\/embangola.pl\/wp-content\/uploads\/2023\/12\/Universidade-de-Gdynia-1-1.jpeg\"><img loading=\"lazy\" decoding=\"async\" width=\"1024\" height=\"768\" data-id=\"2446\" src=\"https:\/\/embangola.pl\/wp-content\/uploads\/2023\/12\/Universidade-de-Gdynia-1-1-1024x768.jpeg\" alt=\"Ambasador Angoli w Polsce Dyrekcja Uniwersytetu  Morska w Gdynii,\" class=\"wp-image-2446\" srcset=\"https:\/\/embangola.pl\/wp-content\/uploads\/2023\/12\/Universidade-de-Gdynia-1-1-1024x768.jpeg 1024w, https:\/\/embangola.pl\/wp-content\/uploads\/2023\/12\/Universidade-de-Gdynia-1-1-300x225.jpeg 300w, https:\/\/embangola.pl\/wp-content\/uploads\/2023\/12\/Universidade-de-Gdynia-1-1-768x576.jpeg 768w, https:\/\/embangola.pl\/wp-content\/uploads\/2023\/12\/Universidade-de-Gdynia-1-1-1536x1152.jpeg 1536w, https:\/\/embangola.pl\/wp-content\/uploads\/2023\/12\/Universidade-de-Gdynia-1-1-600x450.jpeg 600w, https:\/\/embangola.pl\/wp-content\/uploads\/2023\/12\/Universidade-de-Gdynia-1-1-1200x900.jpeg 1200w, https:\/\/embangola.pl\/wp-content\/uploads\/2023\/12\/Universidade-de-Gdynia-1-1-1500x1125.jpeg 1500w, https:\/\/embangola.pl\/wp-content\/uploads\/2023\/12\/Universidade-de-Gdynia-1-1.jpeg 1600w\" sizes=\"auto, (max-width: 1024px) 100vw, 1024px\" \/><\/a><\/figure>\n\n\n\n<figure class=\"wp-block-image aligncenter size-large\"><a href=\"https:\/\/embangola.pl\/wp-content\/uploads\/2023\/12\/Univercidade-de-Gdynia.jpeg\"><img loading=\"lazy\" decoding=\"async\" width=\"1024\" height=\"1024\" data-id=\"2433\" src=\"https:\/\/embangola.pl\/wp-content\/uploads\/2023\/12\/Univercidade-de-Gdynia-1024x1024.jpeg\" alt=\"Ambasador Angoli w Polscen na  korytarzu Uniwersytetu Morskie w Gdyni\" class=\"wp-image-2433\" srcset=\"https:\/\/embangola.pl\/wp-content\/uploads\/2023\/12\/Univercidade-de-Gdynia-1024x1024.jpeg 1024w, https:\/\/embangola.pl\/wp-content\/uploads\/2023\/12\/Univercidade-de-Gdynia-300x300.jpeg 300w, https:\/\/embangola.pl\/wp-content\/uploads\/2023\/12\/Univercidade-de-Gdynia-150x150.jpeg 150w, https:\/\/embangola.pl\/wp-content\/uploads\/2023\/12\/Univercidade-de-Gdynia-768x769.jpeg 768w, https:\/\/embangola.pl\/wp-content\/uploads\/2023\/12\/Univercidade-de-Gdynia-600x601.jpeg 600w, https:\/\/embangola.pl\/wp-content\/uploads\/2023\/12\/Univercidade-de-Gdynia.jpeg 1161w\" sizes=\"auto, (max-width: 1024px) 100vw, 1024px\" \/><\/a><\/figure>\n\n\n\n<figure class=\"wp-block-image aligncenter size-large\"><a href=\"https:\/\/embangola.pl\/wp-content\/uploads\/2023\/12\/Universidade-de-Gdynia-3.jpg\"><img loading=\"lazy\" decoding=\"async\" width=\"754\" height=\"1024\" data-id=\"2430\" src=\"https:\/\/embangola.pl\/wp-content\/uploads\/2023\/12\/Universidade-de-Gdynia-3-754x1024.jpg\" alt=\"Embaixador de Angola na Polonia no lavoratoium da Universidade Mar\u00edtima de Gdynia,\" class=\"wp-image-2430\" srcset=\"https:\/\/embangola.pl\/wp-content\/uploads\/2023\/12\/Universidade-de-Gdynia-3-754x1024.jpg 754w, https:\/\/embangola.pl\/wp-content\/uploads\/2023\/12\/Universidade-de-Gdynia-3-221x300.jpg 221w, https:\/\/embangola.pl\/wp-content\/uploads\/2023\/12\/Universidade-de-Gdynia-3-768x1042.jpg 768w, https:\/\/embangola.pl\/wp-content\/uploads\/2023\/12\/Universidade-de-Gdynia-3-600x814.jpg 600w, https:\/\/embangola.pl\/wp-content\/uploads\/2023\/12\/Universidade-de-Gdynia-3.jpg 929w\" sizes=\"auto, (max-width: 754px) 100vw, 754px\" \/><\/a><\/figure>\n\n\n\n<figure class=\"wp-block-image aligncenter size-large\"><a href=\"https:\/\/embangola.pl\/wp-content\/uploads\/2023\/12\/Universidade-de-Gdynia-2.jpeg\"><img loading=\"lazy\" decoding=\"async\" width=\"1024\" height=\"768\" data-id=\"2394\" src=\"https:\/\/embangola.pl\/wp-content\/uploads\/2023\/12\/Universidade-de-Gdynia-2-1024x768.jpeg\" alt=\"Embaixador de Angola na Polonia no museu da Universidade Mar\u00edtima de Gdynia,\" class=\"wp-image-2394\" srcset=\"https:\/\/embangola.pl\/wp-content\/uploads\/2023\/12\/Universidade-de-Gdynia-2-1024x768.jpeg 1024w, https:\/\/embangola.pl\/wp-content\/uploads\/2023\/12\/Universidade-de-Gdynia-2-300x225.jpeg 300w, https:\/\/embangola.pl\/wp-content\/uploads\/2023\/12\/Universidade-de-Gdynia-2-768x576.jpeg 768w, https:\/\/embangola.pl\/wp-content\/uploads\/2023\/12\/Universidade-de-Gdynia-2-1536x1152.jpeg 1536w, https:\/\/embangola.pl\/wp-content\/uploads\/2023\/12\/Universidade-de-Gdynia-2-600x450.jpeg 600w, https:\/\/embangola.pl\/wp-content\/uploads\/2023\/12\/Universidade-de-Gdynia-2-1200x900.jpeg 1200w, https:\/\/embangola.pl\/wp-content\/uploads\/2023\/12\/Universidade-de-Gdynia-2-1500x1125.jpeg 1500w, https:\/\/embangola.pl\/wp-content\/uploads\/2023\/12\/Universidade-de-Gdynia-2.jpeg 1600w\" sizes=\"auto, (max-width: 1024px) 100vw, 1024px\" \/><\/a><\/figure>\n\n\n\n<figure class=\"wp-block-image size-large\"><a href=\"https:\/\/embangola.pl\/wp-content\/uploads\/2023\/12\/Universidade-de-Gdynia.jpg\"><img decoding=\"async\" data-id=\"2449\" src=\"https:\/\/embangola.pl\/wp-content\/uploads\/2023\/12\/Universidade-de-Gdynia-1024x768.jpg\" alt=\"Embaixador de Angola na Polonia no auditorium da Universidade Mar\u00edtima de Gdynia,\" class=\"wp-image-2449\"\/><\/a><\/figure>\n\n\n\n<figure class=\"wp-block-image aligncenter size-large is-style-default\"><a href=\"https:\/\/embangola.pl\/wp-content\/uploads\/2023\/12\/Universidade-de-Gdynia.jpeg\"><img loading=\"lazy\" decoding=\"async\" width=\"1024\" height=\"768\" data-id=\"2393\" src=\"https:\/\/embangola.pl\/wp-content\/uploads\/2023\/12\/Universidade-de-Gdynia-1024x768.jpeg\" alt=\"Embaixador de Angola na Polonia no jantar da Universidade Mar\u00edtima de Gdynia,\" class=\"wp-image-2393\" srcset=\"https:\/\/embangola.pl\/wp-content\/uploads\/2023\/12\/Universidade-de-Gdynia-1024x768.jpeg 1024w, https:\/\/embangola.pl\/wp-content\/uploads\/2023\/12\/Universidade-de-Gdynia-300x225.jpeg 300w, https:\/\/embangola.pl\/wp-content\/uploads\/2023\/12\/Universidade-de-Gdynia-768x576.jpeg 768w, https:\/\/embangola.pl\/wp-content\/uploads\/2023\/12\/Universidade-de-Gdynia-1536x1152.jpeg 1536w, https:\/\/embangola.pl\/wp-content\/uploads\/2023\/12\/Universidade-de-Gdynia-600x450.jpeg 600w, https:\/\/embangola.pl\/wp-content\/uploads\/2023\/12\/Universidade-de-Gdynia-1200x900.jpeg 1200w, https:\/\/embangola.pl\/wp-content\/uploads\/2023\/12\/Universidade-de-Gdynia-1500x1125.jpeg 1500w, https:\/\/embangola.pl\/wp-content\/uploads\/2023\/12\/Universidade-de-Gdynia.jpeg 1600w\" sizes=\"auto, (max-width: 1024px) 100vw, 1024px\" \/><\/a><\/figure>\n<\/figure>\n<\/div>\n<\/div>\n\n\n\n<div class=\"wp-block-columns is-layout-flex wp-container-core-columns-is-layout-28f84493 wp-block-columns-is-layout-flex\">\n<div class=\"wp-block-column is-layout-flow wp-block-column-is-layout-flow\">\n<p class=\"has-medium-font-size\"><\/p>\n<\/div>\n<\/div>\n","protected":false},"excerpt":{"rendered":"<p>O Embaixador da Rep\u00fablica de Angola na Pol\u00f3nia participa na cerim\u00f3nia em alus\u00e3o aos 103 anos da Universidade Mar\u00edtima de Gdynia.<\/p>\n","protected":false},"author":1,"featured_media":2430,"comment_status":"closed","ping_status":"open","sticky":false,"template":"","format":"standard","meta":{"inline_featured_image":false,"footnotes":""},"categories":[40,87],"tags":[105,103],"class_list":["post-2389","post","type-post","status-publish","format-standard","has-post-thumbnail","hentry","category-actualidade","category-politica-pt","tag-103-anos-de-existencia","tag-festividades-da-universidade-de-gdynia"],"acf":[],"yoast_head":"<!-- This site is optimized with the Yoast SEO plugin v19.6.1 - https:\/\/yoast.com\/wordpress\/plugins\/seo\/ -->\n<title>O Embaixador da Rep\u00fablica de Angola na Pol\u00f3nia participa na cerim\u00f3nia em alus\u00e3o aos 103 anos da Universidade Mar\u00edtima de Gdynia. - Embaixada da Rep\u00fablica de Angola na Pol\u00f3nia, Let\u00f3nia, Est\u00f3nia e Litu\u00e2nia<\/title>\n<meta name=\"robots\" content=\"index, follow, max-snippet:-1, max-image-preview:large, max-video-preview:-1\" \/>\n<link rel=\"canonical\" href=\"https:\/\/embangola.pl\/?p=2389\" \/>\n<meta property=\"og:locale\" content=\"pl_PL\" \/>\n<meta property=\"og:type\" content=\"article\" \/>\n<meta property=\"og:title\" content=\"O Embaixador da Rep\u00fablica de Angola na Pol\u00f3nia participa na cerim\u00f3nia em alus\u00e3o aos 103 anos da Universidade Mar\u00edtima de Gdynia. - Embaixada da Rep\u00fablica de Angola na Pol\u00f3nia, Let\u00f3nia, Est\u00f3nia e Litu\u00e2nia\" \/>\n<meta property=\"og:description\" content=\"O Embaixador da Rep\u00fablica de Angola na Pol\u00f3nia participa na cerim\u00f3nia em alus\u00e3o aos 103 anos da Universidade Mar\u00edtima de Gdynia.\" \/>\n<meta property=\"og:url\" content=\"https:\/\/embangola.pl\/?p=2389\" \/>\n<meta property=\"og:site_name\" content=\"Embaixada da Rep\u00fablica de Angola na Pol\u00f3nia, Let\u00f3nia, Est\u00f3nia e Litu\u00e2nia\" \/>\n<meta property=\"article:published_time\" content=\"2023-12-18T10:15:55+00:00\" \/>\n<meta property=\"article:modified_time\" content=\"2024-01-31T20:09:18+00:00\" \/>\n<meta property=\"og:image\" content=\"https:\/\/embangola.pl\/wp-content\/uploads\/2023\/12\/Universidade-de-Gdynia-3.jpg\" \/>\n\t<meta property=\"og:image:width\" content=\"929\" \/>\n\t<meta property=\"og:image:height\" content=\"1261\" \/>\n\t<meta property=\"og:image:type\" content=\"image\/jpeg\" \/>\n<meta name=\"author\" content=\"manuka\" \/>\n<meta name=\"twitter:card\" content=\"summary_large_image\" \/>\n<meta name=\"twitter:label1\" content=\"Napisane przez\" \/>\n\t<meta name=\"twitter:data1\" content=\"manuka\" \/>\n\t<meta name=\"twitter:label2\" content=\"Szacowany czas czytania\" \/>\n\t<meta name=\"twitter:data2\" content=\"3 minuty\" \/>\n<script type=\"application\/ld+json\" class=\"yoast-schema-graph\">{\"@context\":\"https:\/\/schema.org\",\"@graph\":[{\"@type\":\"WebPage\",\"@id\":\"https:\/\/embangola.pl\/?p=2389\",\"url\":\"https:\/\/embangola.pl\/?p=2389\",\"name\":\"O Embaixador da Rep\u00fablica de Angola na Pol\u00f3nia participa na cerim\u00f3nia em alus\u00e3o aos 103 anos da Universidade Mar\u00edtima de Gdynia. - Embaixada da Rep\u00fablica de Angola na Pol\u00f3nia, Let\u00f3nia, Est\u00f3nia e Litu\u00e2nia\",\"isPartOf\":{\"@id\":\"https:\/\/embangola.pl\/#website\"},\"datePublished\":\"2023-12-18T10:15:55+00:00\",\"dateModified\":\"2024-01-31T20:09:18+00:00\",\"author\":{\"@id\":\"https:\/\/embangola.pl\/#\/schema\/person\/4ba173826306d1b1b16922873bc40a54\"},\"breadcrumb\":{\"@id\":\"https:\/\/embangola.pl\/?p=2389#breadcrumb\"},\"inLanguage\":\"pl-PL\",\"potentialAction\":[{\"@type\":\"ReadAction\",\"target\":[\"https:\/\/embangola.pl\/?p=2389\"]}]},{\"@type\":\"BreadcrumbList\",\"@id\":\"https:\/\/embangola.pl\/?p=2389#breadcrumb\",\"itemListElement\":[{\"@type\":\"ListItem\",\"position\":1,\"name\":\"Strona g\u0142\u00f3wna\",\"item\":\"https:\/\/embangola.pl\/\"},{\"@type\":\"ListItem\",\"position\":2,\"name\":\"O Embaixador da Rep\u00fablica de Angola na Pol\u00f3nia participa na cerim\u00f3nia em alus\u00e3o aos 103 anos da Universidade Mar\u00edtima de Gdynia.\"}]},{\"@type\":\"WebSite\",\"@id\":\"https:\/\/embangola.pl\/#website\",\"url\":\"https:\/\/embangola.pl\/\",\"name\":\"Embaixada da Rep\u00fablica de Angola na Pol\u00f3nia, Let\u00f3nia, Est\u00f3nia e Litu\u00e2nia\",\"description\":\"\",\"potentialAction\":[{\"@type\":\"SearchAction\",\"target\":{\"@type\":\"EntryPoint\",\"urlTemplate\":\"https:\/\/embangola.pl\/?s={search_term_string}\"},\"query-input\":\"required name=search_term_string\"}],\"inLanguage\":\"pl-PL\"},{\"@type\":\"Person\",\"@id\":\"https:\/\/embangola.pl\/#\/schema\/person\/4ba173826306d1b1b16922873bc40a54\",\"name\":\"manuka\",\"image\":{\"@type\":\"ImageObject\",\"inLanguage\":\"pl-PL\",\"@id\":\"https:\/\/embangola.pl\/#\/schema\/person\/image\/\",\"url\":\"https:\/\/secure.gravatar.com\/avatar\/39cd7ca736d2ea9852310febbc62e5b9a16ba7de5a8743bd6c83df4054fad5a7?s=96&d=mm&r=g\",\"contentUrl\":\"https:\/\/secure.gravatar.com\/avatar\/39cd7ca736d2ea9852310febbc62e5b9a16ba7de5a8743bd6c83df4054fad5a7?s=96&d=mm&r=g\",\"caption\":\"manuka\"},\"sameAs\":[\"https:\/\/embangola.pl\"],\"url\":\"https:\/\/embangola.pl\/?author=1\"}]}<\/script>\n<!-- \/ Yoast SEO plugin. -->","yoast_head_json":{"title":"O Embaixador da Rep\u00fablica de Angola na Pol\u00f3nia participa na cerim\u00f3nia em alus\u00e3o aos 103 anos da Universidade Mar\u00edtima de Gdynia. - Embaixada da Rep\u00fablica de Angola na Pol\u00f3nia, Let\u00f3nia, Est\u00f3nia e Litu\u00e2nia","robots":{"index":"index","follow":"follow","max-snippet":"max-snippet:-1","max-image-preview":"max-image-preview:large","max-video-preview":"max-video-preview:-1"},"canonical":"https:\/\/embangola.pl\/?p=2389","og_locale":"pl_PL","og_type":"article","og_title":"O Embaixador da Rep\u00fablica de Angola na Pol\u00f3nia participa na cerim\u00f3nia em alus\u00e3o aos 103 anos da Universidade Mar\u00edtima de Gdynia. - Embaixada da Rep\u00fablica de Angola na Pol\u00f3nia, Let\u00f3nia, Est\u00f3nia e Litu\u00e2nia","og_description":"O Embaixador da Rep\u00fablica de Angola na Pol\u00f3nia participa na cerim\u00f3nia em alus\u00e3o aos 103 anos da Universidade Mar\u00edtima de Gdynia.","og_url":"https:\/\/embangola.pl\/?p=2389","og_site_name":"Embaixada da Rep\u00fablica de Angola na Pol\u00f3nia, Let\u00f3nia, Est\u00f3nia e Litu\u00e2nia","article_published_time":"2023-12-18T10:15:55+00:00","article_modified_time":"2024-01-31T20:09:18+00:00","og_image":[{"width":929,"height":1261,"url":"https:\/\/embangola.pl\/wp-content\/uploads\/2023\/12\/Universidade-de-Gdynia-3.jpg","type":"image\/jpeg"}],"author":"manuka","twitter_card":"summary_large_image","twitter_misc":{"Napisane przez":"manuka","Szacowany czas czytania":"3 minuty"},"schema":{"@context":"https:\/\/schema.org","@graph":[{"@type":"WebPage","@id":"https:\/\/embangola.pl\/?p=2389","url":"https:\/\/embangola.pl\/?p=2389","name":"O Embaixador da Rep\u00fablica de Angola na Pol\u00f3nia participa na cerim\u00f3nia em alus\u00e3o aos 103 anos da Universidade Mar\u00edtima de Gdynia. - Embaixada da Rep\u00fablica de Angola na Pol\u00f3nia, Let\u00f3nia, Est\u00f3nia e Litu\u00e2nia","isPartOf":{"@id":"https:\/\/embangola.pl\/#website"},"datePublished":"2023-12-18T10:15:55+00:00","dateModified":"2024-01-31T20:09:18+00:00","author":{"@id":"https:\/\/embangola.pl\/#\/schema\/person\/4ba173826306d1b1b16922873bc40a54"},"breadcrumb":{"@id":"https:\/\/embangola.pl\/?p=2389#breadcrumb"},"inLanguage":"pl-PL","potentialAction":[{"@type":"ReadAction","target":["https:\/\/embangola.pl\/?p=2389"]}]},{"@type":"BreadcrumbList","@id":"https:\/\/embangola.pl\/?p=2389#breadcrumb","itemListElement":[{"@type":"ListItem","position":1,"name":"Strona g\u0142\u00f3wna","item":"https:\/\/embangola.pl\/"},{"@type":"ListItem","position":2,"name":"O Embaixador da Rep\u00fablica de Angola na Pol\u00f3nia participa na cerim\u00f3nia em alus\u00e3o aos 103 anos da Universidade Mar\u00edtima de Gdynia."}]},{"@type":"WebSite","@id":"https:\/\/embangola.pl\/#website","url":"https:\/\/embangola.pl\/","name":"Embaixada da Rep\u00fablica de Angola na Pol\u00f3nia, Let\u00f3nia, Est\u00f3nia e Litu\u00e2nia","description":"","potentialAction":[{"@type":"SearchAction","target":{"@type":"EntryPoint","urlTemplate":"https:\/\/embangola.pl\/?s={search_term_string}"},"query-input":"required name=search_term_string"}],"inLanguage":"pl-PL"},{"@type":"Person","@id":"https:\/\/embangola.pl\/#\/schema\/person\/4ba173826306d1b1b16922873bc40a54","name":"manuka","image":{"@type":"ImageObject","inLanguage":"pl-PL","@id":"https:\/\/embangola.pl\/#\/schema\/person\/image\/","url":"https:\/\/secure.gravatar.com\/avatar\/39cd7ca736d2ea9852310febbc62e5b9a16ba7de5a8743bd6c83df4054fad5a7?s=96&d=mm&r=g","contentUrl":"https:\/\/secure.gravatar.com\/avatar\/39cd7ca736d2ea9852310febbc62e5b9a16ba7de5a8743bd6c83df4054fad5a7?s=96&d=mm&r=g","caption":"manuka"},"sameAs":["https:\/\/embangola.pl"],"url":"https:\/\/embangola.pl\/?author=1"}]}},"_links":{"self":[{"href":"https:\/\/embangola.pl\/index.php?rest_route=\/wp\/v2\/posts\/2389","targetHints":{"allow":["GET"]}}],"collection":[{"href":"https:\/\/embangola.pl\/index.php?rest_route=\/wp\/v2\/posts"}],"about":[{"href":"https:\/\/embangola.pl\/index.php?rest_route=\/wp\/v2\/types\/post"}],"author":[{"embeddable":true,"href":"https:\/\/embangola.pl\/index.php?rest_route=\/wp\/v2\/users\/1"}],"replies":[{"embeddable":true,"href":"https:\/\/embangola.pl\/index.php?rest_route=%2Fwp%2Fv2%2Fcomments&post=2389"}],"version-history":[{"count":27,"href":"https:\/\/embangola.pl\/index.php?rest_route=\/wp\/v2\/posts\/2389\/revisions"}],"predecessor-version":[{"id":2504,"href":"https:\/\/embangola.pl\/index.php?rest_route=\/wp\/v2\/posts\/2389\/revisions\/2504"}],"wp:featuredmedia":[{"embeddable":true,"href":"https:\/\/embangola.pl\/index.php?rest_route=\/wp\/v2\/media\/2430"}],"wp:attachment":[{"href":"https:\/\/embangola.pl\/index.php?rest_route=%2Fwp%2Fv2%2Fmedia&parent=2389"}],"wp:term":[{"taxonomy":"category","embeddable":true,"href":"https:\/\/embangola.pl\/index.php?rest_route=%2Fwp%2Fv2%2Fcategories&post=2389"},{"taxonomy":"post_tag","embeddable":true,"href":"https:\/\/embangola.pl\/index.php?rest_route=%2Fwp%2Fv2%2Ftags&post=2389"}],"curies":[{"name":"wp","href":"https:\/\/api.w.org\/{rel}","templated":true}]}}