{"id":2347,"date":"2023-11-14T22:59:58","date_gmt":"2023-11-14T21:59:58","guid":{"rendered":"https:\/\/embangola.pl\/?p=2347"},"modified":"2023-11-26T23:19:23","modified_gmt":"2023-11-26T22:19:23","slug":"iii-edicao-da-bienal-de-luanda-marca-noticiario-politico","status":"publish","type":"post","link":"https:\/\/embangola.pl\/?p=2347","title":{"rendered":"III edi\u00e7\u00e3o da Bienal de Luanda marca notici\u00e1rio pol\u00edtico\u00a0"},"content":{"rendered":"\n<div class=\"wp-block-columns is-layout-flex wp-container-core-columns-is-layout-28f84493 wp-block-columns-is-layout-flex\">\n<div class=\"wp-block-column is-layout-flow wp-block-column-is-layout-flow\">\n<figure class=\"wp-block-image aligncenter size-full is-resized\"><img loading=\"lazy\" decoding=\"async\" width=\"700\" height=\"450\" src=\"https:\/\/embangola.pl\/wp-content\/uploads\/2023\/11\/Bienal-.webp\" alt=\"\" class=\"wp-image-2348\" style=\"width:1051px;height:auto\" srcset=\"https:\/\/embangola.pl\/wp-content\/uploads\/2023\/11\/Bienal-.webp 700w, https:\/\/embangola.pl\/wp-content\/uploads\/2023\/11\/Bienal--300x193.webp 300w, https:\/\/embangola.pl\/wp-content\/uploads\/2023\/11\/Bienal--600x386.webp 600w\" sizes=\"auto, (max-width: 700px) 100vw, 700px\" \/><\/figure>\n<\/div>\n<\/div>\n\n\n\n<div class=\"wp-block-columns is-layout-flex wp-container-core-columns-is-layout-28f84493 wp-block-columns-is-layout-flex\">\n<div class=\"wp-block-column is-layout-flow wp-block-column-is-layout-flow\">\n<h2 class=\"wp-block-heading has-large-font-size\">Luanda &#8211; A III edi\u00e7\u00e3o do F\u00f3rum Pan-africano para a cultura da Paz, realizada em Luanda, com uma agenda essencialmente consagrada \u00e0 resolu\u00e7\u00e3o pac\u00edfica de conflitos, marcou o notici\u00e1rio pol\u00edtico da semana.<\/h2>\n\n\n\n<p class=\"has-medium-font-size\">Tamb\u00e9m conhecido como Bienal de Luanda, o F\u00f3rum \u00e9 um encontro bianual de apoio ao Movimento Pan-Africano para a Cultura da Paz e N\u00e3o-Viol\u00eancia, numa iniciativa conjunta do Governo angolano, da UNESCO e da Uni\u00e3o Africana (UA).<\/p>\n\n\n\n<p class=\"has-medium-font-size\">No discurso de abertura, o Presidenta da Rep\u00fablica, Jo\u00e3o Louren\u00e7o, incentivou a cultura da paz em \u00c1frica, como passo fundamental para a promo\u00e7\u00e3o do progresso e do desenvolvimento.<\/p>\n\n\n\n<p class=\"has-medium-font-size\">Assinalou a valoriza\u00e7\u00e3o do colectivo na promo\u00e7\u00e3o da cultura da paz e reafirmou que o fim do conflito no M\u00e9dio Oriente, passa pela cria\u00e7\u00e3o do Estado palestino.<\/p>\n\n\n\n<p class=\"has-medium-font-size\">Participou do Painel &#8222;Jovens, actores na promo\u00e7\u00e3o da cultura da paz e transforma\u00e7\u00f5es sociais do continente\/Di\u00e1logo de Alto N\u00edvel\u201c, onde anunciou o arranque, no pr\u00f3ximo ano, do projecto de explora\u00e7\u00e3o de hidrog\u00eanio verde, na Barra do Dande, Bengo.<\/p>\n\n\n\n<p class=\"has-medium-font-size\">A margem do evento, Jo\u00e3o Louren\u00e7o manteve encontros de cortesia com o hom\u00f3logo de S\u00e3o Tom\u00e9 e Pr\u00edncipe, Carlos Vila Nova, e com o Presidente da Comiss\u00e3o da Uni\u00e3o Africana, Moussa Falo Mahamat.<\/p>\n\n\n\n<p class=\"has-medium-font-size\">De igual modo, recebeu tamb\u00e9m o director-geral adjunto da UNESCO, Xingu Que, o vice-presidente do AfremximBank, Benedict Oramah, bem como os ex-presidentes de Mo\u00e7ambique e da Nig\u00e9ria, respectivamente Joaquim Chissano e Olusengu Obasanjo.<\/p>\n\n\n\n<p class=\"has-medium-font-size\">Da agenda do Chefe de Estado h\u00e1 ainda a salientar as audi\u00eancias separadas, com os seus hom\u00f3logos da Eti\u00f3pia, Sahle-Work Zewde, e de Cabo Verde, Jos\u00e9 Maria Neves.<\/p>\n\n\n\n<p class=\"has-medium-font-size\">Avaliou com o presidente do China Gezhouba Group Company Limited (CGGC), Tan Huan, o grau de execu\u00e7\u00e3o do projecto de constru\u00e7\u00e3o do aproveitamento hidroel\u00e9ctrico de Caculo- Caba\u00e7a, prov\u00edncia do Cuanza Norte.<\/p>\n\n\n\n<p class=\"has-medium-font-size\">Presidiu a cerim\u00f3nia de homenagem a atletas vencedores mundiais nas diversas categorias do desporto, onde declarou que Angola pode estar melhor se forem feitos investimentos na massifica\u00e7\u00e3o a n\u00edvel dos bairros e comunidades.<\/p>\n\n\n\n<p class=\"has-medium-font-size\">Manifestou consterna\u00e7\u00e3o pela morte de 70 pessoas, nos \u00faltimos dias, nas prov\u00edncias da Hu\u00edla e do Huambo, por impacto directo dos raios.<\/p>\n\n\n\n<p class=\"has-medium-font-size\">Outro destaque, recai para a participa\u00e7\u00e3o da presidente da Assembleia Nacional, Carolina Cerqueira, na Plen\u00e1ria do F\u00f3rum Parlamentar da SADC a decorrer em Port Louis, Ilhas Maur\u00edcias, at\u00e9 domingo.<\/p>\n\n\n\n<p class=\"has-medium-font-size\">Falando no debate sobre o Relat\u00f3rio da Comiss\u00e3o de Fiscaliza\u00e7\u00e3o das Leis Modelo da regi\u00e3o, considerou o Corredor do Lobito como um ganho para a Comunidade de Desenvolvimento da \u00c1frica da Austral, por constituir uma plataforma integrada multidimensional e facilitadora da implementa\u00e7\u00e3o da Zona do Com\u00e9rcio Livre Africano.<\/p>\n\n\n\n<p class=\"has-medium-font-size\">A decis\u00e3o, na mesma reuni\u00e3o, de Angola acolher, de 01 a 07 de Julho de 2024, a Assembleia Plen\u00e1ria do F\u00f3rum da SADC, foi destaque no notici\u00e1rio pol\u00edtico.<\/p>\n\n\n\n<p class=\"has-medium-font-size\">Realce ainda para a discuss\u00e3o, na especialidade, do Or\u00e7amento Geral do Estado (OGE) para 2024, onde o ministro de Estado e Chefe da Casa Militar do Presidente da Rep\u00fablica, Francisco Furtado, assegurou que o pa\u00eds est\u00e1 atender a quest\u00e3o financeira dos desmobilizados que nunca contribu\u00edram para o sistema de seguran\u00e7a das for\u00e7as armadas.<\/p>\n\n\n\n<p class=\"has-medium-font-size\">Na mesma discuss\u00e3o, o ministro do Interior, Eug\u00eanio Labirinto, anunciou o relan\u00e7amento da produ\u00e7\u00e3o agropecu\u00e1ria nas unidades prisionais parra melhoria da dieta alimentar dos reclusos e auto-sustento das estruturas do \u00f3rg\u00e3o.<\/p>\n\n\n\n<p class=\"has-medium-font-size\">Na ocasi\u00e3o afirmou que cerca de oito mil novos efectivos ser\u00e3o incorporados, em breve, na Pol\u00edcia Nacional para refor\u00e7ar as de seguran\u00e7a p\u00fablica e de prote\u00e7\u00e3o de fronteiras.<\/p>\n\n\n\n<p>O ingresso de onze ju\u00edzes desembargadores para os tribunais de Rela\u00e7\u00e3o de Luanda, Benguela e Lubango, marcou igualmente a semana. VIC<\/p>\n\n\n\n<p class=\"has-text-align-right has-secondary-color has-text-color has-background has-link-color has-medium-font-size wp-elements-87090e7b0f6b864f08e86327f963e482\" style=\"background:linear-gradient(135deg,rgb(254,205,165) 0%,rgb(254,45,45) 8%,rgb(107,0,62) 100%)\"><strong>Fonte: Angop<\/strong><\/p>\n<\/div>\n<\/div>\n","protected":false},"excerpt":{"rendered":"<p>Luanda &#8211; A III edi\u00e7\u00e3o do F\u00f3rum Pan-africano para a cultura da Paz, realizada em Luanda, com uma agenda essencialmente consagrada \u00e0 resolu\u00e7\u00e3o pac\u00edfica de conflitos, marcou o notici\u00e1rio pol\u00edtico da semana. Tamb\u00e9m conhecido como Bienal de Luanda, o F\u00f3rum \u00e9 um encontro bianual de apoio ao Movimento Pan-Africano para a Cultura da Paz e [&hellip;]<\/p>\n","protected":false},"author":1,"featured_media":2348,"comment_status":"closed","ping_status":"open","sticky":false,"template":"","format":"standard","meta":{"inline_featured_image":false,"footnotes":""},"categories":[68,87],"tags":[],"class_list":["post-2347","post","type-post","status-publish","format-standard","has-post-thumbnail","hentry","category-cultura","category-politica-pt"],"acf":[],"yoast_head":"<!-- This site is optimized with the Yoast SEO plugin v19.6.1 - https:\/\/yoast.com\/wordpress\/plugins\/seo\/ -->\n<title>III edi\u00e7\u00e3o da Bienal de Luanda marca notici\u00e1rio pol\u00edtico\u00a0 - Embaixada da Rep\u00fablica de Angola na Pol\u00f3nia, Let\u00f3nia, Est\u00f3nia e Litu\u00e2nia<\/title>\n<meta name=\"robots\" content=\"index, follow, max-snippet:-1, max-image-preview:large, max-video-preview:-1\" \/>\n<link rel=\"canonical\" href=\"https:\/\/embangola.pl\/?p=2347\" \/>\n<meta property=\"og:locale\" content=\"pl_PL\" \/>\n<meta property=\"og:type\" content=\"article\" \/>\n<meta property=\"og:title\" content=\"III edi\u00e7\u00e3o da Bienal de Luanda marca notici\u00e1rio pol\u00edtico\u00a0 - Embaixada da Rep\u00fablica de Angola na Pol\u00f3nia, Let\u00f3nia, Est\u00f3nia e Litu\u00e2nia\" \/>\n<meta property=\"og:description\" content=\"Luanda &#8211; A III edi\u00e7\u00e3o do F\u00f3rum Pan-africano para a cultura da Paz, realizada em Luanda, com uma agenda essencialmente consagrada \u00e0 resolu\u00e7\u00e3o pac\u00edfica de conflitos, marcou o notici\u00e1rio pol\u00edtico da semana. Tamb\u00e9m conhecido como Bienal de Luanda, o F\u00f3rum \u00e9 um encontro bianual de apoio ao Movimento Pan-Africano para a Cultura da Paz e [&hellip;]\" \/>\n<meta property=\"og:url\" content=\"https:\/\/embangola.pl\/?p=2347\" \/>\n<meta property=\"og:site_name\" content=\"Embaixada da Rep\u00fablica de Angola na Pol\u00f3nia, Let\u00f3nia, Est\u00f3nia e Litu\u00e2nia\" \/>\n<meta property=\"article:published_time\" content=\"2023-11-14T21:59:58+00:00\" \/>\n<meta property=\"article:modified_time\" content=\"2023-11-26T22:19:23+00:00\" \/>\n<meta property=\"og:image\" content=\"https:\/\/embangola.pl\/wp-content\/uploads\/2023\/11\/Bienal-.webp\" \/>\n\t<meta property=\"og:image:width\" content=\"700\" \/>\n\t<meta property=\"og:image:height\" content=\"450\" \/>\n\t<meta property=\"og:image:type\" content=\"image\/webp\" \/>\n<meta name=\"author\" content=\"manuka\" \/>\n<meta name=\"twitter:card\" content=\"summary_large_image\" \/>\n<meta name=\"twitter:label1\" content=\"Napisane przez\" \/>\n\t<meta name=\"twitter:data1\" content=\"manuka\" \/>\n\t<meta name=\"twitter:label2\" content=\"Szacowany czas czytania\" \/>\n\t<meta name=\"twitter:data2\" content=\"3 minuty\" \/>\n<script type=\"application\/ld+json\" class=\"yoast-schema-graph\">{\"@context\":\"https:\/\/schema.org\",\"@graph\":[{\"@type\":\"WebPage\",\"@id\":\"https:\/\/embangola.pl\/?p=2347\",\"url\":\"https:\/\/embangola.pl\/?p=2347\",\"name\":\"III edi\u00e7\u00e3o da Bienal de Luanda marca notici\u00e1rio pol\u00edtico\u00a0 - Embaixada da Rep\u00fablica de Angola na Pol\u00f3nia, Let\u00f3nia, Est\u00f3nia e Litu\u00e2nia\",\"isPartOf\":{\"@id\":\"https:\/\/embangola.pl\/#website\"},\"datePublished\":\"2023-11-14T21:59:58+00:00\",\"dateModified\":\"2023-11-26T22:19:23+00:00\",\"author\":{\"@id\":\"https:\/\/embangola.pl\/#\/schema\/person\/4ba173826306d1b1b16922873bc40a54\"},\"breadcrumb\":{\"@id\":\"https:\/\/embangola.pl\/?p=2347#breadcrumb\"},\"inLanguage\":\"pl-PL\",\"potentialAction\":[{\"@type\":\"ReadAction\",\"target\":[\"https:\/\/embangola.pl\/?p=2347\"]}]},{\"@type\":\"BreadcrumbList\",\"@id\":\"https:\/\/embangola.pl\/?p=2347#breadcrumb\",\"itemListElement\":[{\"@type\":\"ListItem\",\"position\":1,\"name\":\"Strona g\u0142\u00f3wna\",\"item\":\"https:\/\/embangola.pl\/\"},{\"@type\":\"ListItem\",\"position\":2,\"name\":\"III edi\u00e7\u00e3o da Bienal de Luanda marca notici\u00e1rio pol\u00edtico\u00a0\"}]},{\"@type\":\"WebSite\",\"@id\":\"https:\/\/embangola.pl\/#website\",\"url\":\"https:\/\/embangola.pl\/\",\"name\":\"Embaixada da Rep\u00fablica de Angola na Pol\u00f3nia, Let\u00f3nia, Est\u00f3nia e Litu\u00e2nia\",\"description\":\"\",\"potentialAction\":[{\"@type\":\"SearchAction\",\"target\":{\"@type\":\"EntryPoint\",\"urlTemplate\":\"https:\/\/embangola.pl\/?s={search_term_string}\"},\"query-input\":\"required name=search_term_string\"}],\"inLanguage\":\"pl-PL\"},{\"@type\":\"Person\",\"@id\":\"https:\/\/embangola.pl\/#\/schema\/person\/4ba173826306d1b1b16922873bc40a54\",\"name\":\"manuka\",\"image\":{\"@type\":\"ImageObject\",\"inLanguage\":\"pl-PL\",\"@id\":\"https:\/\/embangola.pl\/#\/schema\/person\/image\/\",\"url\":\"https:\/\/secure.gravatar.com\/avatar\/39cd7ca736d2ea9852310febbc62e5b9a16ba7de5a8743bd6c83df4054fad5a7?s=96&d=mm&r=g\",\"contentUrl\":\"https:\/\/secure.gravatar.com\/avatar\/39cd7ca736d2ea9852310febbc62e5b9a16ba7de5a8743bd6c83df4054fad5a7?s=96&d=mm&r=g\",\"caption\":\"manuka\"},\"sameAs\":[\"https:\/\/embangola.pl\"],\"url\":\"https:\/\/embangola.pl\/?author=1\"}]}<\/script>\n<!-- \/ Yoast SEO plugin. -->","yoast_head_json":{"title":"III edi\u00e7\u00e3o da Bienal de Luanda marca notici\u00e1rio pol\u00edtico\u00a0 - Embaixada da Rep\u00fablica de Angola na Pol\u00f3nia, Let\u00f3nia, Est\u00f3nia e Litu\u00e2nia","robots":{"index":"index","follow":"follow","max-snippet":"max-snippet:-1","max-image-preview":"max-image-preview:large","max-video-preview":"max-video-preview:-1"},"canonical":"https:\/\/embangola.pl\/?p=2347","og_locale":"pl_PL","og_type":"article","og_title":"III edi\u00e7\u00e3o da Bienal de Luanda marca notici\u00e1rio pol\u00edtico\u00a0 - Embaixada da Rep\u00fablica de Angola na Pol\u00f3nia, Let\u00f3nia, Est\u00f3nia e Litu\u00e2nia","og_description":"Luanda &#8211; A III edi\u00e7\u00e3o do F\u00f3rum Pan-africano para a cultura da Paz, realizada em Luanda, com uma agenda essencialmente consagrada \u00e0 resolu\u00e7\u00e3o pac\u00edfica de conflitos, marcou o notici\u00e1rio pol\u00edtico da semana. Tamb\u00e9m conhecido como Bienal de Luanda, o F\u00f3rum \u00e9 um encontro bianual de apoio ao Movimento Pan-Africano para a Cultura da Paz e [&hellip;]","og_url":"https:\/\/embangola.pl\/?p=2347","og_site_name":"Embaixada da Rep\u00fablica de Angola na Pol\u00f3nia, Let\u00f3nia, Est\u00f3nia e Litu\u00e2nia","article_published_time":"2023-11-14T21:59:58+00:00","article_modified_time":"2023-11-26T22:19:23+00:00","og_image":[{"width":700,"height":450,"url":"https:\/\/embangola.pl\/wp-content\/uploads\/2023\/11\/Bienal-.webp","type":"image\/webp"}],"author":"manuka","twitter_card":"summary_large_image","twitter_misc":{"Napisane przez":"manuka","Szacowany czas czytania":"3 minuty"},"schema":{"@context":"https:\/\/schema.org","@graph":[{"@type":"WebPage","@id":"https:\/\/embangola.pl\/?p=2347","url":"https:\/\/embangola.pl\/?p=2347","name":"III edi\u00e7\u00e3o da Bienal de Luanda marca notici\u00e1rio pol\u00edtico\u00a0 - Embaixada da Rep\u00fablica de Angola na Pol\u00f3nia, Let\u00f3nia, Est\u00f3nia e Litu\u00e2nia","isPartOf":{"@id":"https:\/\/embangola.pl\/#website"},"datePublished":"2023-11-14T21:59:58+00:00","dateModified":"2023-11-26T22:19:23+00:00","author":{"@id":"https:\/\/embangola.pl\/#\/schema\/person\/4ba173826306d1b1b16922873bc40a54"},"breadcrumb":{"@id":"https:\/\/embangola.pl\/?p=2347#breadcrumb"},"inLanguage":"pl-PL","potentialAction":[{"@type":"ReadAction","target":["https:\/\/embangola.pl\/?p=2347"]}]},{"@type":"BreadcrumbList","@id":"https:\/\/embangola.pl\/?p=2347#breadcrumb","itemListElement":[{"@type":"ListItem","position":1,"name":"Strona g\u0142\u00f3wna","item":"https:\/\/embangola.pl\/"},{"@type":"ListItem","position":2,"name":"III edi\u00e7\u00e3o da Bienal de Luanda marca notici\u00e1rio pol\u00edtico\u00a0"}]},{"@type":"WebSite","@id":"https:\/\/embangola.pl\/#website","url":"https:\/\/embangola.pl\/","name":"Embaixada da Rep\u00fablica de Angola na Pol\u00f3nia, Let\u00f3nia, Est\u00f3nia e Litu\u00e2nia","description":"","potentialAction":[{"@type":"SearchAction","target":{"@type":"EntryPoint","urlTemplate":"https:\/\/embangola.pl\/?s={search_term_string}"},"query-input":"required name=search_term_string"}],"inLanguage":"pl-PL"},{"@type":"Person","@id":"https:\/\/embangola.pl\/#\/schema\/person\/4ba173826306d1b1b16922873bc40a54","name":"manuka","image":{"@type":"ImageObject","inLanguage":"pl-PL","@id":"https:\/\/embangola.pl\/#\/schema\/person\/image\/","url":"https:\/\/secure.gravatar.com\/avatar\/39cd7ca736d2ea9852310febbc62e5b9a16ba7de5a8743bd6c83df4054fad5a7?s=96&d=mm&r=g","contentUrl":"https:\/\/secure.gravatar.com\/avatar\/39cd7ca736d2ea9852310febbc62e5b9a16ba7de5a8743bd6c83df4054fad5a7?s=96&d=mm&r=g","caption":"manuka"},"sameAs":["https:\/\/embangola.pl"],"url":"https:\/\/embangola.pl\/?author=1"}]}},"_links":{"self":[{"href":"https:\/\/embangola.pl\/index.php?rest_route=\/wp\/v2\/posts\/2347","targetHints":{"allow":["GET"]}}],"collection":[{"href":"https:\/\/embangola.pl\/index.php?rest_route=\/wp\/v2\/posts"}],"about":[{"href":"https:\/\/embangola.pl\/index.php?rest_route=\/wp\/v2\/types\/post"}],"author":[{"embeddable":true,"href":"https:\/\/embangola.pl\/index.php?rest_route=\/wp\/v2\/users\/1"}],"replies":[{"embeddable":true,"href":"https:\/\/embangola.pl\/index.php?rest_route=%2Fwp%2Fv2%2Fcomments&post=2347"}],"version-history":[{"count":2,"href":"https:\/\/embangola.pl\/index.php?rest_route=\/wp\/v2\/posts\/2347\/revisions"}],"predecessor-version":[{"id":2352,"href":"https:\/\/embangola.pl\/index.php?rest_route=\/wp\/v2\/posts\/2347\/revisions\/2352"}],"wp:featuredmedia":[{"embeddable":true,"href":"https:\/\/embangola.pl\/index.php?rest_route=\/wp\/v2\/media\/2348"}],"wp:attachment":[{"href":"https:\/\/embangola.pl\/index.php?rest_route=%2Fwp%2Fv2%2Fmedia&parent=2347"}],"wp:term":[{"taxonomy":"category","embeddable":true,"href":"https:\/\/embangola.pl\/index.php?rest_route=%2Fwp%2Fv2%2Fcategories&post=2347"},{"taxonomy":"post_tag","embeddable":true,"href":"https:\/\/embangola.pl\/index.php?rest_route=%2Fwp%2Fv2%2Ftags&post=2347"}],"curies":[{"name":"wp","href":"https:\/\/api.w.org\/{rel}","templated":true}]}}