{"id":1911,"date":"2023-10-09T13:05:23","date_gmt":"2023-10-09T11:05:23","guid":{"rendered":"https:\/\/embangola.pl\/?p=1911"},"modified":"2023-10-09T13:06:09","modified_gmt":"2023-10-09T11:06:09","slug":"o-embaixador-da-republica-de-angola-na-polonia-visita-a-regiao-da-silesia","status":"publish","type":"post","link":"https:\/\/embangola.pl\/?p=1911","title":{"rendered":"O Embaixador da Rep\u00fablica de Angola na Pol\u00f3nia visita a regi\u00e3o da Sil\u00e9sia."},"content":{"rendered":"\n<figure class=\"wp-block-image size-large is-resized\"><img loading=\"lazy\" decoding=\"async\" src=\"https:\/\/embangola.pl\/wp-content\/uploads\/2023\/10\/Fotos-dos-Embaixadores-1024x739.jpg\" alt=\"\" class=\"wp-image-1912\" style=\"width:1237px;height:893px\" width=\"1237\" height=\"893\"\/><\/figure>\n\n\n\n<p class=\"has-medium-font-size\">O Embaixador da Rep\u00fablica de Angola na Pol\u00f3nia, Sr. Manuel Pedro Chaves, acompanhado dos seus hom\u00f3logos visitou durante tr\u00eas dias a regi\u00e3o&nbsp;&nbsp;da Sil\u00e9sia sita no sudoeste da Rep\u00fablica da Pol\u00f3nia.<\/p>\n\n\n\n<p class=\"has-medium-font-size\">Uma visita que foi organizada pelo Minist\u00e9rio dos Neg\u00f3cios Estrangeiros da Rep\u00fablica da Pol\u00f3nia e conduzida pelo Secret\u00e1rio de Estado do Minist\u00e9rio dos Neg\u00f3cios Estrangeiros o Sr. Pawel Jablonski teve como objectivo o establecimento de rela\u00e7\u00f5es econ\u00f3micas e&nbsp;culturais.<\/p>\n\n\n\n<p class=\"has-medium-font-size\">Durante a visita o Senhor Embaixador teve a ocasi\u00e3o de visitar as empresas: Marco Ltd, &nbsp;Eko-Okna Ltd, bem como a mina Guido em Zabrze, onde teve a oportunidade de conhecer o potencial econ\u00f3mico da regi\u00e3o.<\/p>\n\n\n\n<p class=\"has-medium-font-size\">Esta actividade enquadra-se nas actividades desenvolvidas pelo Minist\u00e9rio dos Neg\u00f3cios Estrangeiros da Pol\u00f3nia, tendo convidado 20 representa\u00e7\u00f5es diplom\u00e1ticas acreditadas neste Pa\u00eds.&nbsp;<\/p>\n","protected":false},"excerpt":{"rendered":"<p>O Embaixador da Rep\u00fablica de Angola na Pol\u00f3nia, Sr. Manuel Pedro Chaves, acompanhado dos seus hom\u00f3logos visitou durante tr\u00eas dias a regi\u00e3o&nbsp;&nbsp;da Sil\u00e9sia sita no sudoeste da Rep\u00fablica da Pol\u00f3nia. Uma visita que foi organizada pelo Minist\u00e9rio dos Neg\u00f3cios Estrangeiros da Rep\u00fablica da Pol\u00f3nia e conduzida pelo Secret\u00e1rio de Estado do Minist\u00e9rio dos Neg\u00f3cios Estrangeiros [&hellip;]<\/p>\n","protected":false},"author":1,"featured_media":1912,"comment_status":"open","ping_status":"open","sticky":false,"template":"","format":"standard","meta":{"inline_featured_image":false,"footnotes":""},"categories":[40],"tags":[],"class_list":["post-1911","post","type-post","status-publish","format-standard","has-post-thumbnail","hentry","category-actualidade"],"acf":[],"yoast_head":"<!-- This site is optimized with the Yoast SEO plugin v19.6.1 - https:\/\/yoast.com\/wordpress\/plugins\/seo\/ -->\n<title>O Embaixador da Rep\u00fablica de Angola na Pol\u00f3nia visita a regi\u00e3o da Sil\u00e9sia. - Embaixada da Rep\u00fablica de Angola na Pol\u00f3nia, Let\u00f3nia, Est\u00f3nia e Litu\u00e2nia<\/title>\n<meta name=\"robots\" content=\"index, follow, max-snippet:-1, max-image-preview:large, max-video-preview:-1\" \/>\n<link rel=\"canonical\" href=\"https:\/\/embangola.pl\/?p=1911\" \/>\n<meta property=\"og:locale\" content=\"pl_PL\" \/>\n<meta property=\"og:type\" content=\"article\" \/>\n<meta property=\"og:title\" content=\"O Embaixador da Rep\u00fablica de Angola na Pol\u00f3nia visita a regi\u00e3o da Sil\u00e9sia. - Embaixada da Rep\u00fablica de Angola na Pol\u00f3nia, Let\u00f3nia, Est\u00f3nia e Litu\u00e2nia\" \/>\n<meta property=\"og:description\" content=\"O Embaixador da Rep\u00fablica de Angola na Pol\u00f3nia, Sr. Manuel Pedro Chaves, acompanhado dos seus hom\u00f3logos visitou durante tr\u00eas dias a regi\u00e3o&nbsp;&nbsp;da Sil\u00e9sia sita no sudoeste da Rep\u00fablica da Pol\u00f3nia. Uma visita que foi organizada pelo Minist\u00e9rio dos Neg\u00f3cios Estrangeiros da Rep\u00fablica da Pol\u00f3nia e conduzida pelo Secret\u00e1rio de Estado do Minist\u00e9rio dos Neg\u00f3cios Estrangeiros [&hellip;]\" \/>\n<meta property=\"og:url\" content=\"https:\/\/embangola.pl\/?p=1911\" \/>\n<meta property=\"og:site_name\" content=\"Embaixada da Rep\u00fablica de Angola na Pol\u00f3nia, Let\u00f3nia, Est\u00f3nia e Litu\u00e2nia\" \/>\n<meta property=\"article:published_time\" content=\"2023-10-09T11:05:23+00:00\" \/>\n<meta property=\"article:modified_time\" content=\"2023-10-09T11:06:09+00:00\" \/>\n<meta property=\"og:image\" content=\"https:\/\/embangola.pl\/wp-content\/uploads\/2023\/10\/Fotos-dos-Embaixadores-e1697060237346.jpg\" \/>\n\t<meta property=\"og:image:width\" content=\"2072\" \/>\n\t<meta property=\"og:image:height\" content=\"1495\" \/>\n\t<meta property=\"og:image:type\" content=\"image\/jpeg\" \/>\n<meta name=\"author\" content=\"manuka\" \/>\n<meta name=\"twitter:card\" content=\"summary_large_image\" \/>\n<meta name=\"twitter:label1\" content=\"Napisane przez\" \/>\n\t<meta name=\"twitter:data1\" content=\"manuka\" \/>\n\t<meta name=\"twitter:label2\" content=\"Szacowany czas czytania\" \/>\n\t<meta name=\"twitter:data2\" content=\"1 minuta\" \/>\n<script type=\"application\/ld+json\" class=\"yoast-schema-graph\">{\"@context\":\"https:\/\/schema.org\",\"@graph\":[{\"@type\":\"WebPage\",\"@id\":\"https:\/\/embangola.pl\/?p=1911\",\"url\":\"https:\/\/embangola.pl\/?p=1911\",\"name\":\"O Embaixador da Rep\u00fablica de Angola na Pol\u00f3nia visita a regi\u00e3o da Sil\u00e9sia. - Embaixada da Rep\u00fablica de Angola na Pol\u00f3nia, Let\u00f3nia, Est\u00f3nia e Litu\u00e2nia\",\"isPartOf\":{\"@id\":\"https:\/\/embangola.pl\/#website\"},\"datePublished\":\"2023-10-09T11:05:23+00:00\",\"dateModified\":\"2023-10-09T11:06:09+00:00\",\"author\":{\"@id\":\"https:\/\/embangola.pl\/#\/schema\/person\/4ba173826306d1b1b16922873bc40a54\"},\"breadcrumb\":{\"@id\":\"https:\/\/embangola.pl\/?p=1911#breadcrumb\"},\"inLanguage\":\"pl-PL\",\"potentialAction\":[{\"@type\":\"ReadAction\",\"target\":[\"https:\/\/embangola.pl\/?p=1911\"]}]},{\"@type\":\"BreadcrumbList\",\"@id\":\"https:\/\/embangola.pl\/?p=1911#breadcrumb\",\"itemListElement\":[{\"@type\":\"ListItem\",\"position\":1,\"name\":\"Strona g\u0142\u00f3wna\",\"item\":\"https:\/\/embangola.pl\/\"},{\"@type\":\"ListItem\",\"position\":2,\"name\":\"O Embaixador da Rep\u00fablica de Angola na Pol\u00f3nia visita a regi\u00e3o da Sil\u00e9sia.\"}]},{\"@type\":\"WebSite\",\"@id\":\"https:\/\/embangola.pl\/#website\",\"url\":\"https:\/\/embangola.pl\/\",\"name\":\"Embaixada da Rep\u00fablica de Angola na Pol\u00f3nia, Let\u00f3nia, Est\u00f3nia e Litu\u00e2nia\",\"description\":\"\",\"potentialAction\":[{\"@type\":\"SearchAction\",\"target\":{\"@type\":\"EntryPoint\",\"urlTemplate\":\"https:\/\/embangola.pl\/?s={search_term_string}\"},\"query-input\":\"required name=search_term_string\"}],\"inLanguage\":\"pl-PL\"},{\"@type\":\"Person\",\"@id\":\"https:\/\/embangola.pl\/#\/schema\/person\/4ba173826306d1b1b16922873bc40a54\",\"name\":\"manuka\",\"image\":{\"@type\":\"ImageObject\",\"inLanguage\":\"pl-PL\",\"@id\":\"https:\/\/embangola.pl\/#\/schema\/person\/image\/\",\"url\":\"https:\/\/secure.gravatar.com\/avatar\/39cd7ca736d2ea9852310febbc62e5b9a16ba7de5a8743bd6c83df4054fad5a7?s=96&d=mm&r=g\",\"contentUrl\":\"https:\/\/secure.gravatar.com\/avatar\/39cd7ca736d2ea9852310febbc62e5b9a16ba7de5a8743bd6c83df4054fad5a7?s=96&d=mm&r=g\",\"caption\":\"manuka\"},\"sameAs\":[\"https:\/\/embangola.pl\"],\"url\":\"https:\/\/embangola.pl\/?author=1\"}]}<\/script>\n<!-- \/ Yoast SEO plugin. -->","yoast_head_json":{"title":"O Embaixador da Rep\u00fablica de Angola na Pol\u00f3nia visita a regi\u00e3o da Sil\u00e9sia. - Embaixada da Rep\u00fablica de Angola na Pol\u00f3nia, Let\u00f3nia, Est\u00f3nia e Litu\u00e2nia","robots":{"index":"index","follow":"follow","max-snippet":"max-snippet:-1","max-image-preview":"max-image-preview:large","max-video-preview":"max-video-preview:-1"},"canonical":"https:\/\/embangola.pl\/?p=1911","og_locale":"pl_PL","og_type":"article","og_title":"O Embaixador da Rep\u00fablica de Angola na Pol\u00f3nia visita a regi\u00e3o da Sil\u00e9sia. - Embaixada da Rep\u00fablica de Angola na Pol\u00f3nia, Let\u00f3nia, Est\u00f3nia e Litu\u00e2nia","og_description":"O Embaixador da Rep\u00fablica de Angola na Pol\u00f3nia, Sr. Manuel Pedro Chaves, acompanhado dos seus hom\u00f3logos visitou durante tr\u00eas dias a regi\u00e3o&nbsp;&nbsp;da Sil\u00e9sia sita no sudoeste da Rep\u00fablica da Pol\u00f3nia. Uma visita que foi organizada pelo Minist\u00e9rio dos Neg\u00f3cios Estrangeiros da Rep\u00fablica da Pol\u00f3nia e conduzida pelo Secret\u00e1rio de Estado do Minist\u00e9rio dos Neg\u00f3cios Estrangeiros [&hellip;]","og_url":"https:\/\/embangola.pl\/?p=1911","og_site_name":"Embaixada da Rep\u00fablica de Angola na Pol\u00f3nia, Let\u00f3nia, Est\u00f3nia e Litu\u00e2nia","article_published_time":"2023-10-09T11:05:23+00:00","article_modified_time":"2023-10-09T11:06:09+00:00","og_image":[{"width":2072,"height":1495,"url":"https:\/\/embangola.pl\/wp-content\/uploads\/2023\/10\/Fotos-dos-Embaixadores-e1697060237346.jpg","type":"image\/jpeg"}],"author":"manuka","twitter_card":"summary_large_image","twitter_misc":{"Napisane przez":"manuka","Szacowany czas czytania":"1 minuta"},"schema":{"@context":"https:\/\/schema.org","@graph":[{"@type":"WebPage","@id":"https:\/\/embangola.pl\/?p=1911","url":"https:\/\/embangola.pl\/?p=1911","name":"O Embaixador da Rep\u00fablica de Angola na Pol\u00f3nia visita a regi\u00e3o da Sil\u00e9sia. - Embaixada da Rep\u00fablica de Angola na Pol\u00f3nia, Let\u00f3nia, Est\u00f3nia e Litu\u00e2nia","isPartOf":{"@id":"https:\/\/embangola.pl\/#website"},"datePublished":"2023-10-09T11:05:23+00:00","dateModified":"2023-10-09T11:06:09+00:00","author":{"@id":"https:\/\/embangola.pl\/#\/schema\/person\/4ba173826306d1b1b16922873bc40a54"},"breadcrumb":{"@id":"https:\/\/embangola.pl\/?p=1911#breadcrumb"},"inLanguage":"pl-PL","potentialAction":[{"@type":"ReadAction","target":["https:\/\/embangola.pl\/?p=1911"]}]},{"@type":"BreadcrumbList","@id":"https:\/\/embangola.pl\/?p=1911#breadcrumb","itemListElement":[{"@type":"ListItem","position":1,"name":"Strona g\u0142\u00f3wna","item":"https:\/\/embangola.pl\/"},{"@type":"ListItem","position":2,"name":"O Embaixador da Rep\u00fablica de Angola na Pol\u00f3nia visita a regi\u00e3o da Sil\u00e9sia."}]},{"@type":"WebSite","@id":"https:\/\/embangola.pl\/#website","url":"https:\/\/embangola.pl\/","name":"Embaixada da Rep\u00fablica de Angola na Pol\u00f3nia, Let\u00f3nia, Est\u00f3nia e Litu\u00e2nia","description":"","potentialAction":[{"@type":"SearchAction","target":{"@type":"EntryPoint","urlTemplate":"https:\/\/embangola.pl\/?s={search_term_string}"},"query-input":"required name=search_term_string"}],"inLanguage":"pl-PL"},{"@type":"Person","@id":"https:\/\/embangola.pl\/#\/schema\/person\/4ba173826306d1b1b16922873bc40a54","name":"manuka","image":{"@type":"ImageObject","inLanguage":"pl-PL","@id":"https:\/\/embangola.pl\/#\/schema\/person\/image\/","url":"https:\/\/secure.gravatar.com\/avatar\/39cd7ca736d2ea9852310febbc62e5b9a16ba7de5a8743bd6c83df4054fad5a7?s=96&d=mm&r=g","contentUrl":"https:\/\/secure.gravatar.com\/avatar\/39cd7ca736d2ea9852310febbc62e5b9a16ba7de5a8743bd6c83df4054fad5a7?s=96&d=mm&r=g","caption":"manuka"},"sameAs":["https:\/\/embangola.pl"],"url":"https:\/\/embangola.pl\/?author=1"}]}},"_links":{"self":[{"href":"https:\/\/embangola.pl\/index.php?rest_route=\/wp\/v2\/posts\/1911","targetHints":{"allow":["GET"]}}],"collection":[{"href":"https:\/\/embangola.pl\/index.php?rest_route=\/wp\/v2\/posts"}],"about":[{"href":"https:\/\/embangola.pl\/index.php?rest_route=\/wp\/v2\/types\/post"}],"author":[{"embeddable":true,"href":"https:\/\/embangola.pl\/index.php?rest_route=\/wp\/v2\/users\/1"}],"replies":[{"embeddable":true,"href":"https:\/\/embangola.pl\/index.php?rest_route=%2Fwp%2Fv2%2Fcomments&post=1911"}],"version-history":[{"count":2,"href":"https:\/\/embangola.pl\/index.php?rest_route=\/wp\/v2\/posts\/1911\/revisions"}],"predecessor-version":[{"id":1914,"href":"https:\/\/embangola.pl\/index.php?rest_route=\/wp\/v2\/posts\/1911\/revisions\/1914"}],"wp:featuredmedia":[{"embeddable":true,"href":"https:\/\/embangola.pl\/index.php?rest_route=\/wp\/v2\/media\/1912"}],"wp:attachment":[{"href":"https:\/\/embangola.pl\/index.php?rest_route=%2Fwp%2Fv2%2Fmedia&parent=1911"}],"wp:term":[{"taxonomy":"category","embeddable":true,"href":"https:\/\/embangola.pl\/index.php?rest_route=%2Fwp%2Fv2%2Fcategories&post=1911"},{"taxonomy":"post_tag","embeddable":true,"href":"https:\/\/embangola.pl\/index.php?rest_route=%2Fwp%2Fv2%2Ftags&post=1911"}],"curies":[{"name":"wp","href":"https:\/\/api.w.org\/{rel}","templated":true}]}}