{"id":1832,"date":"2023-09-17T14:37:11","date_gmt":"2023-09-17T12:37:11","guid":{"rendered":"https:\/\/embangola.pl\/?p=1832"},"modified":"2023-10-08T18:13:33","modified_gmt":"2023-10-08T16:13:33","slug":"mensagem-de-s-excelencia-sr-embaixador-da-republica-de-angola-na-polonia-manuel-pedro-chaves-em-alusao-ao-dia-17-de-setembro-de-2023","status":"publish","type":"post","link":"https:\/\/embangola.pl\/?p=1832","title":{"rendered":"Mensagem do SE Sr. Embaixador da Rep\u00fablica de Angola na Pol\u00f3nia, em alus\u00e3o ao dia 17 de Setembro de 2023"},"content":{"rendered":"\n<p class=\"has-medium-font-size\"><\/p>\n\n\n\n<div class=\"wp-block-columns is-layout-flex wp-container-core-columns-is-layout-28f84493 wp-block-columns-is-layout-flex\">\n<div class=\"wp-block-column is-layout-flow wp-block-column-is-layout-flow\">\n<p class=\"has-medium-font-size\">Melhores cumprimentos.<\/p>\n\n\n\n<p class=\"has-medium-font-size\">Caras e caros compatriotas,<\/p>\n\n\n\n<p class=\"has-medium-font-size\">Angolanas e angolanos,<\/p>\n\n\n\n<p class=\"has-medium-font-size\">Por ocasi\u00e3o de mais um anivers\u00e1rio natal\u00edcio do Guia Fundador da Na\u00e7\u00e3o angolana e Her\u00f3i Nacional, que se celebra no dia 17 de Setembro, \u00e9 com a mais elevada honra que me dirijo \u00e0 toda a comunidade angolana residente na Pol\u00f3nia, no \u00e2mbito de mais uma data comemorativa do pa\u00eds.<\/p>\n\n\n\n<p class=\"has-medium-font-size\">Angola celebra mais um anivers\u00e1rio do guia da sua funda\u00e7\u00e3o, pois foi precisamente h\u00e1 101 anos que veio ao mundo na aldeia de Kaxicane, a figura indel\u00e9vel e carism\u00e1tica do Dr. Ant\u00f3nio Agostinho Neto, que soube interpretar os anseios do Povo angolano, liderou o processo de liberta\u00e7\u00e3o do colonialismo e proclamou a independ\u00eancia nacional em 11 de Novembro de 1975.&nbsp;<\/p>\n\n\n\n<p class=\"has-medium-font-size\">O dia 17 de Setembro \u00e9 uma data especial para todo o povo angolano, porque assinala o dia do Fundador da Na\u00e7\u00e3o e do Her\u00f3i Nacional. \u00c9 a data em que nos lembramos com efusiva alegria e encanto da figura do Dr. Agostinho Neto, primeiro Presidente da Rep\u00fablica de Ango<strong>la.<\/strong><\/p>\n\n\n\n<p class=\"has-medium-font-size\">\u00c9 data t\u00e3o especial porque nos concentra todos perante os ensinamentos de Neto, sua obra e exemplo como humanista, poeta, m\u00e9dico e pol\u00edtico. \u00c9 o grande guia imortal e constitui uma importante refer\u00eancia hist\u00f3rica do pa\u00eds, e em particular para os jovens angolanos, que t\u00eam nele uma verdadeira fonte de inspira\u00e7\u00e3o para enfrentar os desafios actuais.<\/p>\n\n\n\n<p class=\"has-medium-font-size\">Nesta momento de particular confian\u00e7a do estado angolano, sempre firme no crescimento e desenvolvimento do pa\u00eds, a Embaixada de Angola na Pol\u00f3nia reafirma o compromisso vincado nos valores mais nobres do fundador da na\u00e7\u00e3o, para sedimentar os la\u00e7os de irmandade e solidariedade com todos os cidad\u00e3os, no grande prop\u00f3sito de fazer de Angola o lugar mais feliz, sempre fieis aos seus ensinamentos consagradas na m\u00e1xima <\/p>\n\n\n\n<p class=\"has-medium-font-size\"><em>\u201cO MAIS IMPORTANTE \u00c9 RESOLVER OS PROBLEMAS DO POVO\u201d.<\/em><\/p>\n\n\n\n<h2 class=\"wp-block-heading has-medium-font-size\" style=\"font-weight:400\">Honra e Gl\u00f3ria aos nossos Her\u00f3is.<\/h2>\n\n\n\n<p class=\"has-medium-font-size\">Vars\u00f3via, aos 18 de Setembro de 2023<strong>.<\/strong><\/p>\n<\/div>\n\n\n\n<div class=\"wp-block-column is-vertically-aligned-center is-layout-flow wp-block-column-is-layout-flow\">\n<figure class=\"wp-block-image size-full is-resized\"><img loading=\"lazy\" decoding=\"async\" src=\"https:\/\/embangola.pl\/wp-content\/uploads\/2023\/09\/image.png\" alt=\"\" class=\"wp-image-1839\" style=\"width:586px;height:642px\" width=\"586\" height=\"642\" srcset=\"https:\/\/embangola.pl\/wp-content\/uploads\/2023\/09\/image.png 933w, https:\/\/embangola.pl\/wp-content\/uploads\/2023\/09\/image-273x300.png 273w, https:\/\/embangola.pl\/wp-content\/uploads\/2023\/09\/image-768x843.png 768w\" sizes=\"auto, (max-width: 586px) 100vw, 586px\" \/><\/figure>\n<\/div>\n<\/div>\n\n\n\n<p><\/p>\n\n\n\n<p><\/p>\n","protected":false},"excerpt":{"rendered":"<p>Melhores cumprimentos. Caras e caros compatriotas, Angolanas e angolanos, Por ocasi\u00e3o de mais um anivers\u00e1rio natal\u00edcio do Guia Fundador da Na\u00e7\u00e3o angolana e Her\u00f3i Nacional, que se celebra no dia 17 de Setembro, \u00e9 com a mais elevada honra que me dirijo \u00e0 toda a comunidade angolana residente na Pol\u00f3nia, no \u00e2mbito de mais uma [&hellip;]<\/p>\n","protected":false},"author":1,"featured_media":1872,"comment_status":"closed","ping_status":"closed","sticky":false,"template":"","format":"standard","meta":{"inline_featured_image":false,"footnotes":""},"categories":[40],"tags":[],"class_list":["post-1832","post","type-post","status-publish","format-standard","has-post-thumbnail","hentry","category-actualidade"],"acf":[],"yoast_head":"<!-- This site is optimized with the Yoast SEO plugin v19.6.1 - https:\/\/yoast.com\/wordpress\/plugins\/seo\/ -->\n<title>Mensagem do SE Sr. Embaixador da Rep\u00fablica de Angola na Pol\u00f3nia, em alus\u00e3o ao dia 17 de Setembro de 2023 - Embaixada da Rep\u00fablica de Angola na Pol\u00f3nia, Let\u00f3nia, Est\u00f3nia e Litu\u00e2nia<\/title>\n<meta name=\"robots\" content=\"index, follow, max-snippet:-1, max-image-preview:large, max-video-preview:-1\" \/>\n<link rel=\"canonical\" href=\"https:\/\/embangola.pl\/?p=1832\" \/>\n<meta property=\"og:locale\" content=\"pl_PL\" \/>\n<meta property=\"og:type\" content=\"article\" \/>\n<meta property=\"og:title\" content=\"Mensagem do SE Sr. Embaixador da Rep\u00fablica de Angola na Pol\u00f3nia, em alus\u00e3o ao dia 17 de Setembro de 2023 - Embaixada da Rep\u00fablica de Angola na Pol\u00f3nia, Let\u00f3nia, Est\u00f3nia e Litu\u00e2nia\" \/>\n<meta property=\"og:description\" content=\"Melhores cumprimentos. Caras e caros compatriotas, Angolanas e angolanos, Por ocasi\u00e3o de mais um anivers\u00e1rio natal\u00edcio do Guia Fundador da Na\u00e7\u00e3o angolana e Her\u00f3i Nacional, que se celebra no dia 17 de Setembro, \u00e9 com a mais elevada honra que me dirijo \u00e0 toda a comunidade angolana residente na Pol\u00f3nia, no \u00e2mbito de mais uma [&hellip;]\" \/>\n<meta property=\"og:url\" content=\"https:\/\/embangola.pl\/?p=1832\" \/>\n<meta property=\"og:site_name\" content=\"Embaixada da Rep\u00fablica de Angola na Pol\u00f3nia, Let\u00f3nia, Est\u00f3nia e Litu\u00e2nia\" \/>\n<meta property=\"article:published_time\" content=\"2023-09-17T12:37:11+00:00\" \/>\n<meta property=\"article:modified_time\" content=\"2023-10-08T16:13:33+00:00\" \/>\n<meta property=\"og:image\" content=\"https:\/\/embangola.pl\/wp-content\/uploads\/2023\/09\/Presidente-Agostinho_neto.jpg\" \/>\n\t<meta property=\"og:image:width\" content=\"465\" \/>\n\t<meta property=\"og:image:height\" content=\"345\" \/>\n\t<meta property=\"og:image:type\" content=\"image\/jpeg\" \/>\n<meta name=\"author\" content=\"manuka\" \/>\n<meta name=\"twitter:card\" content=\"summary_large_image\" \/>\n<meta name=\"twitter:label1\" content=\"Napisane przez\" \/>\n\t<meta name=\"twitter:data1\" content=\"manuka\" \/>\n\t<meta name=\"twitter:label2\" content=\"Szacowany czas czytania\" \/>\n\t<meta name=\"twitter:data2\" content=\"2 minuty\" \/>\n<script type=\"application\/ld+json\" class=\"yoast-schema-graph\">{\"@context\":\"https:\/\/schema.org\",\"@graph\":[{\"@type\":\"WebPage\",\"@id\":\"https:\/\/embangola.pl\/?p=1832\",\"url\":\"https:\/\/embangola.pl\/?p=1832\",\"name\":\"Mensagem do SE Sr. Embaixador da Rep\u00fablica de Angola na Pol\u00f3nia, em alus\u00e3o ao dia 17 de Setembro de 2023 - Embaixada da Rep\u00fablica de Angola na Pol\u00f3nia, Let\u00f3nia, Est\u00f3nia e Litu\u00e2nia\",\"isPartOf\":{\"@id\":\"https:\/\/embangola.pl\/#website\"},\"datePublished\":\"2023-09-17T12:37:11+00:00\",\"dateModified\":\"2023-10-08T16:13:33+00:00\",\"author\":{\"@id\":\"https:\/\/embangola.pl\/#\/schema\/person\/4ba173826306d1b1b16922873bc40a54\"},\"breadcrumb\":{\"@id\":\"https:\/\/embangola.pl\/?p=1832#breadcrumb\"},\"inLanguage\":\"pl-PL\",\"potentialAction\":[{\"@type\":\"ReadAction\",\"target\":[\"https:\/\/embangola.pl\/?p=1832\"]}]},{\"@type\":\"BreadcrumbList\",\"@id\":\"https:\/\/embangola.pl\/?p=1832#breadcrumb\",\"itemListElement\":[{\"@type\":\"ListItem\",\"position\":1,\"name\":\"Strona g\u0142\u00f3wna\",\"item\":\"https:\/\/embangola.pl\/\"},{\"@type\":\"ListItem\",\"position\":2,\"name\":\"Mensagem do SE Sr. Embaixador da Rep\u00fablica de Angola na Pol\u00f3nia, em alus\u00e3o ao dia 17 de Setembro de 2023\"}]},{\"@type\":\"WebSite\",\"@id\":\"https:\/\/embangola.pl\/#website\",\"url\":\"https:\/\/embangola.pl\/\",\"name\":\"Embaixada da Rep\u00fablica de Angola na Pol\u00f3nia, Let\u00f3nia, Est\u00f3nia e Litu\u00e2nia\",\"description\":\"\",\"potentialAction\":[{\"@type\":\"SearchAction\",\"target\":{\"@type\":\"EntryPoint\",\"urlTemplate\":\"https:\/\/embangola.pl\/?s={search_term_string}\"},\"query-input\":\"required name=search_term_string\"}],\"inLanguage\":\"pl-PL\"},{\"@type\":\"Person\",\"@id\":\"https:\/\/embangola.pl\/#\/schema\/person\/4ba173826306d1b1b16922873bc40a54\",\"name\":\"manuka\",\"image\":{\"@type\":\"ImageObject\",\"inLanguage\":\"pl-PL\",\"@id\":\"https:\/\/embangola.pl\/#\/schema\/person\/image\/\",\"url\":\"https:\/\/secure.gravatar.com\/avatar\/39cd7ca736d2ea9852310febbc62e5b9a16ba7de5a8743bd6c83df4054fad5a7?s=96&d=mm&r=g\",\"contentUrl\":\"https:\/\/secure.gravatar.com\/avatar\/39cd7ca736d2ea9852310febbc62e5b9a16ba7de5a8743bd6c83df4054fad5a7?s=96&d=mm&r=g\",\"caption\":\"manuka\"},\"sameAs\":[\"https:\/\/embangola.pl\"],\"url\":\"https:\/\/embangola.pl\/?author=1\"}]}<\/script>\n<!-- \/ Yoast SEO plugin. -->","yoast_head_json":{"title":"Mensagem do SE Sr. Embaixador da Rep\u00fablica de Angola na Pol\u00f3nia, em alus\u00e3o ao dia 17 de Setembro de 2023 - Embaixada da Rep\u00fablica de Angola na Pol\u00f3nia, Let\u00f3nia, Est\u00f3nia e Litu\u00e2nia","robots":{"index":"index","follow":"follow","max-snippet":"max-snippet:-1","max-image-preview":"max-image-preview:large","max-video-preview":"max-video-preview:-1"},"canonical":"https:\/\/embangola.pl\/?p=1832","og_locale":"pl_PL","og_type":"article","og_title":"Mensagem do SE Sr. Embaixador da Rep\u00fablica de Angola na Pol\u00f3nia, em alus\u00e3o ao dia 17 de Setembro de 2023 - Embaixada da Rep\u00fablica de Angola na Pol\u00f3nia, Let\u00f3nia, Est\u00f3nia e Litu\u00e2nia","og_description":"Melhores cumprimentos. Caras e caros compatriotas, Angolanas e angolanos, Por ocasi\u00e3o de mais um anivers\u00e1rio natal\u00edcio do Guia Fundador da Na\u00e7\u00e3o angolana e Her\u00f3i Nacional, que se celebra no dia 17 de Setembro, \u00e9 com a mais elevada honra que me dirijo \u00e0 toda a comunidade angolana residente na Pol\u00f3nia, no \u00e2mbito de mais uma [&hellip;]","og_url":"https:\/\/embangola.pl\/?p=1832","og_site_name":"Embaixada da Rep\u00fablica de Angola na Pol\u00f3nia, Let\u00f3nia, Est\u00f3nia e Litu\u00e2nia","article_published_time":"2023-09-17T12:37:11+00:00","article_modified_time":"2023-10-08T16:13:33+00:00","og_image":[{"width":465,"height":345,"url":"https:\/\/embangola.pl\/wp-content\/uploads\/2023\/09\/Presidente-Agostinho_neto.jpg","type":"image\/jpeg"}],"author":"manuka","twitter_card":"summary_large_image","twitter_misc":{"Napisane przez":"manuka","Szacowany czas czytania":"2 minuty"},"schema":{"@context":"https:\/\/schema.org","@graph":[{"@type":"WebPage","@id":"https:\/\/embangola.pl\/?p=1832","url":"https:\/\/embangola.pl\/?p=1832","name":"Mensagem do SE Sr. Embaixador da Rep\u00fablica de Angola na Pol\u00f3nia, em alus\u00e3o ao dia 17 de Setembro de 2023 - Embaixada da Rep\u00fablica de Angola na Pol\u00f3nia, Let\u00f3nia, Est\u00f3nia e Litu\u00e2nia","isPartOf":{"@id":"https:\/\/embangola.pl\/#website"},"datePublished":"2023-09-17T12:37:11+00:00","dateModified":"2023-10-08T16:13:33+00:00","author":{"@id":"https:\/\/embangola.pl\/#\/schema\/person\/4ba173826306d1b1b16922873bc40a54"},"breadcrumb":{"@id":"https:\/\/embangola.pl\/?p=1832#breadcrumb"},"inLanguage":"pl-PL","potentialAction":[{"@type":"ReadAction","target":["https:\/\/embangola.pl\/?p=1832"]}]},{"@type":"BreadcrumbList","@id":"https:\/\/embangola.pl\/?p=1832#breadcrumb","itemListElement":[{"@type":"ListItem","position":1,"name":"Strona g\u0142\u00f3wna","item":"https:\/\/embangola.pl\/"},{"@type":"ListItem","position":2,"name":"Mensagem do SE Sr. Embaixador da Rep\u00fablica de Angola na Pol\u00f3nia, em alus\u00e3o ao dia 17 de Setembro de 2023"}]},{"@type":"WebSite","@id":"https:\/\/embangola.pl\/#website","url":"https:\/\/embangola.pl\/","name":"Embaixada da Rep\u00fablica de Angola na Pol\u00f3nia, Let\u00f3nia, Est\u00f3nia e Litu\u00e2nia","description":"","potentialAction":[{"@type":"SearchAction","target":{"@type":"EntryPoint","urlTemplate":"https:\/\/embangola.pl\/?s={search_term_string}"},"query-input":"required name=search_term_string"}],"inLanguage":"pl-PL"},{"@type":"Person","@id":"https:\/\/embangola.pl\/#\/schema\/person\/4ba173826306d1b1b16922873bc40a54","name":"manuka","image":{"@type":"ImageObject","inLanguage":"pl-PL","@id":"https:\/\/embangola.pl\/#\/schema\/person\/image\/","url":"https:\/\/secure.gravatar.com\/avatar\/39cd7ca736d2ea9852310febbc62e5b9a16ba7de5a8743bd6c83df4054fad5a7?s=96&d=mm&r=g","contentUrl":"https:\/\/secure.gravatar.com\/avatar\/39cd7ca736d2ea9852310febbc62e5b9a16ba7de5a8743bd6c83df4054fad5a7?s=96&d=mm&r=g","caption":"manuka"},"sameAs":["https:\/\/embangola.pl"],"url":"https:\/\/embangola.pl\/?author=1"}]}},"_links":{"self":[{"href":"https:\/\/embangola.pl\/index.php?rest_route=\/wp\/v2\/posts\/1832","targetHints":{"allow":["GET"]}}],"collection":[{"href":"https:\/\/embangola.pl\/index.php?rest_route=\/wp\/v2\/posts"}],"about":[{"href":"https:\/\/embangola.pl\/index.php?rest_route=\/wp\/v2\/types\/post"}],"author":[{"embeddable":true,"href":"https:\/\/embangola.pl\/index.php?rest_route=\/wp\/v2\/users\/1"}],"replies":[{"embeddable":true,"href":"https:\/\/embangola.pl\/index.php?rest_route=%2Fwp%2Fv2%2Fcomments&post=1832"}],"version-history":[{"count":15,"href":"https:\/\/embangola.pl\/index.php?rest_route=\/wp\/v2\/posts\/1832\/revisions"}],"predecessor-version":[{"id":1859,"href":"https:\/\/embangola.pl\/index.php?rest_route=\/wp\/v2\/posts\/1832\/revisions\/1859"}],"wp:featuredmedia":[{"embeddable":true,"href":"https:\/\/embangola.pl\/index.php?rest_route=\/wp\/v2\/media\/1872"}],"wp:attachment":[{"href":"https:\/\/embangola.pl\/index.php?rest_route=%2Fwp%2Fv2%2Fmedia&parent=1832"}],"wp:term":[{"taxonomy":"category","embeddable":true,"href":"https:\/\/embangola.pl\/index.php?rest_route=%2Fwp%2Fv2%2Fcategories&post=1832"},{"taxonomy":"post_tag","embeddable":true,"href":"https:\/\/embangola.pl\/index.php?rest_route=%2Fwp%2Fv2%2Ftags&post=1832"}],"curies":[{"name":"wp","href":"https:\/\/api.w.org\/{rel}","templated":true}]}}